{"id":6308,"date":"2024-01-22T10:13:34","date_gmt":"2024-01-22T07:13:34","guid":{"rendered":"https:\/\/www.enucuzu.com\/blog\/?p=6308"},"modified":"2024-07-25T12:20:53","modified_gmt":"2024-07-25T09:20:53","slug":"ataturk-heykellerinin-ve-anitlarinin-bulundugu-ulkeler","status":"publish","type":"post","link":"https:\/\/www.enucuzu.com\/blog\/ataturk-heykellerinin-ve-anitlarinin-bulundugu-ulkeler","title":{"rendered":"Atat\u00fcrk\u2019\u00fcn Heykellerinin ve An\u0131tlar\u0131n\u0131n Bulundu\u011fu \u00dclkeler"},"content":{"rendered":"<p>Mustafa Kemal Atat\u00fcrk yapt\u0131klar\u0131 ile hem T\u00fcrk halk\u0131n\u0131n hem de d\u00fcnya halklar\u0131n\u0131n sayg\u0131s\u0131n\u0131 kazanm\u0131\u015f b\u00fcy\u00fck bir liderdir.<\/p>\n<p>Atat\u00fcrk, girdi\u011fi b\u00fct\u00fcn sava\u015flar\u0131 kazanmas\u0131na ve hi\u00e7bir cephede yenilgi almamas\u0131na ra\u011fmen d\u00fc\u015fman kuvvetlerini a\u015fa\u011f\u0131lamam\u0131\u015ft\u0131r. B\u00fct\u00fcn \u00fclkeler, Mustafa Kemal\u2019in tutumlar\u0131 kar\u015f\u0131s\u0131nda ona sayg\u0131 g\u00f6stermi\u015f ve ziyaretine gelmi\u015ftir.<\/p>\n<p>Atat\u00fcrk\u2019\u00fcn se\u00e7im beyannamesinde s\u00f6yledi\u011fi \u201cYurtta Sulh Cihanda Sulh i\u00e7in \u00c7al\u0131\u015f\u0131yoruz\u201d s\u00f6z\u00fc de d\u00fc\u015f\u00fcncelerini yans\u0131tm\u0131\u015ft\u0131r.<\/p>\n<p>Bir\u00e7ok \u00fclkede Atat\u00fcrk heykelleri ve an\u0131tlar\u0131 bulunuyor. Bunun yan\u0131 s\u0131ra Atat\u00fcrk&#8217;\u00fcn ismi d\u00fcnyan\u0131n d\u00f6rt bir yan\u0131ndaki sokaklara ve caddelere de verilmi\u015f durumda.\u00a0Siz de Atat\u00fcrk&#8217;\u00fcn heykellerinin ve an\u0131tlar\u0131n\u0131n bulundu\u011fu \u00fclkeleri gezerken bu an\u0131tlar\u0131 ziyaret edebilirsiniz.<\/p>\n<p>Enucuzu.com ile diledi\u011finiz rota i\u00e7in onlarca farkl\u0131 firmay\u0131 kar\u015f\u0131la\u015ft\u0131rabilir, <a href=\"https:\/\/www.enucuzu.com\/\">en uygun u\u00e7ak bileti<\/a> ve <a href=\"https:\/\/enucuzu.com\/otobus-bileti\/\">en uygun otob\u00fcs bileti<\/a> se\u00e7eneklerine g\u00f6z atabilirsiniz.<\/p>\n<div id=\"ez-toc-container\" class=\"ez-toc-v2_0_73 counter-hierarchy ez-toc-counter ez-toc-custom ez-toc-container-direction\">\n<div class=\"ez-toc-title-container\">\n<p class=\"ez-toc-title\" style=\"cursor:inherit\">\u0130\u00e7indekiler<\/p>\n<span class=\"ez-toc-title-toggle\"><a href=\"#\" class=\"ez-toc-pull-right ez-toc-btn ez-toc-btn-xs ez-toc-btn-default ez-toc-toggle\" aria-label=\"Toggle Table of Content\"><span class=\"ez-toc-js-icon-con\"><span class=\"\"><span class=\"eztoc-hide\" style=\"display:none;\">Toggle<\/span><span class=\"ez-toc-icon-toggle-span\"><svg style=\"fill: #151516;color:#151516\" xmlns=\"http:\/\/www.w3.org\/2000\/svg\" class=\"list-377408\" width=\"20px\" height=\"20px\" viewBox=\"0 0 24 24\" fill=\"none\"><path d=\"M6 6H4v2h2V6zm14 0H8v2h12V6zM4 11h2v2H4v-2zm16 0H8v2h12v-2zM4 16h2v2H4v-2zm16 0H8v2h12v-2z\" fill=\"currentColor\"><\/path><\/svg><svg style=\"fill: #151516;color:#151516\" class=\"arrow-unsorted-368013\" xmlns=\"http:\/\/www.w3.org\/2000\/svg\" width=\"10px\" height=\"10px\" viewBox=\"0 0 24 24\" version=\"1.2\" baseProfile=\"tiny\"><path d=\"M18.2 9.3l-6.2-6.3-6.2 6.3c-.2.2-.3.4-.3.7s.1.5.3.7c.2.2.4.3.7.3h11c.3 0 .5-.1.7-.3.2-.2.3-.5.3-.7s-.1-.5-.3-.7zM5.8 14.7l6.2 6.3 6.2-6.3c.2-.2.3-.5.3-.7s-.1-.5-.3-.7c-.2-.2-.4-.3-.7-.3h-11c-.3 0-.5.1-.7.3-.2.2-.3.5-.3.7s.1.5.3.7z\"\/><\/svg><\/span><\/span><\/span><\/a><\/span><\/div>\n<nav><ul class='ez-toc-list ez-toc-list-level-1 eztoc-toggle-hide-by-default' ><li class='ez-toc-page-1 ez-toc-heading-level-2'><a class=\"ez-toc-link ez-toc-heading-1\" href=\"https:\/\/www.enucuzu.com\/blog\/ataturk-heykellerinin-ve-anitlarinin-bulundugu-ulkeler\/#Ataturkun_Heykellerinin_ve_Anitlarinin_Bulundugu_Ulkeler\" title=\"Atat\u00fcrk\u2019\u00fcn Heykellerinin ve An\u0131tlar\u0131n\u0131n Bulundu\u011fu \u00dclkeler\">Atat\u00fcrk\u2019\u00fcn Heykellerinin ve An\u0131tlar\u0131n\u0131n Bulundu\u011fu \u00dclkeler<\/a><ul class='ez-toc-list-level-3' ><li class='ez-toc-heading-level-3'><a class=\"ez-toc-link ez-toc-heading-2\" href=\"https:\/\/www.enucuzu.com\/blog\/ataturk-heykellerinin-ve-anitlarinin-bulundugu-ulkeler\/#Mexico_City_Meksika\" title=\"Mexico City, Meksika\">Mexico City, Meksika<\/a><\/li><li class='ez-toc-page-1 ez-toc-heading-level-3'><a class=\"ez-toc-link ez-toc-heading-3\" href=\"https:\/\/www.enucuzu.com\/blog\/ataturk-heykellerinin-ve-anitlarinin-bulundugu-ulkeler\/#Beer_Sheva_%E2%80%93_Beerseba_Birussebi_Israil\" title=\"Be\u2019er Sheva &#8211; Beer\u015feba (Bir\u00fcssebi), \u0130srail\">Be\u2019er Sheva &#8211; Beer\u015feba (Bir\u00fcssebi), \u0130srail<\/a><\/li><li class='ez-toc-page-1 ez-toc-heading-level-3'><a class=\"ez-toc-link ez-toc-heading-4\" href=\"https:\/\/www.enucuzu.com\/blog\/ataturk-heykellerinin-ve-anitlarinin-bulundugu-ulkeler\/#Wellington_Yeni_Zelanda\" title=\"Wellington, Yeni Zelanda\">Wellington, Yeni Zelanda<\/a><\/li><li class='ez-toc-page-1 ez-toc-heading-level-3'><a class=\"ez-toc-link ez-toc-heading-5\" href=\"https:\/\/www.enucuzu.com\/blog\/ataturk-heykellerinin-ve-anitlarinin-bulundugu-ulkeler\/#Canberra_Avustralya\" title=\"Canberra, Avustralya\">Canberra, Avustralya<\/a><\/li><li class='ez-toc-page-1 ez-toc-heading-level-3'><a class=\"ez-toc-link ez-toc-heading-6\" href=\"https:\/\/www.enucuzu.com\/blog\/ataturk-heykellerinin-ve-anitlarinin-bulundugu-ulkeler\/#Hyde_Park_Sydney_Avustralya\" title=\"Hyde Park, Sydney, Avustralya\">Hyde Park, Sydney, Avustralya<\/a><\/li><li class='ez-toc-page-1 ez-toc-heading-level-3'><a class=\"ez-toc-link ez-toc-heading-7\" href=\"https:\/\/www.enucuzu.com\/blog\/ataturk-heykellerinin-ve-anitlarinin-bulundugu-ulkeler\/#Bukres_Romanya\" title=\"B\u00fckre\u015f, Romanya\">B\u00fckre\u015f, Romanya<\/a><\/li><li class='ez-toc-page-1 ez-toc-heading-level-3'><a class=\"ez-toc-link ez-toc-heading-8\" href=\"https:\/\/www.enucuzu.com\/blog\/ataturk-heykellerinin-ve-anitlarinin-bulundugu-ulkeler\/#Havana_Kuba\" title=\"Havana, K\u00fcba\">Havana, K\u00fcba<\/a><\/li><\/ul><\/li><li class='ez-toc-page-1 ez-toc-heading-level-2'><a class=\"ez-toc-link ez-toc-heading-9\" href=\"https:\/\/www.enucuzu.com\/blog\/ataturk-heykellerinin-ve-anitlarinin-bulundugu-ulkeler\/#Ataturkun_Anitlarinin_Oldugu_ve_Isminin_Verildigi_Yerlerin_Tam_Listesi\" title=\"Atat\u00fcrk\u2019\u00fcn An\u0131tlar\u0131n\u0131n Oldu\u011fu ve \u0130sminin Verildi\u011fi Yerlerin Tam Listesi\">Atat\u00fcrk\u2019\u00fcn An\u0131tlar\u0131n\u0131n Oldu\u011fu ve \u0130sminin Verildi\u011fi Yerlerin Tam Listesi<\/a><\/li><\/ul><\/nav><\/div>\n<h2><span class=\"ez-toc-section\" id=\"Ataturkun_Heykellerinin_ve_Anitlarinin_Bulundugu_Ulkeler\"><\/span><strong>Atat\u00fcrk\u2019\u00fcn Heykellerinin ve An\u0131tlar\u0131n\u0131n Bulundu\u011fu \u00dclkeler<\/strong><span class=\"ez-toc-section-end\"><\/span><\/h2>\n<ul>\n<li>Mexico City, Meksika<\/li>\n<li>Be\u2019er Sheva &#8211; Beer\u015feba (Bir\u00fcssebi), \u0130srail<\/li>\n<li>Wellington, Yeni Zelanda<\/li>\n<li>Canberra, Avustralya<\/li>\n<li>Hyde Park, Sydney, Avustralya<\/li>\n<li>B\u00fckre\u015f, Romanya<\/li>\n<li>Havana, K\u00fcba<\/li>\n<\/ul>\n<h3><span class=\"ez-toc-section\" id=\"Mexico_City_Meksika\"><\/span><strong>Mexico City, Meksika<\/strong><span class=\"ez-toc-section-end\"><\/span><\/h3>\n<p>Meksika\u2019n\u0131n ba\u015fkenti, New Mexico\u2019da bulunan bu heykel, Meksika\u2019n\u0131n en \u00f6nemli yerlerinden biri olan Paseo de la Reforma caddesinin \u00fczerinde bulunuyor. Heykelin \u00e7evresinde ay y\u0131ld\u0131z ve hilal bulunuyor. Mustafa Kemal Atat\u00fcrk heykeli, T\u00fcrk bayra\u011f\u0131 ile b\u00fct\u00fcnle\u015fiyor.<\/p>\n<p><img fetchpriority=\"high\" decoding=\"async\" width=\"1200\" height=\"675\" class=\"size-medium wp-image-6309 aligncenter\" src=\"https:\/\/www.enucuzu.com\/blog\/wp-content\/uploads\/2024\/01\/ataturk-heykelleri-ve-anitlari-1.webp\" alt=\"Atat\u00fcrk\u2019\u00fcn Heykellerinin ve An\u0131tlar\u0131n\u0131n Bulundu\u011fu \u00dclkeler\" srcset=\"https:\/\/www.enucuzu.com\/blog\/wp-content\/uploads\/2024\/01\/ataturk-heykelleri-ve-anitlari-1.webp 1200w, https:\/\/www.enucuzu.com\/blog\/wp-content\/uploads\/2024\/01\/ataturk-heykelleri-ve-anitlari-1-768x432.webp 768w, https:\/\/www.enucuzu.com\/blog\/wp-content\/uploads\/2024\/01\/ataturk-heykelleri-ve-anitlari-1-150x84.webp 150w, https:\/\/www.enucuzu.com\/blog\/wp-content\/uploads\/2024\/01\/ataturk-heykelleri-ve-anitlari-1-450x253.webp 450w\" sizes=\"(max-width: 1200px) 100vw, 1200px\" \/><\/p>\n<p>Yakla\u015f\u0131k 1,5 ton a\u011f\u0131rl\u0131\u011f\u0131nda ve 3,2 metre olan bu heykel Cumhuriyet\u2019in 80. y\u0131l\u0131n\u0131 anmak i\u00e7in 29 Ekim 2003 y\u0131l\u0131nda bir t\u00f6ren ile halka a\u00e7\u0131lm\u0131\u015f. Mexico City, Amerika k\u0131tas\u0131n\u0131n hem de d\u00fcnyan\u0131n en kalabal\u0131k \u015fehirleri aras\u0131nda yer al\u0131yor.<\/p>\n<p>Mexico City, i\u00e7erisindeki Meksika atmosferinin yan\u0131nda bir\u00e7ok avrupai mimarileri ile olduk\u00e7a b\u00fcy\u00fcleyici bir yap\u0131ya sahip. En bilindik caddesinin bitiminde ise Atat\u00fcrk heykeli sizleri kar\u015f\u0131l\u0131yor.<\/p>\n<h3><span class=\"ez-toc-section\" id=\"Beer_Sheva_%E2%80%93_Beerseba_Birussebi_Israil\"><\/span><strong>Be\u2019er Sheva &#8211; Beer\u015feba (Bir\u00fcssebi), \u0130srail<\/strong><span class=\"ez-toc-section-end\"><\/span><\/h3>\n<p>\u0130srail\u2019deki Be\u2019er Sheva \u015fehri, tarihteki bir\u00e7ok medeniyete ev sahipli\u011fi yapm\u0131\u015f. Tarih \u00f6ncesi ve sonras\u0131 medeniyetlerin bulundu\u011fu bu \u015fehre gidenleri tarihin izlerini, sokaklarda y\u00fcr\u00fcrken dahi ke\u015ffedebilir.<\/p>\n<p><img decoding=\"async\" class=\"size-medium wp-image-6310 aligncenter\" src=\"https:\/\/www.enucuzu.com\/blog\/wp-content\/uploads\/2024\/01\/ataturk-heykelleri-ve-anitlari-2-1200x675.webp\" alt=\"Atat\u00fcrk\u2019\u00fcn Heykellerinin ve An\u0131tlar\u0131n\u0131n Bulundu\u011fu \u00dclkeler\" width=\"1200\" height=\"675\" srcset=\"https:\/\/www.enucuzu.com\/blog\/wp-content\/uploads\/2024\/01\/ataturk-heykelleri-ve-anitlari-2-1200x675.webp 1200w, https:\/\/www.enucuzu.com\/blog\/wp-content\/uploads\/2024\/01\/ataturk-heykelleri-ve-anitlari-2-768x432.webp 768w, https:\/\/www.enucuzu.com\/blog\/wp-content\/uploads\/2024\/01\/ataturk-heykelleri-ve-anitlari-2-1536x864.webp 1536w, https:\/\/www.enucuzu.com\/blog\/wp-content\/uploads\/2024\/01\/ataturk-heykelleri-ve-anitlari-2-2048x1152.webp 2048w, https:\/\/www.enucuzu.com\/blog\/wp-content\/uploads\/2024\/01\/ataturk-heykelleri-ve-anitlari-2-150x84.webp 150w, https:\/\/www.enucuzu.com\/blog\/wp-content\/uploads\/2024\/01\/ataturk-heykelleri-ve-anitlari-2-450x253.webp 450w\" sizes=\"(max-width: 1200px) 100vw, 1200px\" \/><\/p>\n<p>Bir d\u00f6nem Osmanl\u0131 Devleti\u2019ne ev sahipli\u011fi yapm\u0131\u015f bu \u015fehirde, 2. Abd\u00fclhamit\u2019in yapt\u0131rm\u0131\u015f oldu\u011fu m\u00fcze haline getirilmi\u015f bir tren istasyonunun yan\u0131nda Mustafa Kemal Atat\u00fcrk ve Bir\u00fcssebi sava\u015f\u0131nda hayat\u0131n\u0131 kaybetmi\u015f \u015fehitlere i\u00e7in dikilmi\u015f bir an\u0131t bulunuyor.<\/p>\n<p>An\u0131t 2008 y\u0131l\u0131nda bir t\u00f6renle a\u00e7\u0131lm\u0131\u015f. B\u00fct\u00fcn bu eserlerin bulundu\u011fu meydan Mustafa Kemal Atat\u00fcrk Meydan\u0131 olarak adland\u0131r\u0131lm\u0131\u015f.<\/p>\n<h3><span class=\"ez-toc-section\" id=\"Wellington_Yeni_Zelanda\"><\/span><strong>Wellington, Yeni Zelanda<\/strong><span class=\"ez-toc-section-end\"><\/span><\/h3>\n<p>Bilindi\u011fi \u00fczere \u00c7anakkale Sava\u015f\u0131\u2019nda, \u0130ngiliz saflar\u0131nda Yeni Zelanda ve Avustralya gibi \u0130ngiliz s\u00f6m\u00fcrgesi olan \u00fclkelerin vatanda\u015flar\u0131 yer alm\u0131\u015ft\u0131r.<\/p>\n<p><img decoding=\"async\" width=\"1200\" height=\"675\" class=\"size-full wp-image-6311 aligncenter\" src=\"https:\/\/www.enucuzu.com\/blog\/wp-content\/uploads\/2024\/01\/ataturk-heykelleri-ve-anitlari-3.webp\" alt=\"Atat\u00fcrk\u2019\u00fcn Heykellerinin ve An\u0131tlar\u0131n\u0131n Bulundu\u011fu \u00dclkeler\" srcset=\"https:\/\/www.enucuzu.com\/blog\/wp-content\/uploads\/2024\/01\/ataturk-heykelleri-ve-anitlari-3.webp 1200w, https:\/\/www.enucuzu.com\/blog\/wp-content\/uploads\/2024\/01\/ataturk-heykelleri-ve-anitlari-3-768x432.webp 768w, https:\/\/www.enucuzu.com\/blog\/wp-content\/uploads\/2024\/01\/ataturk-heykelleri-ve-anitlari-3-150x84.webp 150w, https:\/\/www.enucuzu.com\/blog\/wp-content\/uploads\/2024\/01\/ataturk-heykelleri-ve-anitlari-3-450x253.webp 450w\" sizes=\"(max-width: 1200px) 100vw, 1200px\" \/><\/p>\n<p>Mustafa Kemal Atat\u00fcrk, 18 Mart 1934 y\u0131l\u0131nda \u00c7anakkale Zaferi\u2019nin y\u0131ld\u00f6n\u00fcm\u00fcn\u00fcn kutland\u0131\u011f\u0131 esnada Avustralyal\u0131 ve Yeni Zelandal\u0131 annelere olduk\u00e7a ho\u015fg\u00f6r\u00fcl\u00fc mesaj\u0131 g\u00f6nderdi ve mesaj\u0131 ile halen bu \u00fclkelerden sayg\u0131 g\u00f6r\u00fcyor.<\/p>\n<p><strong>\u201cBu memleketin topraklar\u0131 \u00fczerinde kanlar\u0131n\u0131 d\u00f6ken kahramanlar! Burada bir dost vatan\u0131n topra\u011f\u0131ndas\u0131n\u0131z.<\/strong><\/p>\n<p><strong>Huzur ve s\u00fck\u00fbn i\u00e7inde uyuyunuz. Sizler, Mehmet\u00e7iklerle yanyana, koyun koyunas\u0131n\u0131z. Uzak diyarlardan evl\u00e2tlar\u0131n\u0131 harbe g\u00f6nderen analar! G\u00f6zya\u015flar\u0131n\u0131z\u0131 dindiriniz. Evl\u00e2tlar\u0131n\u0131z bizim ba\u011fr\u0131m\u0131zdad\u0131r.<\/strong><\/p>\n<p><strong>Huzur i\u00e7indedirler ve huzur i\u00e7inde rahat uyuyacaklard\u0131r. Onlar, bu toprakta canlar\u0131n\u0131 verdikten sonra, art\u0131k bizim evl\u00e2tlar\u0131m\u0131z olmu\u015flard\u0131r.\u201d<\/strong><\/p>\n<p>1990 y\u0131l\u0131nda ise T\u00fcrk, Yeni Zelanda ve Avustralya h\u00fck\u00fcmetleri taraf\u0131ndan yap\u0131lan anla\u015fma ile Atat\u00fcrk An\u0131t\u0131 ve Atat\u00fcrk Park\u0131 in\u015fa edilmi\u015ftir.<\/p>\n<p>An\u0131t\u0131n \u00fczerinde, Mustafa Kemal Atat\u00fcrk\u2019\u00fcn 1934 y\u0131l\u0131nda g\u00f6ndermi\u015f oldu\u011fu mesaj bulunuyor. Wellington\u2019un Tarakina Koyu&#8217;nda bulunan an\u0131t Cook Bo\u011faz\u0131n\u0131 g\u00f6r\u00fcyor ve bo\u011faz \u00c7anakkale Bo\u011faz\u0131\u2019n\u0131 and\u0131rmas\u0131 ile dikkat \u00e7ekiyor.<\/p>\n<h3><span class=\"ez-toc-section\" id=\"Canberra_Avustralya\"><\/span><strong>Canberra, Avustralya<\/strong><span class=\"ez-toc-section-end\"><\/span><\/h3>\n<p>Avustralya ve Yeni Zelanda topraklar\u0131nda s\u00f6m\u00fcrge olan Anzak askerleri \u00c7anakkale Sava\u015f\u0131\u2019na kat\u0131lm\u0131\u015f ve \u015fehit olmu\u015f.<\/p>\n<p><img loading=\"lazy\" decoding=\"async\" width=\"1200\" height=\"675\" class=\"size-full wp-image-6312 aligncenter\" src=\"https:\/\/www.enucuzu.com\/blog\/wp-content\/uploads\/2024\/01\/ataturk-heykelleri-ve-anitlari-4.webp\" alt=\"Canberra, Avustralya - Atat\u00fcrk An\u0131t\u0131\" srcset=\"https:\/\/www.enucuzu.com\/blog\/wp-content\/uploads\/2024\/01\/ataturk-heykelleri-ve-anitlari-4.webp 1200w, https:\/\/www.enucuzu.com\/blog\/wp-content\/uploads\/2024\/01\/ataturk-heykelleri-ve-anitlari-4-768x432.webp 768w, https:\/\/www.enucuzu.com\/blog\/wp-content\/uploads\/2024\/01\/ataturk-heykelleri-ve-anitlari-4-150x84.webp 150w, https:\/\/www.enucuzu.com\/blog\/wp-content\/uploads\/2024\/01\/ataturk-heykelleri-ve-anitlari-4-450x253.webp 450w\" sizes=\"(max-width: 1200px) 100vw, 1200px\" \/><\/p>\n<p>Yeni Zelanda \u00f6rne\u011fine benzer bir \u015fekilde Avustralya halk\u0131 da Mustafa Kemal Atat\u00fcrk\u2019\u00fcn s\u00f6zleri kar\u015f\u0131s\u0131nda ona sayg\u0131 g\u00f6stermi\u015f. Avustralya T\u00fcrk Evi\u2019nin katk\u0131lar\u0131 ile Atat\u00fcrk\u2019\u00fc anmak ve ad\u0131n\u0131 \u015fereflendirmek ad\u0131na Canberra \u015fehrine Atat\u00fcrk An\u0131t\u0131 dikildi.<\/p>\n<p>An\u0131t, Canberra \u015fehrindeki Atat\u00fcrk Bah\u00e7esi\u2019nde bulunuyor. An\u0131t\u0131n \u00fczerinde Yeni Zelanda&#8217;da oldu\u011fu gibi Atat\u00fcrk\u2019\u00fcn 1934 y\u0131l\u0131nda annelere g\u00f6nderdi\u011fi mesaj bulunuyor.<\/p>\n<h3><span class=\"ez-toc-section\" id=\"Hyde_Park_Sydney_Avustralya\"><\/span><strong>Hyde Park, Sydney, Avustralya<\/strong><span class=\"ez-toc-section-end\"><\/span><\/h3>\n<p>Mustafa Kemal Atat\u00fcrk\u2019\u00fc anmak ad\u0131na yap\u0131lm\u0131\u015f bir an\u0131tt\u0131r. An\u0131t, Avustralya&#8217;n\u0131n ba\u015fkenti Sydney\u2019in en merkezi yerlerinden olan Hyde Park\u2019ta bulunuyor.<\/p>\n<p><img loading=\"lazy\" decoding=\"async\" width=\"675\" height=\"675\" class=\"size-medium wp-image-6313 aligncenter\" src=\"https:\/\/www.enucuzu.com\/blog\/wp-content\/uploads\/2024\/01\/ataturk-heykelleri-ve-anitlari-5-675x675.webp\" alt=\"Atat\u00fcrk\u2019\u00fcn Heykellerinin ve An\u0131tlar\u0131n\u0131n Bulundu\u011fu \u00dclkeler\" srcset=\"https:\/\/www.enucuzu.com\/blog\/wp-content\/uploads\/2024\/01\/ataturk-heykelleri-ve-anitlari-5-675x675.webp 675w, https:\/\/www.enucuzu.com\/blog\/wp-content\/uploads\/2024\/01\/ataturk-heykelleri-ve-anitlari-5-768x768.webp 768w, https:\/\/www.enucuzu.com\/blog\/wp-content\/uploads\/2024\/01\/ataturk-heykelleri-ve-anitlari-5-150x150.webp 150w, https:\/\/www.enucuzu.com\/blog\/wp-content\/uploads\/2024\/01\/ataturk-heykelleri-ve-anitlari-5-450x450.webp 450w, https:\/\/www.enucuzu.com\/blog\/wp-content\/uploads\/2024\/01\/ataturk-heykelleri-ve-anitlari-5.webp 1200w\" sizes=\"(max-width: 675px) 100vw, 675px\" \/><\/p>\n<p>2015 y\u0131l\u0131nda Avustralya ve T\u00fcrkiye ili\u015fkilerinin g\u00fc\u00e7lendirmek amac\u0131yla yap\u0131lm\u0131\u015f. An\u0131tta, 1934 y\u0131l\u0131nda Mustafa Kemal Atat\u00fcrk\u2019\u00fcn Yeni Zelandal\u0131 ve Avustralyal\u0131 annelere g\u00f6ndermi\u015f oldu\u011fu mesaj yer al\u0131yor.<\/p>\n<p>Sydney, bir\u00e7ok farkl\u0131 milletten insan\u0131n \u00e7al\u0131\u015fma amac\u0131 ile g\u00f6\u00e7 etti\u011fi olduk\u00e7a b\u00fcy\u00fck bir metropol. Ayn\u0131 zamanda bir\u00e7ok turiste de ev sahipli\u011fi yap\u0131yor.<\/p>\n<p>Sydney&#8217;e giden turistlerin seyir noktas\u0131 olan Hyde Park\u2019a giderseniz, Mustafa Kemal Atat\u00fcrk\u2019\u00fcn an\u0131t\u0131n\u0131 inceleyebilirsiniz.<\/p>\n<h3><span class=\"ez-toc-section\" id=\"Bukres_Romanya\"><\/span><strong>B\u00fckre\u015f, Romanya<\/strong><span class=\"ez-toc-section-end\"><\/span><\/h3>\n<p>Romanya\u2019n\u0131n ba\u015fkenti B\u00fckre\u015f\u2019in en bilinen caddelerinden birisi Calea Victorieri\u2019de Mustafa Kemal Atat\u00fcrk\u2019\u00fcn heykeli b\u00fcst\u00fc bulunuyor.<\/p>\n<p><img loading=\"lazy\" decoding=\"async\" width=\"675\" height=\"675\" class=\"size-medium wp-image-6314 aligncenter\" src=\"https:\/\/www.enucuzu.com\/blog\/wp-content\/uploads\/2024\/01\/ataturk-heykelleri-ve-anitlari-6-675x675.webp\" alt=\"B\u00fckre\u015f, Romanya - Atat\u00fcrk Heykeli\" srcset=\"https:\/\/www.enucuzu.com\/blog\/wp-content\/uploads\/2024\/01\/ataturk-heykelleri-ve-anitlari-6-675x675.webp 675w, https:\/\/www.enucuzu.com\/blog\/wp-content\/uploads\/2024\/01\/ataturk-heykelleri-ve-anitlari-6-768x768.webp 768w, https:\/\/www.enucuzu.com\/blog\/wp-content\/uploads\/2024\/01\/ataturk-heykelleri-ve-anitlari-6-150x150.webp 150w, https:\/\/www.enucuzu.com\/blog\/wp-content\/uploads\/2024\/01\/ataturk-heykelleri-ve-anitlari-6-450x450.webp 450w, https:\/\/www.enucuzu.com\/blog\/wp-content\/uploads\/2024\/01\/ataturk-heykelleri-ve-anitlari-6.webp 1200w\" sizes=\"(max-width: 675px) 100vw, 675px\" \/><\/p>\n<p>An\u0131t 1988 y\u0131l\u0131nda dikilmi\u015f. \u00dczerinde ise hem Rumence hem de T\u00fcrk\u00e7e \u201cMustafa Kemal Atat\u00fcrk\u201d, \u201cT\u00fcrkiye Cumhuriyeti\u2019nin Kurucusu\u201d ve \u201cYurtta Bar\u0131\u015f, D\u00fcnyada Bar\u0131\u015f\u201d yaz\u0131yor.<\/p>\n<p>B\u00fckre\u015f konumu sayesinde her y\u0131l \u00e7ok say\u0131da T\u00fcrklerin ziyaret etti\u011fi yerler aras\u0131nda bulunuyor. E\u011fer B\u00fckre\u015f\u2019e giderseniz sizler de Mustafa Kemal Atat\u00fcrk\u2019\u00fcn an\u0131t\u0131n\u0131 ziyaret edebilirsiniz.<\/p>\n<h3><span class=\"ez-toc-section\" id=\"Havana_Kuba\"><\/span><strong>Havana, K\u00fcba<\/strong><span class=\"ez-toc-section-end\"><\/span><\/h3>\n<p>Yurt d\u0131\u015f\u0131nda bulunan ve hakk\u0131nda en \u00e7ok konu\u015fulan Atat\u00fcrk\u2019e ait an\u0131tlardan birisi K\u00fcba\u2019n\u0131n ba\u015fkenti Havana\u2019da bulunan an\u0131tt\u0131r.<\/p>\n<p><img loading=\"lazy\" decoding=\"async\" class=\"size-full wp-image-6315 aligncenter\" src=\"https:\/\/www.enucuzu.com\/blog\/wp-content\/uploads\/2024\/01\/ataturk-heykelleri-ve-anitlari-7.webp\" alt=\"Havana, K\u00fcba - Atat\u00fcrk An\u0131t\u0131\" width=\"1200\" height=\"675\" srcset=\"https:\/\/www.enucuzu.com\/blog\/wp-content\/uploads\/2024\/01\/ataturk-heykelleri-ve-anitlari-7.webp 1200w, https:\/\/www.enucuzu.com\/blog\/wp-content\/uploads\/2024\/01\/ataturk-heykelleri-ve-anitlari-7-768x432.webp 768w, https:\/\/www.enucuzu.com\/blog\/wp-content\/uploads\/2024\/01\/ataturk-heykelleri-ve-anitlari-7-150x84.webp 150w, https:\/\/www.enucuzu.com\/blog\/wp-content\/uploads\/2024\/01\/ataturk-heykelleri-ve-anitlari-7-450x253.webp 450w\" sizes=\"(max-width: 1200px) 100vw, 1200px\" \/><\/p>\n<p>\u00dcnl\u00fc heykeltra\u015f Metin Yurdanur taraf\u0131ndan yap\u0131lan Atat\u00fcrk b\u00fcst\u00fcn\u00fcn alt\u0131nda \u0130spanyolca ve T\u00fcrk\u00e7e\u00a0 \u201cYurtta Sulh ve Cihanda Sulh\u201d yaz\u0131yor.<\/p>\n<p>Ayr\u0131ca, Fidel Castro bilindi\u011fi \u00fczere nutu\u011fu okuyan ve Atat\u00fcrk\u2019e olan hayranl\u0131\u011f\u0131n\u0131 dile getiren liderlerden birisidir.<\/p>\n<p>\u0130stanbul ziyaretinde gen\u00e7lere \u201cAs\u0131l devrimci Mustafa Kemal Atat\u00fcrk\u2019t\u00fcr. Ben bir devrim yapt\u0131m, ama O\u2019nun yapt\u0131klar\u0131n\u0131 asla ba\u015faramazd\u0131m. Sak\u0131n kendinize ba\u015fka esin kayna\u011f\u0131 aramay\u0131n\u201d demi\u015ftir.<\/p>\n<p>Atat\u00fcrk heykeli, turistlerin ziyaret noktalar\u0131 olan tarihi Puerto Caddesi\u2019nde bulunuyor. E\u011fer turistlerin odak noktas\u0131 olan K\u00fcba\u2019ya giderseniz siz de Atat\u00fcrk b\u00fcst\u00fcn\u00fc ziyaret edebilirsiniz.<\/p>\n<h2><span class=\"ez-toc-section\" id=\"Ataturkun_Anitlarinin_Oldugu_ve_Isminin_Verildigi_Yerlerin_Tam_Listesi\"><\/span><strong>Atat\u00fcrk\u2019\u00fcn An\u0131tlar\u0131n\u0131n Oldu\u011fu ve \u0130sminin Verildi\u011fi Yerlerin Tam Listesi<\/strong><span class=\"ez-toc-section-end\"><\/span><\/h2>\n<ul>\n<li>ABD, Lorton: Atat\u00fcrk Yolu<\/li>\n<li>ABD, Michigan: Atat\u00fcrk Park\u0131<\/li>\n<li>ABD, Michigan, Atat\u00fcrk Park\u0131: Atat\u00fcrk B\u00fcst\u00fc<\/li>\n<li>ABD, New Haven: Atat\u00fcrk Heykeli<\/li>\n<li>ABD, New York: Atat\u00fcrk Okulu<\/li>\n<li>ABD, Washington: Atat\u00fcrk Heykeli<\/li>\n<li>AFGAN\u0130STAN, Kabil: Atat\u00fcrk \u00c7ocuk Hastanesi<\/li>\n<li>ALMANYA, Bad Kreuznach, Kent Ar\u015fivi: Ziyaret\u00e7i Defterinde (Demir Defterde) Atat\u00fcrk\u2019\u00fcn Ad\u0131 ve 1917 Y\u0131l\u0131nda Att\u0131\u011f\u0131 \u0130mza<\/li>\n<li>ALMANYA, Bad Kreuznach, Parkhotel Kurhaus: Atat\u00fcrk\u2019\u00fcn 1917\u2019de Konaklad\u0131\u011f\u0131 Yerde Atat\u00fcrk Salonu<\/li>\n<li>ALMANYA, Bad Kreuzncah, Parhetl Karhaus, Atat\u00fcrk Salonu: Atat\u00fcrk B\u00fcst\u00fc<\/li>\n<li>ALMANYA, Wuppertal: Atat\u00fcrk B\u00fcst\u00fc<\/li>\n<li>ARNAVUTLUK, Avlonya (Vlora): Mustafa Kemal Atat\u00fcrk Lisesi<\/li>\n<li>ARNAVUTLUK, Kamza: Mustafa Kemal Atat\u00fcrk Sokak<\/li>\n<li>ARNAVUTLUK, Tiran: Mustafa Kemal Atat\u00fcrk \u0130lk\u00f6\u011fretim Okulu<\/li>\n<li>ARNAVUTLUK, Tiran: Mustafa Kemal Atat\u00fcrk Meydan\u0131<\/li>\n<li>ARNAVUTLUK, Tiran, Zall-Herr: Mustafa Kemal Atat\u00fcrk \u0130lk\u00f6\u011fretim Okulu<\/li>\n<li>AVUSTRALYA, Albany: Atat\u00fcrk Heykeli<\/li>\n<li>AVUSTRALYA, Albany: Atat\u00fcrk Su Kanal\u0131<\/li>\n<li>AVUSTRALYA, Brisbane, Brisbane Gallipoli An\u0131t\u0131: Atat\u00fcrk Mask\u0131 ve Atat\u00fcrk\u2019\u00fcn Anzak Askerlerinin Annelerine Yazd\u0131\u011f\u0131 Mektup<\/li>\n<li>AVUSTRALYA, Canberra: Atat\u00fcrk An\u0131t Bah\u00e7esi<\/li>\n<li>AVUSTRALYA, Canberra, Atat\u00fcrk An\u0131t Bah\u00e7esi: Atat\u00fcrk An\u0131t\u0131<\/li>\n<li>AVUSTRALYA, Canberra: Atat\u00fcrk Ad\u0131n\u0131n da Yaz\u0131l\u0131 Oldu\u011fu Gallipoli Reach (Gelibolu K\u0131y\u0131s\u0131) Plaketi<\/li>\n<li>AVUSTRALYA, Granville ve Drummoyne: Avustralya Atat\u00fcrk K\u00fclt\u00fcr Merkezi Atat\u00fcrk Okulu<\/li>\n<li>AVUSTRALYA, Sydney: Atat\u00fcrk An\u0131t\u0131<\/li>\n<li>AZERBAYCAN, Bak\u00fc: Atat\u00fcrk Caddesi<\/li>\n<li>AZERBAYCAN, Bak\u00fc: Atat\u00fcrk Park\u0131 Otob\u00fcs Terminali ve Atat\u00fcrk Park\u0131 Otob\u00fcs Dura\u011f\u0131<\/li>\n<li>AZERBAYCAN, Bak\u00fc: Atat\u00fcrk Heykeli<\/li>\n<li>AZERBAYCAN, Bak\u00fc: Atat\u00fcrk Merkezi<\/li>\n<li>AZERBAYCAN, Bak\u00fc: Atat\u00fcrk Park\u0131<\/li>\n<li>AZERBAYCAN, Bak\u00fc: T\u00fcrk D\u00fcnyas\u0131 Bak\u00fc Atat\u00fcrk Lisesi<\/li>\n<li>AZERBAYCAN, Bak\u00fc, Narimanov: T\u00fcrk D\u00fcnyas\u0131 Bak\u00fc Atat\u00fcrk Lisesi Narimanov \u015eubesi<\/li>\n<li>AZERBAYCAN, Gence: Atat\u00fcrk Caddesi<\/li>\n<li>AZERBBAYCAN, Gence: Atat\u00fcrk B\u00fcst\u00fc<\/li>\n<li>AZERBAYCAN, Gence: Mustafa Kemal Atat\u00fcrk Caddesi<\/li>\n<li>AZERBAYCAN, G\u00f6y\u00e7ay: Mustafa Kemal Atat\u00fcrk Caddesi<\/li>\n<li>AZERBAYCAN, Ha\u00e7maz: Mustafa Kemal Atat\u00fcrk Caddesi<\/li>\n<li>AZERBAYCAN, O\u011fuz: Atat\u00fcrk Caddesi<\/li>\n<li>AZERBAYCAN, \u015eemkir: Atat\u00fcrk Sokak<\/li>\n<li>AZERBAYCAN, Tovuz, Duz Qirigli: Atat\u00fcrk Sokak<\/li>\n<li>AZERBAYCAN, Tovuz, K\u00f6hneqala: Atat\u00fcrk Sokak<\/li>\n<li>AZERBAYCAN, Tovuz, Qovlar: Atat\u00fcrk Sokak<\/li>\n<li>BANGLADE\u015e, Chittagong: Kemal Atat\u00fcrk Caddesi<\/li>\n<li>BANGLADE\u015e, Feni, Daganbhuiyan: Atat\u00fcrk Model Lisesi<\/li>\n<li>BANGLADE\u015e, Feni, Daganbhuiyan, Atat\u00fcrk Model Lisesi: Atat\u00fcrk B\u00fcst\u00fc<\/li>\n<li>BANGLADE\u015e, Dakka: Kemal Atat\u00fcrk Caddesi<\/li>\n<li>BANGLADE\u015e, Dakka, Kemal Atat\u00fcrk Caddesi: Kemal Atat\u00fcrk Otob\u00fcs Dura\u011f\u0131<\/li>\n<li>BANGLADE\u015e, Feni, Ramnagar: Atat\u00fcrk \u0130lk\u00f6\u011fretim Okulu<\/li>\n<li>BEL\u00c7\u0130KA, Vise, Cheratte: Atat\u00fcrk Meydan\u0131<\/li>\n<li>BULGAR\u0130STAN, Sofya, T.C. B\u00fcy\u00fckel\u00e7ilik Konutu: Atat\u00fcrk\u2019\u00fcn 1913-1914 Y\u0131llar\u0131nda Ata\u015fe Olarak G\u00f6rev Yaparken \u00c7al\u0131\u015ft\u0131\u011f\u0131 Oda<\/li>\n<li>\u00c7EKYA, Karlovy Vary, Carlsbad Plaza Hotel: Atat\u00fcrk\u2019\u00fcn 1918\u2019de Tedavi \u0130\u00e7in Gitti\u011fi Yer<\/li>\n<li>DOM\u0130N\u0130K CUMHUR\u0130YET\u0130, Santa Domingo: Mustafa Kemal Atat\u00fcrk Caddesi<\/li>\n<li>EKVADOR, Quito, T\u00fcrkiye Park\u0131: Atat\u00fcrk An\u0131t\u0131<\/li>\n<li>GAGAVUZYA( Moldova), Komrat: Mustafa Kemal Atat\u00fcrk K\u00fct\u00fcphanesi<\/li>\n<li>GAGAVUZYA (Moldova), Komrat, Mustafa Kemal Atat\u00fcrk K\u00fct\u00fcphanesi: Atat\u00fcrk B\u00fcst\u00fc<\/li>\n<li>GAGAVUZYA (Moldova), Vulc\u0103ne\u0219ti: Mustafa Kemal Atat\u00fcrk Hastanesi<\/li>\n<li>GAMB\u0130YA, Soma, Madina K\u00f6y\u00fc: Mustafa Kemal Atat\u00fcrk Su Kuyusu<\/li>\n<li>G\u00dcNEY KIBRIS RUM Y\u00d6NET\u0130M\u0130 (GKRY), Baf: Kemal Atat\u00fcrk Caddesi<\/li>\n<li>H\u0130ND\u0130STAN, Yeni Delhi: Mustafa Kemal Atat\u00fcrk Caddesi<\/li>\n<li>HOLLANDA, Amsterdam: Atat\u00fcrk An\u0131t\u0131<\/li>\n<li>HOLLANDA, Amsterdam: Atat\u00fcrk Soka\u011f\u0131<\/li>\n<li>HOLLANDA, Amsterdam, Atat\u00fcrk Soka\u011f\u0131: Atat\u00fcrk Otob\u00fcs Dura\u011f\u0131<\/li>\n<li>HOLLANDA, Rotterdam: Atat\u00fcrk Soka\u011f\u0131<\/li>\n<li>HOLLANDA, Rotterdam: Atat\u00fcrk ve \u00c7anakkale M\u00fczesi<\/li>\n<li>HOLLANDA, Utrecht: Kemal Atat\u00fcrk Caddesi<\/li>\n<li>\u0130NG\u0130LTERE (Birle\u015fik Krall\u0131k), Londra, Madame Tussaud\u2019s M\u00fczesi: Atat\u00fcrk\u2019\u00fcn Balmumu Heykeli<\/li>\n<li>\u0130SRA\u0130L, Be&#8217;er Sheva: Atat\u00fcrk Meydan\u0131<\/li>\n<li>\u0130SRA\u0130L, Be\u2019er Sheva, Atat\u00fcrk Meydan\u0131: Atat\u00fcrk B\u00fcst\u00fc<\/li>\n<li>\u0130SRA\u0130L, Hayfa: Atat\u00fcrk Orman\u0131<\/li>\n<li>\u0130TALYA, Roma: Atat\u00fcrk An\u0131t\u0131<\/li>\n<li>\u0130TALYA, Roma: Mustafa Kemal Atat\u00fcrk Caddesi<\/li>\n<li>\u0130TALYA, Roma, Mustafa Kemal Atat\u00fcrk Caddesi: Atat\u00fcrk Otob\u00fcs Dura\u011f\u0131<\/li>\n<li>\u0130TALYA, Roma, Pietro Canonica M\u00fczesi: Atat\u00fcrk B\u00fcst\u00fc<\/li>\n<li>\u0130TALYA, Roma, Pietra Canonica M\u00fczesi: Atat\u00fcrk R\u00f6lyefi<\/li>\n<li>JAPONYA, Kushimoto: Atat\u00fcrk Heykeli<\/li>\n<li>KANADA, Halifax, \u00c7anakkale An\u0131t\u0131: Atat\u00fcrk Resmi ve Atat\u00fcrk\u2019\u00fcn Anzak Askerlerinin Annelerine Yazd\u0131\u011f\u0131 Mektup<\/li>\n<li>KAZAK\u0130STAN, Nur-Sultan (Astana): Atat\u00fcrk Heykeli<\/li>\n<li>KAZAK\u0130STAN, Nur-Sultan (Astana): Mustafa Kemal Atat\u00fcrk Caddesi<\/li>\n<li>KIRGIZ\u0130STAN, Bi\u015fkek: Atat\u00fcrk Park\u0131<\/li>\n<li>KIRGIZ\u0130STAN, Bi\u015fkek, Atat\u00fcrk Park\u0131: Atat\u00fcrk Heykeli<\/li>\n<li>KIRGIZ\u0130STAN, Cholpon Ata: Atat\u00fcrk Heykeli<\/li>\n<li>KIRGIZ\u0130STAN, Osh (O\u015f): Mustafa Kemal Atat\u00fcrk Park\u0131<\/li>\n<li>KIRGIZ\u0130SAN, Osh (O\u015f), Mustafa Kemal Atat\u00fcrk Park\u0131: Atat\u00fcrk B\u00fcst\u00fc<\/li>\n<li>KOSOVA, Mitrovica: Kemal Atat\u00fcrk Sokak<\/li>\n<li>KOSTA R\u0130KA, San Jos\u00e9, BM Bar\u0131\u015f \u00dcniversitesi: Atat\u00fcrk B\u00fcst\u00fc<\/li>\n<li>KUZEY MAKEDONYA, Bitola (Manast\u0131r), Askeri \u0130dad\u00ee \u015eehir M\u00fczesi: Mustafa Kemal Atat\u00fcrk An\u0131 Odas\u0131,<\/li>\n<li>KUZEY MAKEDONYA, Bitola (Manast\u0131r), Askeri \u0130dad\u00ee \u015eehir M\u00fczesi: Atat\u00fcrk\u2019\u00fcn Balmumu Heykeli,<\/li>\n<li>K\u00dcZEY MAKEDONYA, Bitola (Manast\u0131r), Askeri \u0130dad\u00ee \u015eehir M\u00fczesi: Atat\u00fcrk\u2019\u00fcn B\u00fcst ve Mask\u0131<\/li>\n<li>KUZEY MAKEDONYA, Bitola (Manast\u0131r): Atat\u00fcrk\u2019e \u00c2\u015f\u0131k Olan Eleni Karinte\u2019nin Evi ve Atat\u00fcrk\u2019e Yazd\u0131\u011f\u0131 Mektup<\/li>\n<li>KUZEY MAKEDONYA, Gostivar: Mustafa Kemal Atat\u00fcrk \u0130lk\u00f6\u011fretim Okulu<\/li>\n<li>KUZEY MAKEDONYA, Gostivar, A\u015fa\u011f\u0131 Banisa: Mustafa Kemal Atat\u00fcrk \u0130lk\u00f6\u011fretim okulu A\u015fa\u011f\u0131 Banisa \u015eubesi<\/li>\n<li>KUZEY MAKEDONYA, Gostivar, Yukar\u0131 Banisa: Mustafa Kemal Atat\u00fcrk \u0130lk\u00f6\u011fretim okulu Yukar\u0131 Banisa \u015eubesi<\/li>\n<li>KUZEY MAKEDONYA, Gostivar, Zdunj\u00eb: Mustafa Kemal Atat\u00fcrk \u0130lk\u00f6\u011fretim Okulu Zdunj\u00eb \u015eubesi<\/li>\n<li>KUZEY MAKEDONYA, Jupa: Atat\u00fcrk Heykeli<\/li>\n<li>KUZEY MAKEDONYA, Jupa, Kocac\u0131k: Mustafa Kemal Atat\u00fcrk An\u0131t M\u00fczesi (Ali R\u0131za Efendi An\u0131 Evi)<\/li>\n<li>KUZEY MADEKONYA, Jupa, Kocac\u0131k, Mustafa Kemal Atat\u00fcrk An\u0131t M\u00fczesi (Ali R\u0131za Efendi An\u0131 Evi): Atat\u00fcrk\u2019\u00fcn Balmumu Heykeli<\/li>\n<li>KUZEY MAKEDONYA, \u00dcsk\u00fcp: Kemal Atat\u00fcrk Soka\u011f\u0131<\/li>\n<li>KUZEY MAKEDONA, \u00dcsk\u00fcp, Museum of the Macedonian Struggle for Independence: Atat\u00fcrk Heykeli<\/li>\n<li>KUZEY MAKEDONYA, Veles (K\u00f6pr\u00fcl\u00fc): Atat\u00fcrk Heykeli<\/li>\n<li>K\u00dcBA, Boyeros: Atat\u00fcrk B\u00fcst\u00fc<\/li>\n<li>K\u00dcBA, Havana: Atat\u00fcrk B\u00fcst\u00fc<\/li>\n<li>MACAR\u0130STAN, Budape\u015fte: Atat\u00fcrk B\u00fcst\u00fc<\/li>\n<li>MACAR\u0130STAN, Budape\u015fte: Kemal Atat\u00fcrk Soka\u011f\u0131<\/li>\n<li>MACAR\u0130STAN, Budape\u015fte, Kispest: Mustafa Kemal Atat\u00fcrk Park\u0131<\/li>\n<li>MACAR\u0130STAN, Budepe\u015fte, Kispest, Mustafa Kemal Atat\u00fcrk Park\u0131: Atat\u00fcrk B\u00fcst\u00fc<\/li>\n<li>MEKS\u0130KA, Meksiko: Atat\u00fcrk Heykeli<\/li>\n<li>MO\u011eOL\u0130STAN, Ulan Batur: Mustafa Kemal Atat\u00fcrk Okulu<\/li>\n<li>MO\u011eOL\u0130STAN, Ulan Batur, Mustafa Kemal Atat\u00fcrk Okulu: Atat\u00fcrk B\u00fcst\u00fc<\/li>\n<li>NAH\u00c7IVAN (AZERBAYCAN), Nah\u00e7\u0131van: Atat\u00fcrk B\u00fcst\u00fc<\/li>\n<li>NAH\u00c7IVAN (AZERBAYCAN), Nah\u00e7\u0131van: Mustafa Kemal Atat\u00fcrk Caddesi<\/li>\n<li>NEPAL, Dhading, Sasha K\u00f6y\u00fc: Atat\u00fcrk Okulu<\/li>\n<li>\u00d6ZBEK\u0130STAN, Ta\u015fkent: Mustafa Kemal Atat\u00fcrk Caddesi<\/li>\n<li>PAK\u0130STAN, \u0130slamabad: Atat\u00fcrk Caddesi<\/li>\n<li>PAK\u0130STAN, Kara\u00e7i: Kemal Atat\u00fcrk Yolu<\/li>\n<li>PAK\u0130STAN, Larkana: Atat\u00fcrk An\u0131t\u0131<\/li>\n<li>PAK\u0130STAN, Pencap, Sialkot: Atat\u00fcrk Yolu<\/li>\n<li>PERU, Lima: Atat\u00fcrk B\u00fcst\u00fc<\/li>\n<li>POLONYA, Wroclaw: Mustafa Kemal Atat\u00fcrk Lisesi<\/li>\n<li>ROMANYA, B\u00fckre\u015f: Atat\u00fcrk B\u00fcst\u00fc<\/li>\n<li>ROMANYA, K\u00f6stence, Mecidiye: Atat\u00fcrk B\u00fcst\u00fc<\/li>\n<li>ROMANYA, Mecidiye: Kemal Atat\u00fcrk Ulusal Koleji<\/li>\n<li>ROMANYA, Mecidiye, Kemal Atat\u00fcrk Ulusal Koleji: Atat\u00fcrk B\u00fcst\u00fc<\/li>\n<li>ROMANYA, K\u00f6stence, Valu Lui Traian: Mustafa Kemal Atat\u00fcrk Caddesi<\/li>\n<li>ROMANYA, Tul\u00e7a: Atat\u00fcrk B\u00fcst\u00fc<\/li>\n<li>SENEGAL, Casamance, Lefeu K\u00f6y\u00fc: Mustafa Kemal Atat\u00fcrk Su Kuyusu<\/li>\n<li>SUR\u0130YE, Halep: Atat\u00fcrk\u2019\u00fcn 1918\u2019de Konaklad\u0131\u011f\u0131 Baron Hotel<\/li>\n<li>\u015e\u0130L\u0130, Santiago, Cerro Navidad Park: Atat\u00fcrk An\u0131t\u0131<\/li>\n<li>\u015e\u0130L\u0130, Santiago, Cerro Navidad Park: Mustafa Kemal Atat\u00fcrk Meydan\u0131<\/li>\n<li>\u015e\u0130L\u0130, Santiago, Lo Prado: Mustafa Kemal Atat\u00fcrk Koleji<\/li>\n<li>\u015e\u0130L\u0130, Santiogo, Lo Prado, Mustafa Kemal Atat\u00fcrk Koleji: Atat\u00fcrk B\u00fcst\u00fc<\/li>\n<li>TAYLAND, Phuket: K. Atat\u00fcrk Restoran<\/li>\n<li>TUNUS, Tunis (Tunus): Kemal Atat\u00fcrk Soka\u011f\u0131<\/li>\n<li>T\u00dcRKMEN\u0130STAN, A\u015fkabat: Atat\u00fcrk Caddesi<\/li>\n<li>T\u00dcRKMEN\u0130STAN A\u015fkabat: Atat\u00fcrk Park\u0131<\/li>\n<li>T\u00dcRKMEN\u0130STAN, A\u015fkabat, Atat\u00fcrk Park\u0131: Atat\u00fcrk Heykeli<\/li>\n<li>UKRAYNA, Volin: Ukrayna T\u00fcrkiye Atat\u00fcrk Dostluk Orman\u0131<\/li>\n<li>VENEZUELA, Caracas: Kemal Atat\u00fcrk Caddesi<\/li>\n<li>VENEZUELA, Caracas: Kemal Atat\u00fcrk Park\u0131<\/li>\n<li>VENEZUELA, Caracas, Kemal Atat\u00fcrk Park\u0131: Atat\u00fcrk Heykeli<\/li>\n<li>YEN\u0130 ZELANDA, Wellington: Atat\u00fcrk Hat\u0131ra Park\u0131<\/li>\n<li>YEN\u0130 ZELANDA, Wellington, Atat\u00fcrk Hat\u0131ra Park\u0131: Atat\u00fcrk An\u0131t\u0131<\/li>\n<li>YEN\u0130 ZELANDA, Wellington, Pukeahu Ulusal Sava\u015f An\u0131t\u0131 Park\u0131, T\u00fcrkiye An\u0131t\u0131: Atat\u00fcrk\u2019\u00fcn Anzak Askerlerinin Annelerine Yazd\u0131\u011f\u0131 Mektup<\/li>\n<li>YUNAN\u0130STAN, Selanik: Selanik Atat\u00fcrk Evi M\u00fczesi<\/li>\n<li>YUNAN\u0130STAN, Selanik, Atat\u00fcrk Evi M\u00fczesi: Atat\u00fcrk\u2019\u00fcn \u00c7ocukluk D\u00f6nemi Heykeli<\/li>\n<li>YUNAN\u0130STAN, Selanik, Atat\u00fcrk Evi M\u00fczesi: Cumhurba\u015fkan\u0131 Atat\u00fcrk Heykeli<\/li>\n<li>KKTC, Gazima\u011fusa, Akdo\u011fan, Dr. Faz\u0131l K\u00fc\u00e7\u00fck \u0130lkokulu: Atat\u00fcrk B\u00fcst\u00fc<\/li>\n<li>KKTC, Gazima\u011fusa, Akdo\u011fan: Atat\u00fcrk Heykeli<\/li>\n<li>KKTC, Gazima\u011fusa, B\u00fcy\u00fckkonuk: Atat\u00fcrk B\u00fcst\u00fc<\/li>\n<li>KKTC, Gazima\u011fusa, Canbulat \u0130lkokulu: Atat\u00fcrk B\u00fcst\u00fc<\/li>\n<li>KKTC, Gazima\u011fusa, \u00c7anakkale Ortaokulu: Atat\u00fcrk B\u00fcst\u00fc<\/li>\n<li>KKTC, Gazima\u011fusa, \u00c7ay\u00f6n\u00fc-\u0130ncirli \u0130lkokulu: Atat\u00fcrk B\u00fcst\u00fc<\/li>\n<li>KKTC, Gazima\u011fusa, Do\u011fu Akdeniz \u00dcniversitesi: Atat\u00fcrk An\u0131t\u0131<\/li>\n<li>KKTC, Gazima\u011fusa, Ge\u00e7itkale, Atat\u00fcrk Meydan\u0131: Atat\u00fcrk Heykeli<\/li>\n<li>KKTC, Gazima\u011fusa, Ge\u00e7itkale: Atat\u00fcrk Meydan\u0131<\/li>\n<li>KKTC, Gazima\u011fusa, Meslek Lisesi: Atat\u00fcrk B\u00fcst\u00fc<\/li>\n<li>KKTC, Gazima\u011fusa, \u00d6zel E\u011fitim Merkezi: Atat\u00fcrk B\u00fcst\u00fc<\/li>\n<li>KKTC, Gazima\u011fusa, Pile T\u00fcrk Okulu: Atat\u00fcrk B\u00fcst\u00fc<\/li>\n<li>KKTC, Gazima\u011fusa, Polatpa\u015fa \u0130lkokulu: Atat\u00fcrk B\u00fcst\u00fc<\/li>\n<li>KKTC, Gazima\u011fusa, Polatpa\u015fa Lisesi: Atat\u00fcrk B\u00fcst\u00fc<\/li>\n<li>KKTC, Gazima\u011fusa, Serdarl\u0131 \u0130lkokulu: Atat\u00fcrk B\u00fcst\u00fc<\/li>\n<li>KKTC, Gazima\u011fusa, \u015eehit Osman Ahmet \u0130lkokulu: Atat\u00fcrk B\u00fcst\u00fc<\/li>\n<li>KKTC, Gazima\u011fusa, \u015eehit Salih Terzi \u0130lkokulu: Atat\u00fcrk B\u00fcst\u00fc<\/li>\n<li>KKTC, Gazima\u011fusa, \u015eehit Zeki Salih \u0130lkokulu: Atat\u00fcrk B\u00fcst\u00fc<\/li>\n<li>KKTC, Gazima\u011fusa, Ticaret Lisesi: Atat\u00fcrk B\u00fcst\u00fc<\/li>\n<li>KKTC, Gazima\u011fusa, T\u00fcrk Maarif Koleji: Atat\u00fcrk B\u00fcst\u00fc<\/li>\n<li>KKTC, Gazima\u011fusa, T\u00fcrkmenk\u00f6y \u0130lkokulu: Atat\u00fcrk B\u00fcst\u00fc<\/li>\n<li>KKTC, Gazima\u011fusa, Uluk\u0131\u015fla \u0130lkokulu: Atat\u00fcrk B\u00fcst\u00fc<\/li>\n<li>KKTC, Gazima\u011fusa: Atat\u00fcrk Kre\u015f ve Anaokulu<\/li>\n<li>KKTC, Gazima\u011fusa: Gazi Mustafa Kemal Bulvar\u0131<\/li>\n<li>KKTC, Gazima\u011fusa: Zafer ve \u00d6zg\u00fcrl\u00fck An\u0131t\u0131nda Atat\u00fcrk<\/li>\n<li>KKTC, Girne, 19 May\u0131s T\u00fcrk Maarif Koleji: Atat\u00fcrk B\u00fcst\u00fc<\/li>\n<li>KKTC, Girne, 23 Nisan \u0130lkokulu: Atat\u00fcrk B\u00fcst\u00fc<\/li>\n<li>KKTC, Girne, A\u011f\u0131rda\u011f Da\u011fyolu \u0130lkokulu: Atat\u00fcrk B\u00fcst\u00fc<\/li>\n<li>KKTC, Girne, Edremit: Atat\u00fcrk B\u00fcst\u00fc<\/li>\n<li>KKTC, Girne, Girne Amerikan \u00dcniversitesi: Atat\u00fcrk An\u0131t\u0131<\/li>\n<li>KKTC, Girne, Karao\u011flano\u011flu \u0130lkokulu: Atat\u00fcrk B\u00fcst\u00fc<\/li>\n<li>KKTC, Girne, Kar\u015f\u0131yaka Merkez \u0130lkokulu: Atat\u00fcrk B\u00fcst\u00fc<\/li>\n<li>KKTC, Girne, Kar\u015f\u0131yaka, Atat\u00fcrk Park\u0131: Atat\u00fcrk Heykeli<\/li>\n<li>KKTC, Girne, Kar\u015f\u0131yaka: Atat\u00fcrk B\u00fcst\u00fc<\/li>\n<li>KKTC, Girne, Kar\u015f\u0131yaka: Atat\u00fcrk Park\u0131<\/li>\n<li>KKTC, Girne, Lapta, Yavuzlar Lisesi: Atat\u00fcrk B\u00fcst\u00fc<\/li>\n<li>KKTC, Girne, O\u011fuz Veli Ortaokulu: Atat\u00fcrk B\u00fcst\u00fc<\/li>\n<li>KKTC, Girne, \u00d6t\u00fcken \u00d6zel E\u011fitim Okulu: Atat\u00fcrk B\u00fcst\u00fc<\/li>\n<li>KKTC, Girne, Tepeba\u015f\u0131 \u0130lkokulu: Atat\u00fcrk B\u00fcst\u00fc<\/li>\n<li>KKTC, Girne, Turizm Meslek Lisesi: Atat\u00fcrk B\u00fcst\u00fc<\/li>\n<li>KKTC, Girne: Atat\u00fcrk Caddesi<\/li>\n<li>KKTC, Girne: Atat\u00fcrk Heykeli<\/li>\n<li>KKTC, Girne: Atat\u00fcrk Meydan\u0131<\/li>\n<li>KKTC, G\u00fczelyurt, Ak\u00e7ay K\u00f6y\u00fc: Atat\u00fcrk Heykeli<\/li>\n<li>KKTC, G\u00fczelyurt, G\u00fczelyurt Bar\u0131\u015f \u0130lkokulu: Atat\u00fcrk B\u00fcst\u00fc<\/li>\n<li>KKTC, G\u00fczelyurt, G\u00fczelyurt Meslek Lisesi: Atat\u00fcrk B\u00fcst\u00fc<\/li>\n<li>KKTC, G\u00fczelyurt, G\u00fczelyurt T\u00fcrk Maarif Koleji: Atat\u00fcrk B\u00fcst\u00fc<\/li>\n<li>KKTC, G\u00fczelyurt, Kalkanl\u0131, ODTU Kuzey K\u0131br\u0131s Kamp\u00fcs\u00fc: Atat\u00fcrk Heykeli<\/li>\n<li>KKTC, G\u00fczelyurt, Kalkanl\u0131, ODT\u00dc Kuzey K\u0131br\u0131s Kamp\u00fcs\u00fc: Atat\u00fcrk\u2019\u00fcn Mask\u0131 ve S\u00f6z\u00fc<\/li>\n<li>KKTC, G\u00fczelyurt, Kurtulu\u015f \u0130lkokulu: Atat\u00fcrk B\u00fcst\u00fc<\/li>\n<li>KKTC, G\u00fczelyurt, Portakal \u00c7i\u00e7ekleri Anaokulu: Atat\u00fcrk B\u00fcst\u00fc<\/li>\n<li>KKTC, G\u00fczelyurt, Yayla K\u00f6y\u00fc: Atat\u00fcrk Heykeli<\/li>\n<li>KKTC, G\u00fczelyurt, Z\u00fcmr\u00fctk\u00f6y \u0130lkokulu: Atat\u00fcrk B\u00fcst\u00fc<\/li>\n<li>KKTC, G\u00fczelyurt: Atat\u00fcrk Caddesi<\/li>\n<li>KKTC, G\u00fczelyurt: Atat\u00fcrk Heykeli<\/li>\n<li>KKTC, G\u00fczelyurt: Atat\u00fcrk K\u00fclt\u00fcr Merkezi<\/li>\n<li>KKTC, G\u00fczelyurt: Atat\u00fcrk Maarif Anaokulu<\/li>\n<li>KKTC, G\u00fczelyurt: Atat\u00fcrk Park\u0131<\/li>\n<li>KKTC, \u0130skele, Ecevit Meydan\u0131: Atat\u00fcrk Heykeli<\/li>\n<li>KKTC, \u0130skele, Bekirpa\u015fa Lisesi: Atat\u00fcrk B\u00fcst\u00fc<\/li>\n<li>KKTC, \u0130skele, Dipkarpaz: Atat\u00fcrk Heykeli<\/li>\n<li>KKTC, \u0130skele, \u0130skele Ticaret Lisesi: Atat\u00fcrk B\u00fcst\u00fc<\/li>\n<li>KKTC, \u0130skele, Kumyal\u0131 \u0130lkokulu: Atat\u00fcrk B\u00fcst\u00fc<\/li>\n<li>KKTC, \u0130skele, Mehmet\u00e7ik Ortaokulu: Atat\u00fcrk An\u0131t\u0131<\/li>\n<li>KKTC, \u0130skele, \u015eehit \u0130lker Karter \u0130lkokulu: Atat\u00fcrk B\u00fcst\u00fc<\/li>\n<li>KKTC, \u0130skele, \u015eehit Mente\u015f Zorba \u0130lkokulu: Atat\u00fcrk B\u00fcst\u00fc<\/li>\n<li>KKTC, \u0130skele, Yenierenk\u00f6y \u0130lkokulu: Atat\u00fcrk B\u00fcst\u00fc<\/li>\n<li>KKTC, \u0130skele, Ye\u015filk\u00f6y: Atat\u00fcrk Heykeli<\/li>\n<li>KKTC, \u0130skele, Ziyamet \u0130lkokulu: Atat\u00fcrk B\u00fcst\u00fc<\/li>\n<li>KKTC, \u0130skele, Ziyamet \u00d6zel E\u011fitim ve \u0130\u015f E\u011fitim Merkezi: Atat\u00fcrk B\u00fcst\u00fc<\/li>\n<li>KKTC, \u0130skele: Atat\u00fcrk B\u00fcst\u00fc<\/li>\n<li>KKTC, Lefke, Atat\u00fcrk Park\u0131: Atat\u00fcrk Heykeli<\/li>\n<li>KKTC, Lefke, Cengiz Topel End\u00fcstri Lisesi: Atat\u00fcrk B\u00fcst\u00fc<\/li>\n<li>KKTC, Lefke, Gazi Lisesi: Atat\u00fcrk B\u00fcst\u00fc<\/li>\n<li>KKTC, Lefke, Yedidalga \u0130lkokulu: Atat\u00fcrk B\u00fcst\u00fc<\/li>\n<li>KKTC, Lefke, Ye\u015filyurt \u0130lkokulu: Atat\u00fcrk B\u00fcst\u00fc<\/li>\n<li>KKTC, Lefke: Atat\u00fcrk Caddesi<\/li>\n<li>KKTC, Lefke: Atat\u00fcrk Heykeli, Avrupa \u00dcniversitesi, Atat\u00fcrk B\u00fcst\u00fc<\/li>\n<li>KKTC, Lefke: Atat\u00fcrk Park\u0131<\/li>\n<li>KKTC, Lefko\u015fa, 9 Eyl\u00fcl \u0130lkokulu: Atat\u00fcrk B\u00fcst\u00fc<\/li>\n<li>KKTC, Lefko\u015fa, Ak\u0131nc\u0131lar \u0130lkokulu: Atat\u00fcrk B\u00fcst\u00fc<\/li>\n<li>KKTC, Lefko\u015fa, Alayk\u00f6y \u0130lkokulu: Atat\u00fcrk B\u00fcst\u00fc<\/li>\n<li>KKTC, Lefko\u015fa, Bayraktar Ortaokulu: Atat\u00fcrk B\u00fcst\u00fc<\/li>\n<li>KKTC, Lefko\u015fa, B\u00fclent Ecevit Anadolu Lisesi: Atat\u00fcrk B\u00fcst\u00fc<\/li>\n<li>KKTC, Lefko\u015fa, B\u00fcy\u00fck Kaymakl\u0131: Atat\u00fcrk Caddesi<\/li>\n<li>KKTC, Lefko\u015fa, \u00c7a\u011flayan Cumhuriyet \u0130lkokulu: Atat\u00fcrk B\u00fcst\u00fc<\/li>\n<li>KKTC, Lefko\u015fa, De\u011firmenlik Lisesi: Atat\u00fcrk B\u00fcst\u00fc<\/li>\n<li>KKTC, Lefko\u015fa, Gelibolu \u0130lkokulu: Atat\u00fcrk B\u00fcst\u00fc<\/li>\n<li>KKTC, Lefko\u015fa, Girne Kap\u0131s\u0131: Atat\u00fcrk Heykeli<\/li>\n<li>KKTC, Lefko\u015fa, G\u00f6nyeli: Atat\u00fcrk Caddesi<\/li>\n<li>KKTC, Lefko\u015fa, Hamitk\u00f6y: Atat\u00fcrk Caddesi<\/li>\n<li>KKTC, Lefko\u015fa, Haspolat: Atat\u00fcrk Caddesi<\/li>\n<li>KKTC, Lefko\u015fa, Haydarpa\u015fa Ticaret Lisesi: Atat\u00fcrk B\u00fcst\u00fc<\/li>\n<li>KKTC, Lefko\u015fa, K\u0131r\u0131kkale K\u00f6y\u00fc, Atat\u00fcrk Meydan\u0131<\/li>\n<li>KKTC, Lefko\u015fa, K\u0131r\u0131kkale K\u00f6y\u00fc: Atat\u00fcrk B\u00fcst\u00fc<\/li>\n<li>KKTC, Lefko\u015fa, K\u00fc\u00e7\u00fck Kaymakl\u0131: Atat\u00fcrk Caddesi<\/li>\n<li>KKTC, Lefko\u015fa, Lefko\u015fa T\u00fcrk Lisesi: Atat\u00fcrk An\u0131t\u0131<\/li>\n<li>KKTC, Lefko\u015fa, Lefko\u015fa Vak\u0131f Anaokulu: Atat\u00fcrk B\u00fcst\u00fc<\/li>\n<li>KKTC, Lefko\u015fa, Minarelik\u00f6y: Atat\u00fcrk Caddesi<\/li>\n<li>KKTC, Lefko\u015fa, Necati Ta\u015fk\u0131n \u0130lkokulu: Atat\u00fcrk B\u00fcst\u00fc<\/li>\n<li>KKTC, Lefko\u015fa, Sedat Simavi End\u00fcstri Meslek Lisesi: Atat\u00fcrk B\u00fcst\u00fc<\/li>\n<li>KKTC, Lefko\u015fa, \u015eehit Do\u011fan Ahmet \u0130lkokulu: Atat\u00fcrk B\u00fcst\u00fc<\/li>\n<li>KKTC, Lefko\u015fa, \u015eehit Ertu\u011frul \u0130lkokulu: Atat\u00fcrk B\u00fcst\u00fc<\/li>\n<li>KKTC, Lefko\u015fa, \u015eehit H\u00fcseyin Ruso Ortaokulu: Atat\u00fcrk B\u00fcst\u00fc<\/li>\n<li>KKTC, Lefko\u015fa, \u015eehit Mehmet Eray \u0130lkokulu: Atat\u00fcrk B\u00fcst\u00fc<\/li>\n<li>KKTC, Lefko\u015fa, T\u00fcrk Maarif Koleji: Atat\u00fcrk B\u00fcst\u00fc 251. KTC, Lefko\u015fa, Uluslararas\u0131 K\u0131br\u0131s \u00dcniversitesi: Atat\u00fcrk Heykeli<\/li>\n<li>KKTC, Lefko\u015fa, Yeni Y\u00fczy\u0131l Anaokulu: Atat\u00fcrk B\u00fcst\u00fc<\/li>\n<li>KKTC, Lefko\u015fa, Yeni\u015fehir: Atat\u00fcrk Caddesi<\/li>\n<li>KKTC, Lefko\u015fa: Atat\u00fcrk At\u0131\u015f Poligonu<\/li>\n<li>KKTC, Lefko\u015fa: Atat\u00fcrk \u0130lkokuluKKTC, Lefko\u015fa: Atat\u00fcrk Kapal\u0131 Spor Salonu<\/li>\n<li>KKTC, Lefko\u015fa: Atat\u00fcrk Kapal\u0131 Y\u00fczme Havuzu<\/li>\n<li>KKTC, Lefko\u015fa: Atat\u00fcrk K\u00fclt\u00fcr Merkezi<\/li>\n<li>KKTC, Lefko\u015fa: Atat\u00fcrk Meslek Lisesi<\/li>\n<li>KKTC, Lefko\u015fa: Atat\u00fcrk Meydan\u0131<\/li>\n<li>KKTC, Lefko\u015fa: Atat\u00fcrk \u00d6\u011fretmen Akademisi<\/li>\n<li>KKTC, Lefko\u015fa: Atat\u00fcrk Stadyumu<\/li>\n<li>KKTC, Lefko\u015fa: Milli Egemenlik An\u0131t\u0131 Atat\u00fcrk Heykeli<\/li>\n<li>KKTC, Lefko\u015fa: Yak\u0131n Do\u011fu \u00dcniversitesi Atat\u00fcrk K\u00fclt\u00fcr ve Kongre Merkezi<\/li>\n<\/ul>\n<p><em><strong>Kaynak:<\/strong> <a href=\"https:\/\/www.dunyadaataturk.com\/\" target=\"_blank\" rel=\"noopener\">D\u00fcnyada Atat\u00fcrk (dunyadaataturk.com)<\/a><\/em><\/p>\n<p><!-- notionvc: 82679b6a-745c-496c-9158-008021bbade4 --><\/p>\n","protected":false},"excerpt":{"rendered":"<p>Mustafa Kemal Atat\u00fcrk yapt\u0131klar\u0131 ile hem T\u00fcrk halk\u0131n\u0131n hem de d\u00fcnya halklar\u0131n\u0131n sayg\u0131s\u0131n\u0131 kazanm\u0131\u015f b\u00fcy\u00fck bir liderdir. Atat\u00fcrk, girdi\u011fi b\u00fct\u00fcn sava\u015flar\u0131 kazanmas\u0131na ve hi\u00e7bir cephede yenilgi almamas\u0131na ra\u011fmen d\u00fc\u015fman kuvvetlerini a\u015fa\u011f\u0131lamam\u0131\u015ft\u0131r. B\u00fct\u00fcn \u00fclkeler, Mustafa Kemal\u2019in tutumlar\u0131 kar\u015f\u0131s\u0131nda ona sayg\u0131 g\u00f6stermi\u015f ve ziyaretine gelmi\u015ftir. Atat\u00fcrk\u2019\u00fcn se\u00e7im beyannamesinde s\u00f6yledi\u011fi \u201cYurtta Sulh Cihanda Sulh i\u00e7in \u00c7al\u0131\u015f\u0131yoruz\u201d s\u00f6z\u00fc de<\/p>\n","protected":false},"author":1,"featured_media":6316,"comment_status":"open","ping_status":"open","sticky":false,"template":"","format":"standard","meta":{"footnotes":""},"categories":[1],"tags":[212,210,211],"yoast_head":"<!-- This site is optimized with the Yoast SEO plugin v24.5 - https:\/\/yoast.com\/wordpress\/plugins\/seo\/ -->\n<title>Atat\u00fcrk\u2019\u00fcn Heykellerinin ve An\u0131tlar\u0131n\u0131n Bulundu\u011fu \u00dclkeler - Enucuzu Blog<\/title>\n<meta name=\"description\" content=\"D\u00fcnyan\u0131n d\u00f6rt bir yan\u0131ndaki onlarca \u00fclkede Mustafa Kemal Atat\u00fck&#039;\u00fcn heykelleri ve an\u0131tlar\u0131 bulunuyor. Peki bu \u00fclkeler hangileri?\" \/>\n<meta name=\"robots\" content=\"index, follow, max-snippet:-1, max-image-preview:large, max-video-preview:-1\" \/>\n<link rel=\"canonical\" href=\"https:\/\/www.enucuzu.com\/blog\/ataturk-heykellerinin-ve-anitlarinin-bulundugu-ulkeler\" \/>\n<meta property=\"og:locale\" content=\"tr_TR\" \/>\n<meta property=\"og:type\" content=\"article\" \/>\n<meta property=\"og:title\" content=\"Atat\u00fcrk\u2019\u00fcn Heykellerinin ve An\u0131tlar\u0131n\u0131n Bulundu\u011fu \u00dclkeler - Enucuzu Blog\" \/>\n<meta property=\"og:description\" content=\"D\u00fcnyan\u0131n d\u00f6rt bir yan\u0131ndaki onlarca \u00fclkede Mustafa Kemal Atat\u00fck&#039;\u00fcn heykelleri ve an\u0131tlar\u0131 bulunuyor. Peki bu \u00fclkeler hangileri?\" \/>\n<meta property=\"og:url\" content=\"https:\/\/www.enucuzu.com\/blog\/ataturk-heykellerinin-ve-anitlarinin-bulundugu-ulkeler\" \/>\n<meta property=\"og:site_name\" content=\"Enucuzu Blog\" \/>\n<meta property=\"article:publisher\" content=\"https:\/\/www.facebook.com\/eenucuzucom\" \/>\n<meta property=\"article:published_time\" content=\"2024-01-22T07:13:34+00:00\" \/>\n<meta property=\"article:modified_time\" content=\"2024-07-25T09:20:53+00:00\" \/>\n<meta property=\"og:image\" content=\"https:\/\/www.enucuzu.com\/blog\/wp-content\/uploads\/2024\/01\/ataturk-heykelleri-ve-anitlari-bulundugu-ulkeler.webp\" \/>\n\t<meta property=\"og:image:width\" content=\"1200\" \/>\n\t<meta property=\"og:image:height\" content=\"675\" \/>\n\t<meta property=\"og:image:type\" content=\"image\/webp\" \/>\n<meta name=\"author\" content=\"Enucuzu.com\" \/>\n<meta name=\"twitter:card\" content=\"summary_large_image\" \/>\n<meta name=\"twitter:creator\" content=\"@ComEnucuzu\" \/>\n<meta name=\"twitter:site\" content=\"@ComEnucuzu\" \/>\n<meta name=\"twitter:label1\" content=\"Yazan:\" \/>\n\t<meta name=\"twitter:data1\" content=\"Enucuzu.com\" \/>\n\t<meta name=\"twitter:label2\" content=\"Tahmini okuma s\u00fcresi\" \/>\n\t<meta name=\"twitter:data2\" content=\"18 dakika\" \/>\n<script type=\"application\/ld+json\" class=\"yoast-schema-graph\">{\"@context\":\"https:\/\/schema.org\",\"@graph\":[{\"@type\":\"Article\",\"@id\":\"https:\/\/www.enucuzu.com\/blog\/ataturk-heykellerinin-ve-anitlarinin-bulundugu-ulkeler#article\",\"isPartOf\":{\"@id\":\"https:\/\/www.enucuzu.com\/blog\/ataturk-heykellerinin-ve-anitlarinin-bulundugu-ulkeler\"},\"author\":{\"name\":\"Enucuzu.com\",\"@id\":\"https:\/\/www.enucuzu.com\/blog\/#\/schema\/person\/c8da9ab007d48619220989a1b3fc4c5d\"},\"headline\":\"Atat\u00fcrk\u2019\u00fcn Heykellerinin ve An\u0131tlar\u0131n\u0131n Bulundu\u011fu \u00dclkeler\",\"datePublished\":\"2024-01-22T07:13:34+00:00\",\"dateModified\":\"2024-07-25T09:20:53+00:00\",\"mainEntityOfPage\":{\"@id\":\"https:\/\/www.enucuzu.com\/blog\/ataturk-heykellerinin-ve-anitlarinin-bulundugu-ulkeler\"},\"wordCount\":3751,\"commentCount\":0,\"publisher\":{\"@id\":\"https:\/\/www.enucuzu.com\/blog\/#organization\"},\"image\":{\"@id\":\"https:\/\/www.enucuzu.com\/blog\/ataturk-heykellerinin-ve-anitlarinin-bulundugu-ulkeler#primaryimage\"},\"thumbnailUrl\":\"https:\/\/www.enucuzu.com\/blog\/wp-content\/uploads\/2024\/01\/ataturk-heykelleri-ve-anitlari-bulundugu-ulkeler.webp\",\"keywords\":[\"An\u0131t\",\"Atat\u00fcrk\",\"Heykel\"],\"articleSection\":[\"Rehber\"],\"inLanguage\":\"tr\",\"potentialAction\":[{\"@type\":\"CommentAction\",\"name\":\"Comment\",\"target\":[\"https:\/\/www.enucuzu.com\/blog\/ataturk-heykellerinin-ve-anitlarinin-bulundugu-ulkeler#respond\"]}]},{\"@type\":\"WebPage\",\"@id\":\"https:\/\/www.enucuzu.com\/blog\/ataturk-heykellerinin-ve-anitlarinin-bulundugu-ulkeler\",\"url\":\"https:\/\/www.enucuzu.com\/blog\/ataturk-heykellerinin-ve-anitlarinin-bulundugu-ulkeler\",\"name\":\"Atat\u00fcrk\u2019\u00fcn Heykellerinin ve An\u0131tlar\u0131n\u0131n Bulundu\u011fu \u00dclkeler - Enucuzu Blog\",\"isPartOf\":{\"@id\":\"https:\/\/www.enucuzu.com\/blog\/#website\"},\"primaryImageOfPage\":{\"@id\":\"https:\/\/www.enucuzu.com\/blog\/ataturk-heykellerinin-ve-anitlarinin-bulundugu-ulkeler#primaryimage\"},\"image\":{\"@id\":\"https:\/\/www.enucuzu.com\/blog\/ataturk-heykellerinin-ve-anitlarinin-bulundugu-ulkeler#primaryimage\"},\"thumbnailUrl\":\"https:\/\/www.enucuzu.com\/blog\/wp-content\/uploads\/2024\/01\/ataturk-heykelleri-ve-anitlari-bulundugu-ulkeler.webp\",\"datePublished\":\"2024-01-22T07:13:34+00:00\",\"dateModified\":\"2024-07-25T09:20:53+00:00\",\"description\":\"D\u00fcnyan\u0131n d\u00f6rt bir yan\u0131ndaki onlarca \u00fclkede Mustafa Kemal Atat\u00fck'\u00fcn heykelleri ve an\u0131tlar\u0131 bulunuyor. Peki bu \u00fclkeler hangileri?\",\"breadcrumb\":{\"@id\":\"https:\/\/www.enucuzu.com\/blog\/ataturk-heykellerinin-ve-anitlarinin-bulundugu-ulkeler#breadcrumb\"},\"inLanguage\":\"tr\",\"potentialAction\":[{\"@type\":\"ReadAction\",\"target\":[\"https:\/\/www.enucuzu.com\/blog\/ataturk-heykellerinin-ve-anitlarinin-bulundugu-ulkeler\"]}]},{\"@type\":\"ImageObject\",\"inLanguage\":\"tr\",\"@id\":\"https:\/\/www.enucuzu.com\/blog\/ataturk-heykellerinin-ve-anitlarinin-bulundugu-ulkeler#primaryimage\",\"url\":\"https:\/\/www.enucuzu.com\/blog\/wp-content\/uploads\/2024\/01\/ataturk-heykelleri-ve-anitlari-bulundugu-ulkeler.webp\",\"contentUrl\":\"https:\/\/www.enucuzu.com\/blog\/wp-content\/uploads\/2024\/01\/ataturk-heykelleri-ve-anitlari-bulundugu-ulkeler.webp\",\"width\":1200,\"height\":675,\"caption\":\"Atat\u00fcrk\u2019\u00fcn Heykellerinin ve An\u0131tlar\u0131n\u0131n Bulundu\u011fu \u00dclkeler\"},{\"@type\":\"BreadcrumbList\",\"@id\":\"https:\/\/www.enucuzu.com\/blog\/ataturk-heykellerinin-ve-anitlarinin-bulundugu-ulkeler#breadcrumb\",\"itemListElement\":[{\"@type\":\"ListItem\",\"position\":1,\"name\":\"Ana Sayfa\",\"item\":\"https:\/\/www.enucuzu.com\/blog\/\"},{\"@type\":\"ListItem\",\"position\":2,\"name\":\"Atat\u00fcrk\u2019\u00fcn Heykellerinin ve An\u0131tlar\u0131n\u0131n Bulundu\u011fu \u00dclkeler\"}]},{\"@type\":\"WebSite\",\"@id\":\"https:\/\/www.enucuzu.com\/blog\/#website\",\"url\":\"https:\/\/www.enucuzu.com\/blog\/\",\"name\":\"Enucuzu Blog\",\"description\":\"\",\"publisher\":{\"@id\":\"https:\/\/www.enucuzu.com\/blog\/#organization\"},\"alternateName\":\"Enucuzu Blog\",\"potentialAction\":[{\"@type\":\"SearchAction\",\"target\":{\"@type\":\"EntryPoint\",\"urlTemplate\":\"https:\/\/www.enucuzu.com\/blog\/?s={search_term_string}\"},\"query-input\":{\"@type\":\"PropertyValueSpecification\",\"valueRequired\":true,\"valueName\":\"search_term_string\"}}],\"inLanguage\":\"tr\"},{\"@type\":\"Organization\",\"@id\":\"https:\/\/www.enucuzu.com\/blog\/#organization\",\"name\":\"Enucuzu.com\",\"alternateName\":\"Enucuzu\",\"url\":\"https:\/\/www.enucuzu.com\/blog\/\",\"logo\":{\"@type\":\"ImageObject\",\"inLanguage\":\"tr\",\"@id\":\"https:\/\/www.enucuzu.com\/blog\/#\/schema\/logo\/image\/\",\"url\":\"https:\/\/www.enucuzu.com\/blog\/wp-content\/uploads\/2023\/10\/enucuzu-com.webp\",\"contentUrl\":\"https:\/\/www.enucuzu.com\/blog\/wp-content\/uploads\/2023\/10\/enucuzu-com.webp\",\"width\":500,\"height\":500,\"caption\":\"Enucuzu.com\"},\"image\":{\"@id\":\"https:\/\/www.enucuzu.com\/blog\/#\/schema\/logo\/image\/\"},\"sameAs\":[\"https:\/\/www.facebook.com\/eenucuzucom\",\"https:\/\/x.com\/ComEnucuzu\",\"https:\/\/www.instagram.com\/enucuzu_com\/\"]},{\"@type\":\"Person\",\"@id\":\"https:\/\/www.enucuzu.com\/blog\/#\/schema\/person\/c8da9ab007d48619220989a1b3fc4c5d\",\"name\":\"Enucuzu.com\",\"image\":{\"@type\":\"ImageObject\",\"inLanguage\":\"tr\",\"@id\":\"https:\/\/www.enucuzu.com\/blog\/#\/schema\/person\/image\/\",\"url\":\"https:\/\/www.enucuzu.com\/blog\/wp-content\/uploads\/2023\/10\/enucuzu-com-profil-96x96.webp\",\"contentUrl\":\"https:\/\/www.enucuzu.com\/blog\/wp-content\/uploads\/2023\/10\/enucuzu-com-profil-96x96.webp\",\"caption\":\"Enucuzu.com\"},\"description\":\"Enucuzu.com ile en ucuz u\u00e7ak ve otob\u00fcs bileti kampanyalar\u0131n\u0131 takip edin, bir sonraki seyahatinizi \u015fimdiden planmaya ba\u015flay\u0131n!\",\"sameAs\":[\"http:\/\/www.enucuzu.com\/blog\"],\"url\":\"https:\/\/www.enucuzu.com\/blog\/yazar\/enucuzu-com\"}]}<\/script>\n<!-- \/ Yoast SEO plugin. -->","yoast_head_json":{"title":"Atat\u00fcrk\u2019\u00fcn Heykellerinin ve An\u0131tlar\u0131n\u0131n Bulundu\u011fu \u00dclkeler - Enucuzu Blog","description":"D\u00fcnyan\u0131n d\u00f6rt bir yan\u0131ndaki onlarca \u00fclkede Mustafa Kemal Atat\u00fck'\u00fcn heykelleri ve an\u0131tlar\u0131 bulunuyor. Peki bu \u00fclkeler hangileri?","robots":{"index":"index","follow":"follow","max-snippet":"max-snippet:-1","max-image-preview":"max-image-preview:large","max-video-preview":"max-video-preview:-1"},"canonical":"https:\/\/www.enucuzu.com\/blog\/ataturk-heykellerinin-ve-anitlarinin-bulundugu-ulkeler","og_locale":"tr_TR","og_type":"article","og_title":"Atat\u00fcrk\u2019\u00fcn Heykellerinin ve An\u0131tlar\u0131n\u0131n Bulundu\u011fu \u00dclkeler - Enucuzu Blog","og_description":"D\u00fcnyan\u0131n d\u00f6rt bir yan\u0131ndaki onlarca \u00fclkede Mustafa Kemal Atat\u00fck'\u00fcn heykelleri ve an\u0131tlar\u0131 bulunuyor. Peki bu \u00fclkeler hangileri?","og_url":"https:\/\/www.enucuzu.com\/blog\/ataturk-heykellerinin-ve-anitlarinin-bulundugu-ulkeler","og_site_name":"Enucuzu Blog","article_publisher":"https:\/\/www.facebook.com\/eenucuzucom","article_published_time":"2024-01-22T07:13:34+00:00","article_modified_time":"2024-07-25T09:20:53+00:00","og_image":[{"width":1200,"height":675,"url":"https:\/\/www.enucuzu.com\/blog\/wp-content\/uploads\/2024\/01\/ataturk-heykelleri-ve-anitlari-bulundugu-ulkeler.webp","type":"image\/webp"}],"author":"Enucuzu.com","twitter_card":"summary_large_image","twitter_creator":"@ComEnucuzu","twitter_site":"@ComEnucuzu","twitter_misc":{"Yazan:":"Enucuzu.com","Tahmini okuma s\u00fcresi":"18 dakika"},"schema":{"@context":"https:\/\/schema.org","@graph":[{"@type":"Article","@id":"https:\/\/www.enucuzu.com\/blog\/ataturk-heykellerinin-ve-anitlarinin-bulundugu-ulkeler#article","isPartOf":{"@id":"https:\/\/www.enucuzu.com\/blog\/ataturk-heykellerinin-ve-anitlarinin-bulundugu-ulkeler"},"author":{"name":"Enucuzu.com","@id":"https:\/\/www.enucuzu.com\/blog\/#\/schema\/person\/c8da9ab007d48619220989a1b3fc4c5d"},"headline":"Atat\u00fcrk\u2019\u00fcn Heykellerinin ve An\u0131tlar\u0131n\u0131n Bulundu\u011fu \u00dclkeler","datePublished":"2024-01-22T07:13:34+00:00","dateModified":"2024-07-25T09:20:53+00:00","mainEntityOfPage":{"@id":"https:\/\/www.enucuzu.com\/blog\/ataturk-heykellerinin-ve-anitlarinin-bulundugu-ulkeler"},"wordCount":3751,"commentCount":0,"publisher":{"@id":"https:\/\/www.enucuzu.com\/blog\/#organization"},"image":{"@id":"https:\/\/www.enucuzu.com\/blog\/ataturk-heykellerinin-ve-anitlarinin-bulundugu-ulkeler#primaryimage"},"thumbnailUrl":"https:\/\/www.enucuzu.com\/blog\/wp-content\/uploads\/2024\/01\/ataturk-heykelleri-ve-anitlari-bulundugu-ulkeler.webp","keywords":["An\u0131t","Atat\u00fcrk","Heykel"],"articleSection":["Rehber"],"inLanguage":"tr","potentialAction":[{"@type":"CommentAction","name":"Comment","target":["https:\/\/www.enucuzu.com\/blog\/ataturk-heykellerinin-ve-anitlarinin-bulundugu-ulkeler#respond"]}]},{"@type":"WebPage","@id":"https:\/\/www.enucuzu.com\/blog\/ataturk-heykellerinin-ve-anitlarinin-bulundugu-ulkeler","url":"https:\/\/www.enucuzu.com\/blog\/ataturk-heykellerinin-ve-anitlarinin-bulundugu-ulkeler","name":"Atat\u00fcrk\u2019\u00fcn Heykellerinin ve An\u0131tlar\u0131n\u0131n Bulundu\u011fu \u00dclkeler - Enucuzu Blog","isPartOf":{"@id":"https:\/\/www.enucuzu.com\/blog\/#website"},"primaryImageOfPage":{"@id":"https:\/\/www.enucuzu.com\/blog\/ataturk-heykellerinin-ve-anitlarinin-bulundugu-ulkeler#primaryimage"},"image":{"@id":"https:\/\/www.enucuzu.com\/blog\/ataturk-heykellerinin-ve-anitlarinin-bulundugu-ulkeler#primaryimage"},"thumbnailUrl":"https:\/\/www.enucuzu.com\/blog\/wp-content\/uploads\/2024\/01\/ataturk-heykelleri-ve-anitlari-bulundugu-ulkeler.webp","datePublished":"2024-01-22T07:13:34+00:00","dateModified":"2024-07-25T09:20:53+00:00","description":"D\u00fcnyan\u0131n d\u00f6rt bir yan\u0131ndaki onlarca \u00fclkede Mustafa Kemal Atat\u00fck'\u00fcn heykelleri ve an\u0131tlar\u0131 bulunuyor. Peki bu \u00fclkeler hangileri?","breadcrumb":{"@id":"https:\/\/www.enucuzu.com\/blog\/ataturk-heykellerinin-ve-anitlarinin-bulundugu-ulkeler#breadcrumb"},"inLanguage":"tr","potentialAction":[{"@type":"ReadAction","target":["https:\/\/www.enucuzu.com\/blog\/ataturk-heykellerinin-ve-anitlarinin-bulundugu-ulkeler"]}]},{"@type":"ImageObject","inLanguage":"tr","@id":"https:\/\/www.enucuzu.com\/blog\/ataturk-heykellerinin-ve-anitlarinin-bulundugu-ulkeler#primaryimage","url":"https:\/\/www.enucuzu.com\/blog\/wp-content\/uploads\/2024\/01\/ataturk-heykelleri-ve-anitlari-bulundugu-ulkeler.webp","contentUrl":"https:\/\/www.enucuzu.com\/blog\/wp-content\/uploads\/2024\/01\/ataturk-heykelleri-ve-anitlari-bulundugu-ulkeler.webp","width":1200,"height":675,"caption":"Atat\u00fcrk\u2019\u00fcn Heykellerinin ve An\u0131tlar\u0131n\u0131n Bulundu\u011fu \u00dclkeler"},{"@type":"BreadcrumbList","@id":"https:\/\/www.enucuzu.com\/blog\/ataturk-heykellerinin-ve-anitlarinin-bulundugu-ulkeler#breadcrumb","itemListElement":[{"@type":"ListItem","position":1,"name":"Ana Sayfa","item":"https:\/\/www.enucuzu.com\/blog\/"},{"@type":"ListItem","position":2,"name":"Atat\u00fcrk\u2019\u00fcn Heykellerinin ve An\u0131tlar\u0131n\u0131n Bulundu\u011fu \u00dclkeler"}]},{"@type":"WebSite","@id":"https:\/\/www.enucuzu.com\/blog\/#website","url":"https:\/\/www.enucuzu.com\/blog\/","name":"Enucuzu Blog","description":"","publisher":{"@id":"https:\/\/www.enucuzu.com\/blog\/#organization"},"alternateName":"Enucuzu Blog","potentialAction":[{"@type":"SearchAction","target":{"@type":"EntryPoint","urlTemplate":"https:\/\/www.enucuzu.com\/blog\/?s={search_term_string}"},"query-input":{"@type":"PropertyValueSpecification","valueRequired":true,"valueName":"search_term_string"}}],"inLanguage":"tr"},{"@type":"Organization","@id":"https:\/\/www.enucuzu.com\/blog\/#organization","name":"Enucuzu.com","alternateName":"Enucuzu","url":"https:\/\/www.enucuzu.com\/blog\/","logo":{"@type":"ImageObject","inLanguage":"tr","@id":"https:\/\/www.enucuzu.com\/blog\/#\/schema\/logo\/image\/","url":"https:\/\/www.enucuzu.com\/blog\/wp-content\/uploads\/2023\/10\/enucuzu-com.webp","contentUrl":"https:\/\/www.enucuzu.com\/blog\/wp-content\/uploads\/2023\/10\/enucuzu-com.webp","width":500,"height":500,"caption":"Enucuzu.com"},"image":{"@id":"https:\/\/www.enucuzu.com\/blog\/#\/schema\/logo\/image\/"},"sameAs":["https:\/\/www.facebook.com\/eenucuzucom","https:\/\/x.com\/ComEnucuzu","https:\/\/www.instagram.com\/enucuzu_com\/"]},{"@type":"Person","@id":"https:\/\/www.enucuzu.com\/blog\/#\/schema\/person\/c8da9ab007d48619220989a1b3fc4c5d","name":"Enucuzu.com","image":{"@type":"ImageObject","inLanguage":"tr","@id":"https:\/\/www.enucuzu.com\/blog\/#\/schema\/person\/image\/","url":"https:\/\/www.enucuzu.com\/blog\/wp-content\/uploads\/2023\/10\/enucuzu-com-profil-96x96.webp","contentUrl":"https:\/\/www.enucuzu.com\/blog\/wp-content\/uploads\/2023\/10\/enucuzu-com-profil-96x96.webp","caption":"Enucuzu.com"},"description":"Enucuzu.com ile en ucuz u\u00e7ak ve otob\u00fcs bileti kampanyalar\u0131n\u0131 takip edin, bir sonraki seyahatinizi \u015fimdiden planmaya ba\u015flay\u0131n!","sameAs":["http:\/\/www.enucuzu.com\/blog"],"url":"https:\/\/www.enucuzu.com\/blog\/yazar\/enucuzu-com"}]}},"_links":{"self":[{"href":"https:\/\/www.enucuzu.com\/blog\/wp-json\/wp\/v2\/posts\/6308"}],"collection":[{"href":"https:\/\/www.enucuzu.com\/blog\/wp-json\/wp\/v2\/posts"}],"about":[{"href":"https:\/\/www.enucuzu.com\/blog\/wp-json\/wp\/v2\/types\/post"}],"author":[{"embeddable":true,"href":"https:\/\/www.enucuzu.com\/blog\/wp-json\/wp\/v2\/users\/1"}],"replies":[{"embeddable":true,"href":"https:\/\/www.enucuzu.com\/blog\/wp-json\/wp\/v2\/comments?post=6308"}],"version-history":[{"count":7,"href":"https:\/\/www.enucuzu.com\/blog\/wp-json\/wp\/v2\/posts\/6308\/revisions"}],"predecessor-version":[{"id":7987,"href":"https:\/\/www.enucuzu.com\/blog\/wp-json\/wp\/v2\/posts\/6308\/revisions\/7987"}],"wp:featuredmedia":[{"embeddable":true,"href":"https:\/\/www.enucuzu.com\/blog\/wp-json\/wp\/v2\/media\/6316"}],"wp:attachment":[{"href":"https:\/\/www.enucuzu.com\/blog\/wp-json\/wp\/v2\/media?parent=6308"}],"wp:term":[{"taxonomy":"category","embeddable":true,"href":"https:\/\/www.enucuzu.com\/blog\/wp-json\/wp\/v2\/categories?post=6308"},{"taxonomy":"post_tag","embeddable":true,"href":"https:\/\/www.enucuzu.com\/blog\/wp-json\/wp\/v2\/tags?post=6308"}],"curies":[{"name":"wp","href":"https:\/\/api.w.org\/{rel}","templated":true}]}}