{"id":6398,"date":"2025-02-20T15:47:34","date_gmt":"2025-02-20T12:47:34","guid":{"rendered":"https:\/\/www.enucuzu.com\/blog\/?p=6398"},"modified":"2025-02-20T15:48:17","modified_gmt":"2025-02-20T12:48:17","slug":"rio-karnavali","status":"publish","type":"post","link":"https:\/\/www.enucuzu.com\/blog\/rio-karnavali","title":{"rendered":"2025 Rio Karnaval\u0131 Nedir? Nerede ve Ne Zaman Yap\u0131l\u0131yor?"},"content":{"rendered":"<p>\u201cD\u00fcnyan\u0131n En B\u00fcy\u00fck Karnaval\u0131\u201d olarak Guinness Rekorlar Kitab\u0131\u2019nda yer edinen Rio Karnaval\u0131 nedir, nerede ve ne zaman yap\u0131lacak?<\/p>\n<p>Brezilya\u2019n\u0131n en \u00f6nemli sembollerinden birisi olan Rio de Janeiro Karnaval\u0131, bu sene de olduk\u00e7a e\u011flenceli etkinliklere ev sahipli\u011fi yapacak.<\/p>\n<p>Siz de Enucuzu.com \u00fczerinden <a href=\"https:\/\/www.enucuzu.com\/\">Rio de Janeiro U\u00e7ak Bileti<\/a> sat\u0131n alarak bir hafta boyunca s\u00fcrecek bu etkinli\u011fe yerinde tan\u0131kl\u0131k edebilirsiniz. Enucuzu.com, onlarca farkl\u0131 hava yolu \u015firketi aras\u0131ndan en ucuz u\u00e7ak biletini bulman\u0131z yard\u0131mc\u0131 olur.<\/p>\n<div id=\"ez-toc-container\" class=\"ez-toc-v2_0_73 counter-hierarchy ez-toc-counter ez-toc-custom ez-toc-container-direction\">\n<div class=\"ez-toc-title-container\">\n<p class=\"ez-toc-title\" style=\"cursor:inherit\">\u0130\u00e7indekiler<\/p>\n<span class=\"ez-toc-title-toggle\"><a href=\"#\" class=\"ez-toc-pull-right ez-toc-btn ez-toc-btn-xs ez-toc-btn-default ez-toc-toggle\" aria-label=\"Toggle Table of Content\"><span class=\"ez-toc-js-icon-con\"><span class=\"\"><span class=\"eztoc-hide\" style=\"display:none;\">Toggle<\/span><span class=\"ez-toc-icon-toggle-span\"><svg style=\"fill: #151516;color:#151516\" xmlns=\"http:\/\/www.w3.org\/2000\/svg\" class=\"list-377408\" width=\"20px\" height=\"20px\" viewBox=\"0 0 24 24\" fill=\"none\"><path d=\"M6 6H4v2h2V6zm14 0H8v2h12V6zM4 11h2v2H4v-2zm16 0H8v2h12v-2zM4 16h2v2H4v-2zm16 0H8v2h12v-2z\" fill=\"currentColor\"><\/path><\/svg><svg style=\"fill: #151516;color:#151516\" class=\"arrow-unsorted-368013\" xmlns=\"http:\/\/www.w3.org\/2000\/svg\" width=\"10px\" height=\"10px\" viewBox=\"0 0 24 24\" version=\"1.2\" baseProfile=\"tiny\"><path d=\"M18.2 9.3l-6.2-6.3-6.2 6.3c-.2.2-.3.4-.3.7s.1.5.3.7c.2.2.4.3.7.3h11c.3 0 .5-.1.7-.3.2-.2.3-.5.3-.7s-.1-.5-.3-.7zM5.8 14.7l6.2 6.3 6.2-6.3c.2-.2.3-.5.3-.7s-.1-.5-.3-.7c-.2-.2-.4-.3-.7-.3h-11c-.3 0-.5.1-.7.3-.2.2-.3.5-.3.7s.1.5.3.7z\"\/><\/svg><\/span><\/span><\/span><\/a><\/span><\/div>\n<nav><ul class='ez-toc-list ez-toc-list-level-1 eztoc-toggle-hide-by-default' ><li class='ez-toc-page-1 ez-toc-heading-level-2'><a class=\"ez-toc-link ez-toc-heading-1\" href=\"https:\/\/www.enucuzu.com\/blog\/rio-karnavali\/#Rio_Karnavali_Nedir\" title=\"Rio Karnaval\u0131 Nedir?\">Rio Karnaval\u0131 Nedir?<\/a><ul class='ez-toc-list-level-3' ><li class='ez-toc-heading-level-3'><a class=\"ez-toc-link ez-toc-heading-2\" href=\"https:\/\/www.enucuzu.com\/blog\/rio-karnavali\/#2025_Rio_Karnavali_Ne_Zaman\" title=\"2025 Rio Karnaval\u0131 Ne Zaman?\">2025 Rio Karnaval\u0131 Ne Zaman?<\/a><\/li><li class='ez-toc-page-1 ez-toc-heading-level-3'><a class=\"ez-toc-link ez-toc-heading-3\" href=\"https:\/\/www.enucuzu.com\/blog\/rio-karnavali\/#Rio_Karnavali_Nerede_Duzenlenir\" title=\"Rio Karnaval\u0131 Nerede D\u00fczenlenir?\">Rio Karnaval\u0131 Nerede D\u00fczenlenir?<\/a><\/li><\/ul><\/li><\/ul><\/nav><\/div>\n<h2><span class=\"ez-toc-section\" id=\"Rio_Karnavali_Nedir\"><\/span>Rio Karnaval\u0131 Nedir?<span class=\"ez-toc-section-end\"><\/span><\/h2>\n<p>1723 y\u0131l\u0131ndan bu yana d\u00fczenlenen <strong>Rio de Janeiro Karnaval\u0131<\/strong> ya da k\u0131saca <strong>Rio Karnaval\u0131<\/strong>, milyonlarca kat\u0131l\u0131mc\u0131s\u0131 ile d\u00fcnyan\u0131n en b\u00fcy\u00fck festivalidir.<\/p>\n<p><img fetchpriority=\"high\" decoding=\"async\" class=\"size-full wp-image-6399 aligncenter\" src=\"https:\/\/www.enucuzu.com\/blog\/wp-content\/uploads\/2024\/02\/rio-karnavali.webp\" alt=\"Rio Karnaval\u0131 Nedir?\" width=\"1200\" height=\"675\" srcset=\"https:\/\/www.enucuzu.com\/blog\/wp-content\/uploads\/2024\/02\/rio-karnavali.webp 1200w, https:\/\/www.enucuzu.com\/blog\/wp-content\/uploads\/2024\/02\/rio-karnavali-768x432.webp 768w, https:\/\/www.enucuzu.com\/blog\/wp-content\/uploads\/2024\/02\/rio-karnavali-150x84.webp 150w, https:\/\/www.enucuzu.com\/blog\/wp-content\/uploads\/2024\/02\/rio-karnavali-450x253.webp 450w\" sizes=\"(max-width: 1200px) 100vw, 1200px\" \/><\/p>\n<p>Rio Karnaval\u0131 ismi bak\u0131m\u0131ndan Rio de Janeiro kentine i\u015faret etse de kutlamalar\u0131n e\u015f zamanl\u0131 olarak Sao Paulo ve Salvador gibi Brezilya\u2019n\u0131n farkl\u0131 b\u00f6lgelerinde de ger\u00e7ekle\u015fti\u011fi unutulmamal\u0131d\u0131r. Hatta bu kutlamalar kentin kendine has \u00f6zelliklerini bar\u0131nd\u0131rmas\u0131 bak\u0131m\u0131ndan farkl\u0131l\u0131klar i\u00e7erebilir ancak karnavala ilk kez kat\u0131l\u0131m sa\u011flayacaksan\u0131z ilk dura\u011f\u0131n\u0131z\u0131n Rio de Janeiro olmas\u0131 \u00f6nerilir.<\/p>\n<p>Rio Karnaval\u0131\u2019n\u0131n ge\u00e7it t\u00f6reninde Rio\u2019daki \u00e7ok say\u0131da samba okulu aylar \u00f6ncesinden ba\u015flad\u0131klar\u0131 haz\u0131rl\u0131klar\u0131 sergilemek \u00fczere haz\u0131r bulunur. Her okulun performans\u0131n\u0131 sergilemek i\u00e7in yaln\u0131zca 75 dakikas\u0131 vard\u0131r.<\/p>\n<p>Bu ge\u00e7it t\u00f6renleri Rio Karnaval\u0131\u2019n\u0131n en \u00f6nemli par\u00e7as\u0131d\u0131r. \u00d6yle ki baz\u0131 samba okullar\u0131 bu etkinlik i\u00e7in milyonlarca dolarl\u0131k harcama yapar.<\/p>\n<p>Bu okullar\u0131n ge\u00e7it t\u00f6renleri i\u00e7in kulland\u0131klar\u0131 alanlar sambadrome olarak adland\u0131r\u0131l\u0131r. Sambadrome, uzun bir soka\u011f\u0131 \u00e7evreleyen seyirci alanlar\u0131ndan olu\u015fur ve ayn\u0131 anda binlerce ki\u015fiyi a\u011f\u0131rlayabilir.<\/p>\n<p>Gr\u00eamio Recreativo Escola de Samba Esta\u00e7\u00e3o Primeira de Mangueira ya da k\u0131saca Mangueira, en \u00f6nemli samba okullar\u0131ndan birisidir. Imperatriz, Portela, Uniao de Ilha, Beija-Flor ve Grand Rio da etkinlik s\u0131ras\u0131nda dikkat edilmesi gereken okullar aras\u0131nda yer al\u0131r.<\/p>\n<p>Rio\u2019daki kutlamalar iki farkl\u0131 alanda ger\u00e7ekle\u015fir. Sambadrome haricinde yerel halk\u0131n kendi aras\u0131nda e\u011flenmek i\u00e7in u\u011frad\u0131klar\u0131 sokak karnavallar\u0131 da bulunmaktad\u0131r.<\/p>\n<p>Bu alanlar \u00e7ok say\u0131da s\u00fcsleme ile kaplan\u0131r ve d\u00f6rt bir yan\u0131 saran \u00e7e\u015fitli danslar ve g\u00f6steriler ile nefes kesen bir atmosfere b\u00fcr\u00fcn\u00fcr.<\/p>\n<p>Ayr\u0131ca baz\u0131lar\u0131 onlarca y\u0131ld\u0131r faaliyet g\u00f6steren \u00f6zel gruplar taraf\u0131ndan organize edilen, \u201cBloco\u201d olarak da bilinen sokak partileri de olduk\u00e7a yayg\u0131nd\u0131r. Her bir Bloco kendi \u00f6zel temas\u0131na sahiptir.<\/p>\n<p>Aralar\u0131nda se\u00e7im yapabilece\u011finiz \u00e7ok say\u0131da Bloco olmas\u0131na kar\u015f\u0131n en b\u00fcy\u00fc\u011f\u00fc karnaval\u0131n cumartesi g\u00fcn\u00fc \u015fehir merkezinde d\u00fczenlenen ve yakla\u015f\u0131k bir milyon ki\u015finin kat\u0131l\u0131m sa\u011flad\u0131\u011f\u0131 Cordao Da Bola Preta\u2019d\u0131r.<\/p>\n<p>Rio Karnaval\u0131, her sene Lent\u2019ten \u00f6nce d\u00fczenlenir. Lent, Hristiyanl\u0131ktaki oru\u00e7 d\u00f6nemi olarak da tan\u0131mlanabilir. Kutlamalar zaman zaman olduk\u00e7a a\u00e7\u0131k g\u00f6r\u00fcnt\u00fclere ev sahipli\u011fi yapsa da kutlaman\u0131n kendisi Lent\u2019ten \u00f6nce ger\u00e7ekle\u015fmesi bak\u0131m\u0131ndan geleneksel olarak Katoliklik ile ba\u011flant\u0131l\u0131d\u0131r. Ek olarak uygulamalar\u0131n pagan geleneklerine dayand\u0131\u011f\u0131 da d\u00fc\u015f\u00fcn\u00fclmektedir.<\/p>\n<p>Lent oru\u00e7 ile ili\u015fkili bir etkinlik oldu\u011fundan karnaval, a\u015f\u0131r\u0131 yiyecek ve i\u00e7ecek t\u00fcketmek i\u00e7in son \u015fans olarak g\u00f6r\u00fcl\u00fcyor.<\/p>\n<p><img decoding=\"async\" class=\"size-full wp-image-6400 aligncenter\" src=\"https:\/\/www.enucuzu.com\/blog\/wp-content\/uploads\/2024\/02\/rio-karnavali-nedir.webp\" alt=\"Rio Karnaval\u0131 Nedir?\" width=\"1200\" height=\"675\" srcset=\"https:\/\/www.enucuzu.com\/blog\/wp-content\/uploads\/2024\/02\/rio-karnavali-nedir.webp 1200w, https:\/\/www.enucuzu.com\/blog\/wp-content\/uploads\/2024\/02\/rio-karnavali-nedir-768x432.webp 768w, https:\/\/www.enucuzu.com\/blog\/wp-content\/uploads\/2024\/02\/rio-karnavali-nedir-150x84.webp 150w, https:\/\/www.enucuzu.com\/blog\/wp-content\/uploads\/2024\/02\/rio-karnavali-nedir-450x253.webp 450w\" sizes=\"(max-width: 1200px) 100vw, 1200px\" \/><\/p>\n<p>Rio Karnaval\u0131 Brezilya\u2019n\u0131n ikonik sembollerinden birisi olsa da festivalin kendisi Portekizli s\u00f6m\u00fcrgeciler taraf\u0131ndan Brezilya\u2019ya getirilmi\u015ftir.<\/p>\n<p>Ba\u015flang\u0131\u00e7ta halka a\u00e7\u0131k basit kutlamalardan olu\u015fan karnaval ilerleyen zamanlarda d\u00f6nemin k\u00fclt\u00fcrel ve politik durumunu yans\u0131tan maske ve kost\u00fcm kullan\u0131m\u0131 gibi karakteristik \u00f6zelliklerini kazanmaya ba\u015flam\u0131\u015ft\u0131r.<\/p>\n<h3><span class=\"ez-toc-section\" id=\"2025_Rio_Karnavali_Ne_Zaman\"><\/span>2025 Rio Karnaval\u0131 Ne Zaman?<span class=\"ez-toc-section-end\"><\/span><\/h3>\n<p>Rio Karnaval\u0131, her sene Hristiyanl\u0131ktaki oru\u00e7 d\u00f6nemi olan Lent\u2019ten \u00f6nce d\u00fczenlenir. Tarihler y\u0131ldan y\u0131la de\u011fi\u015fiklik g\u00f6sterdi\u011finden karnaval tarihi de sabit de\u011fildir. Rio Karnaval\u0131 2025 y\u0131l\u0131nda 28 \u015eubat Cuma g\u00fcn\u00fc ba\u015flayacak ve 8 Mart Cumartesi g\u00fcn\u00fc sona erecek.<\/p>\n<p>Rio Karnaval\u0131\u2019n\u0131n kutlamalar\u0131 genellikle belirlenen tarihlerden birka\u00e7 hafta \u00f6nce artarak ba\u015flar ve birka\u00e7 hafta sonras\u0131na dek azalarak devam eder. Bu nedenle yak\u0131n d\u00f6nemde yapaca\u011f\u0131n\u0131z seyahatlerde de kutlamalara y\u00f6nelik ufak i\u015faretler g\u00f6rebilirsiniz ancak daha b\u00fcy\u00fck \u00e7apta olan kutlamalar bu tarih aral\u0131\u011f\u0131nda yap\u0131lacakt\u0131r.<\/p>\n<h3><span class=\"ez-toc-section\" id=\"Rio_Karnavali_Nerede_Duzenlenir\"><\/span>Rio Karnaval\u0131 Nerede D\u00fczenlenir?<span class=\"ez-toc-section-end\"><\/span><\/h3>\n<p>Rio Karnaval\u0131 ismi bak\u0131m\u0131ndan Rio de Janeiro kentine i\u015faret etse de kutlamalar yaln\u0131zca Rio de Janeiro ile k\u0131s\u0131tl\u0131 de\u011fildir. Ba\u015fta Sao Paulo ve Salvador olmak \u00fczere Brezilya\u2019n\u0131n farkl\u0131 b\u00f6lgelerinde de e\u015f zamanl\u0131 olarak kutlamalar yap\u0131lmaktad\u0131r.<\/p>\n<p>Ayr\u0131ca di\u011fer kentlerdeki kutlamalar bu kentin kendine has \u00f6zelliklerini bar\u0131nd\u0131rmas\u0131 a\u00e7\u0131s\u0131ndan da dikkat \u00e7ekici olabilir. Yine de ilk kez karnavala kat\u0131lacak olanlar\u0131n genellikle Rio de Janeiro ile ba\u015flamas\u0131 \u00f6nerilmektedir.<\/p>\n<p><!-- notionvc: 17b30742-8014-4b1b-90ad-65b353687926 --><\/p>\n","protected":false},"excerpt":{"rendered":"<p>\u201cD\u00fcnyan\u0131n En B\u00fcy\u00fck Karnaval\u0131\u201d olarak Guinness Rekorlar Kitab\u0131\u2019nda yer edinen Rio Karnaval\u0131 nedir, nerede ve ne zaman yap\u0131lacak? Brezilya\u2019n\u0131n en \u00f6nemli sembollerinden birisi olan Rio de Janeiro Karnaval\u0131, bu sene de olduk\u00e7a e\u011flenceli etkinliklere ev sahipli\u011fi yapacak. Siz de Enucuzu.com \u00fczerinden Rio de Janeiro U\u00e7ak Bileti sat\u0131n alarak bir hafta boyunca s\u00fcrecek bu etkinli\u011fe yerinde<\/p>\n","protected":false},"author":1,"featured_media":6401,"comment_status":"open","ping_status":"open","sticky":false,"template":"","format":"standard","meta":{"footnotes":""},"categories":[1],"tags":[684,226],"yoast_head":"<!-- This site is optimized with the Yoast SEO plugin v24.5 - https:\/\/yoast.com\/wordpress\/plugins\/seo\/ -->\n<title>2025 Rio Karnaval\u0131 Nedir? Nerede ve Ne Zaman Yap\u0131l\u0131yor? - Enucuzu Blog<\/title>\n<meta name=\"description\" content=\"2025 Rio Karnaval\u0131 nedir, nerede ve ne zaman yap\u0131lacak? Rio de Jenairo Karnaval\u0131 hakk\u0131nda merak edilenleri derledik.\" \/>\n<meta name=\"robots\" content=\"index, follow, max-snippet:-1, max-image-preview:large, max-video-preview:-1\" \/>\n<link rel=\"canonical\" href=\"https:\/\/www.enucuzu.com\/blog\/rio-karnavali\" \/>\n<meta property=\"og:locale\" content=\"tr_TR\" \/>\n<meta property=\"og:type\" content=\"article\" \/>\n<meta property=\"og:title\" content=\"2025 Rio Karnaval\u0131 Nedir? Nerede ve Ne Zaman Yap\u0131l\u0131yor? - Enucuzu Blog\" \/>\n<meta property=\"og:description\" content=\"2025 Rio Karnaval\u0131 nedir, nerede ve ne zaman yap\u0131lacak? Rio de Jenairo Karnaval\u0131 hakk\u0131nda merak edilenleri derledik.\" \/>\n<meta property=\"og:url\" content=\"https:\/\/www.enucuzu.com\/blog\/rio-karnavali\" \/>\n<meta property=\"og:site_name\" content=\"Enucuzu Blog\" \/>\n<meta property=\"article:publisher\" content=\"https:\/\/www.facebook.com\/eenucuzucom\" \/>\n<meta property=\"article:published_time\" content=\"2025-02-20T12:47:34+00:00\" \/>\n<meta property=\"article:modified_time\" content=\"2025-02-20T12:48:17+00:00\" \/>\n<meta property=\"og:image\" content=\"https:\/\/www.enucuzu.com\/blog\/wp-content\/uploads\/2024\/02\/rio-karnavali-nedir-nerede-ne-zaman.webp\" \/>\n\t<meta property=\"og:image:width\" content=\"1200\" \/>\n\t<meta property=\"og:image:height\" content=\"675\" \/>\n\t<meta property=\"og:image:type\" content=\"image\/webp\" \/>\n<meta name=\"author\" content=\"Enucuzu.com\" \/>\n<meta name=\"twitter:card\" content=\"summary_large_image\" \/>\n<meta name=\"twitter:creator\" content=\"@ComEnucuzu\" \/>\n<meta name=\"twitter:site\" content=\"@ComEnucuzu\" \/>\n<meta name=\"twitter:label1\" content=\"Yazan:\" \/>\n\t<meta name=\"twitter:data1\" content=\"Enucuzu.com\" \/>\n\t<meta name=\"twitter:label2\" content=\"Tahmini okuma s\u00fcresi\" \/>\n\t<meta name=\"twitter:data2\" content=\"5 dakika\" \/>\n<script type=\"application\/ld+json\" class=\"yoast-schema-graph\">{\"@context\":\"https:\/\/schema.org\",\"@graph\":[{\"@type\":\"Article\",\"@id\":\"https:\/\/www.enucuzu.com\/blog\/rio-karnavali#article\",\"isPartOf\":{\"@id\":\"https:\/\/www.enucuzu.com\/blog\/rio-karnavali\"},\"author\":{\"name\":\"Enucuzu.com\",\"@id\":\"https:\/\/www.enucuzu.com\/blog\/#\/schema\/person\/c8da9ab007d48619220989a1b3fc4c5d\"},\"headline\":\"2025 Rio Karnaval\u0131 Nedir? Nerede ve Ne Zaman Yap\u0131l\u0131yor?\",\"datePublished\":\"2025-02-20T12:47:34+00:00\",\"dateModified\":\"2025-02-20T12:48:17+00:00\",\"mainEntityOfPage\":{\"@id\":\"https:\/\/www.enucuzu.com\/blog\/rio-karnavali\"},\"wordCount\":860,\"commentCount\":0,\"publisher\":{\"@id\":\"https:\/\/www.enucuzu.com\/blog\/#organization\"},\"image\":{\"@id\":\"https:\/\/www.enucuzu.com\/blog\/rio-karnavali#primaryimage\"},\"thumbnailUrl\":\"https:\/\/www.enucuzu.com\/blog\/wp-content\/uploads\/2024\/02\/rio-karnavali-nedir-nerede-ne-zaman.webp\",\"keywords\":[\"2025\",\"Rio Karnaval\u0131\"],\"articleSection\":[\"Rehber\"],\"inLanguage\":\"tr\",\"potentialAction\":[{\"@type\":\"CommentAction\",\"name\":\"Comment\",\"target\":[\"https:\/\/www.enucuzu.com\/blog\/rio-karnavali#respond\"]}]},{\"@type\":\"WebPage\",\"@id\":\"https:\/\/www.enucuzu.com\/blog\/rio-karnavali\",\"url\":\"https:\/\/www.enucuzu.com\/blog\/rio-karnavali\",\"name\":\"2025 Rio Karnaval\u0131 Nedir? Nerede ve Ne Zaman Yap\u0131l\u0131yor? - Enucuzu Blog\",\"isPartOf\":{\"@id\":\"https:\/\/www.enucuzu.com\/blog\/#website\"},\"primaryImageOfPage\":{\"@id\":\"https:\/\/www.enucuzu.com\/blog\/rio-karnavali#primaryimage\"},\"image\":{\"@id\":\"https:\/\/www.enucuzu.com\/blog\/rio-karnavali#primaryimage\"},\"thumbnailUrl\":\"https:\/\/www.enucuzu.com\/blog\/wp-content\/uploads\/2024\/02\/rio-karnavali-nedir-nerede-ne-zaman.webp\",\"datePublished\":\"2025-02-20T12:47:34+00:00\",\"dateModified\":\"2025-02-20T12:48:17+00:00\",\"description\":\"2025 Rio Karnaval\u0131 nedir, nerede ve ne zaman yap\u0131lacak? Rio de Jenairo Karnaval\u0131 hakk\u0131nda merak edilenleri derledik.\",\"breadcrumb\":{\"@id\":\"https:\/\/www.enucuzu.com\/blog\/rio-karnavali#breadcrumb\"},\"inLanguage\":\"tr\",\"potentialAction\":[{\"@type\":\"ReadAction\",\"target\":[\"https:\/\/www.enucuzu.com\/blog\/rio-karnavali\"]}]},{\"@type\":\"ImageObject\",\"inLanguage\":\"tr\",\"@id\":\"https:\/\/www.enucuzu.com\/blog\/rio-karnavali#primaryimage\",\"url\":\"https:\/\/www.enucuzu.com\/blog\/wp-content\/uploads\/2024\/02\/rio-karnavali-nedir-nerede-ne-zaman.webp\",\"contentUrl\":\"https:\/\/www.enucuzu.com\/blog\/wp-content\/uploads\/2024\/02\/rio-karnavali-nedir-nerede-ne-zaman.webp\",\"width\":1200,\"height\":675,\"caption\":\"2024 Rio Karnaval\u0131 Nedir? Nerede ve Ne Zaman Yap\u0131l\u0131yor?\"},{\"@type\":\"BreadcrumbList\",\"@id\":\"https:\/\/www.enucuzu.com\/blog\/rio-karnavali#breadcrumb\",\"itemListElement\":[{\"@type\":\"ListItem\",\"position\":1,\"name\":\"Ana Sayfa\",\"item\":\"https:\/\/www.enucuzu.com\/blog\/\"},{\"@type\":\"ListItem\",\"position\":2,\"name\":\"2025 Rio Karnaval\u0131 Nedir? Nerede ve Ne Zaman Yap\u0131l\u0131yor?\"}]},{\"@type\":\"WebSite\",\"@id\":\"https:\/\/www.enucuzu.com\/blog\/#website\",\"url\":\"https:\/\/www.enucuzu.com\/blog\/\",\"name\":\"Enucuzu Blog\",\"description\":\"\",\"publisher\":{\"@id\":\"https:\/\/www.enucuzu.com\/blog\/#organization\"},\"alternateName\":\"Enucuzu Blog\",\"potentialAction\":[{\"@type\":\"SearchAction\",\"target\":{\"@type\":\"EntryPoint\",\"urlTemplate\":\"https:\/\/www.enucuzu.com\/blog\/?s={search_term_string}\"},\"query-input\":{\"@type\":\"PropertyValueSpecification\",\"valueRequired\":true,\"valueName\":\"search_term_string\"}}],\"inLanguage\":\"tr\"},{\"@type\":\"Organization\",\"@id\":\"https:\/\/www.enucuzu.com\/blog\/#organization\",\"name\":\"Enucuzu.com\",\"alternateName\":\"Enucuzu\",\"url\":\"https:\/\/www.enucuzu.com\/blog\/\",\"logo\":{\"@type\":\"ImageObject\",\"inLanguage\":\"tr\",\"@id\":\"https:\/\/www.enucuzu.com\/blog\/#\/schema\/logo\/image\/\",\"url\":\"https:\/\/www.enucuzu.com\/blog\/wp-content\/uploads\/2023\/10\/enucuzu-com.webp\",\"contentUrl\":\"https:\/\/www.enucuzu.com\/blog\/wp-content\/uploads\/2023\/10\/enucuzu-com.webp\",\"width\":500,\"height\":500,\"caption\":\"Enucuzu.com\"},\"image\":{\"@id\":\"https:\/\/www.enucuzu.com\/blog\/#\/schema\/logo\/image\/\"},\"sameAs\":[\"https:\/\/www.facebook.com\/eenucuzucom\",\"https:\/\/x.com\/ComEnucuzu\",\"https:\/\/www.instagram.com\/enucuzu_com\/\"]},{\"@type\":\"Person\",\"@id\":\"https:\/\/www.enucuzu.com\/blog\/#\/schema\/person\/c8da9ab007d48619220989a1b3fc4c5d\",\"name\":\"Enucuzu.com\",\"image\":{\"@type\":\"ImageObject\",\"inLanguage\":\"tr\",\"@id\":\"https:\/\/www.enucuzu.com\/blog\/#\/schema\/person\/image\/\",\"url\":\"https:\/\/www.enucuzu.com\/blog\/wp-content\/uploads\/2023\/10\/enucuzu-com-profil-96x96.webp\",\"contentUrl\":\"https:\/\/www.enucuzu.com\/blog\/wp-content\/uploads\/2023\/10\/enucuzu-com-profil-96x96.webp\",\"caption\":\"Enucuzu.com\"},\"description\":\"Enucuzu.com ile en ucuz u\u00e7ak ve otob\u00fcs bileti kampanyalar\u0131n\u0131 takip edin, bir sonraki seyahatinizi \u015fimdiden planmaya ba\u015flay\u0131n!\",\"sameAs\":[\"http:\/\/www.enucuzu.com\/blog\"],\"url\":\"https:\/\/www.enucuzu.com\/blog\/yazar\/enucuzu-com\"}]}<\/script>\n<!-- \/ Yoast SEO plugin. -->","yoast_head_json":{"title":"2025 Rio Karnaval\u0131 Nedir? Nerede ve Ne Zaman Yap\u0131l\u0131yor? - Enucuzu Blog","description":"2025 Rio Karnaval\u0131 nedir, nerede ve ne zaman yap\u0131lacak? Rio de Jenairo Karnaval\u0131 hakk\u0131nda merak edilenleri derledik.","robots":{"index":"index","follow":"follow","max-snippet":"max-snippet:-1","max-image-preview":"max-image-preview:large","max-video-preview":"max-video-preview:-1"},"canonical":"https:\/\/www.enucuzu.com\/blog\/rio-karnavali","og_locale":"tr_TR","og_type":"article","og_title":"2025 Rio Karnaval\u0131 Nedir? Nerede ve Ne Zaman Yap\u0131l\u0131yor? - Enucuzu Blog","og_description":"2025 Rio Karnaval\u0131 nedir, nerede ve ne zaman yap\u0131lacak? Rio de Jenairo Karnaval\u0131 hakk\u0131nda merak edilenleri derledik.","og_url":"https:\/\/www.enucuzu.com\/blog\/rio-karnavali","og_site_name":"Enucuzu Blog","article_publisher":"https:\/\/www.facebook.com\/eenucuzucom","article_published_time":"2025-02-20T12:47:34+00:00","article_modified_time":"2025-02-20T12:48:17+00:00","og_image":[{"width":1200,"height":675,"url":"https:\/\/www.enucuzu.com\/blog\/wp-content\/uploads\/2024\/02\/rio-karnavali-nedir-nerede-ne-zaman.webp","type":"image\/webp"}],"author":"Enucuzu.com","twitter_card":"summary_large_image","twitter_creator":"@ComEnucuzu","twitter_site":"@ComEnucuzu","twitter_misc":{"Yazan:":"Enucuzu.com","Tahmini okuma s\u00fcresi":"5 dakika"},"schema":{"@context":"https:\/\/schema.org","@graph":[{"@type":"Article","@id":"https:\/\/www.enucuzu.com\/blog\/rio-karnavali#article","isPartOf":{"@id":"https:\/\/www.enucuzu.com\/blog\/rio-karnavali"},"author":{"name":"Enucuzu.com","@id":"https:\/\/www.enucuzu.com\/blog\/#\/schema\/person\/c8da9ab007d48619220989a1b3fc4c5d"},"headline":"2025 Rio Karnaval\u0131 Nedir? Nerede ve Ne Zaman Yap\u0131l\u0131yor?","datePublished":"2025-02-20T12:47:34+00:00","dateModified":"2025-02-20T12:48:17+00:00","mainEntityOfPage":{"@id":"https:\/\/www.enucuzu.com\/blog\/rio-karnavali"},"wordCount":860,"commentCount":0,"publisher":{"@id":"https:\/\/www.enucuzu.com\/blog\/#organization"},"image":{"@id":"https:\/\/www.enucuzu.com\/blog\/rio-karnavali#primaryimage"},"thumbnailUrl":"https:\/\/www.enucuzu.com\/blog\/wp-content\/uploads\/2024\/02\/rio-karnavali-nedir-nerede-ne-zaman.webp","keywords":["2025","Rio Karnaval\u0131"],"articleSection":["Rehber"],"inLanguage":"tr","potentialAction":[{"@type":"CommentAction","name":"Comment","target":["https:\/\/www.enucuzu.com\/blog\/rio-karnavali#respond"]}]},{"@type":"WebPage","@id":"https:\/\/www.enucuzu.com\/blog\/rio-karnavali","url":"https:\/\/www.enucuzu.com\/blog\/rio-karnavali","name":"2025 Rio Karnaval\u0131 Nedir? Nerede ve Ne Zaman Yap\u0131l\u0131yor? - Enucuzu Blog","isPartOf":{"@id":"https:\/\/www.enucuzu.com\/blog\/#website"},"primaryImageOfPage":{"@id":"https:\/\/www.enucuzu.com\/blog\/rio-karnavali#primaryimage"},"image":{"@id":"https:\/\/www.enucuzu.com\/blog\/rio-karnavali#primaryimage"},"thumbnailUrl":"https:\/\/www.enucuzu.com\/blog\/wp-content\/uploads\/2024\/02\/rio-karnavali-nedir-nerede-ne-zaman.webp","datePublished":"2025-02-20T12:47:34+00:00","dateModified":"2025-02-20T12:48:17+00:00","description":"2025 Rio Karnaval\u0131 nedir, nerede ve ne zaman yap\u0131lacak? Rio de Jenairo Karnaval\u0131 hakk\u0131nda merak edilenleri derledik.","breadcrumb":{"@id":"https:\/\/www.enucuzu.com\/blog\/rio-karnavali#breadcrumb"},"inLanguage":"tr","potentialAction":[{"@type":"ReadAction","target":["https:\/\/www.enucuzu.com\/blog\/rio-karnavali"]}]},{"@type":"ImageObject","inLanguage":"tr","@id":"https:\/\/www.enucuzu.com\/blog\/rio-karnavali#primaryimage","url":"https:\/\/www.enucuzu.com\/blog\/wp-content\/uploads\/2024\/02\/rio-karnavali-nedir-nerede-ne-zaman.webp","contentUrl":"https:\/\/www.enucuzu.com\/blog\/wp-content\/uploads\/2024\/02\/rio-karnavali-nedir-nerede-ne-zaman.webp","width":1200,"height":675,"caption":"2024 Rio Karnaval\u0131 Nedir? Nerede ve Ne Zaman Yap\u0131l\u0131yor?"},{"@type":"BreadcrumbList","@id":"https:\/\/www.enucuzu.com\/blog\/rio-karnavali#breadcrumb","itemListElement":[{"@type":"ListItem","position":1,"name":"Ana Sayfa","item":"https:\/\/www.enucuzu.com\/blog\/"},{"@type":"ListItem","position":2,"name":"2025 Rio Karnaval\u0131 Nedir? Nerede ve Ne Zaman Yap\u0131l\u0131yor?"}]},{"@type":"WebSite","@id":"https:\/\/www.enucuzu.com\/blog\/#website","url":"https:\/\/www.enucuzu.com\/blog\/","name":"Enucuzu Blog","description":"","publisher":{"@id":"https:\/\/www.enucuzu.com\/blog\/#organization"},"alternateName":"Enucuzu Blog","potentialAction":[{"@type":"SearchAction","target":{"@type":"EntryPoint","urlTemplate":"https:\/\/www.enucuzu.com\/blog\/?s={search_term_string}"},"query-input":{"@type":"PropertyValueSpecification","valueRequired":true,"valueName":"search_term_string"}}],"inLanguage":"tr"},{"@type":"Organization","@id":"https:\/\/www.enucuzu.com\/blog\/#organization","name":"Enucuzu.com","alternateName":"Enucuzu","url":"https:\/\/www.enucuzu.com\/blog\/","logo":{"@type":"ImageObject","inLanguage":"tr","@id":"https:\/\/www.enucuzu.com\/blog\/#\/schema\/logo\/image\/","url":"https:\/\/www.enucuzu.com\/blog\/wp-content\/uploads\/2023\/10\/enucuzu-com.webp","contentUrl":"https:\/\/www.enucuzu.com\/blog\/wp-content\/uploads\/2023\/10\/enucuzu-com.webp","width":500,"height":500,"caption":"Enucuzu.com"},"image":{"@id":"https:\/\/www.enucuzu.com\/blog\/#\/schema\/logo\/image\/"},"sameAs":["https:\/\/www.facebook.com\/eenucuzucom","https:\/\/x.com\/ComEnucuzu","https:\/\/www.instagram.com\/enucuzu_com\/"]},{"@type":"Person","@id":"https:\/\/www.enucuzu.com\/blog\/#\/schema\/person\/c8da9ab007d48619220989a1b3fc4c5d","name":"Enucuzu.com","image":{"@type":"ImageObject","inLanguage":"tr","@id":"https:\/\/www.enucuzu.com\/blog\/#\/schema\/person\/image\/","url":"https:\/\/www.enucuzu.com\/blog\/wp-content\/uploads\/2023\/10\/enucuzu-com-profil-96x96.webp","contentUrl":"https:\/\/www.enucuzu.com\/blog\/wp-content\/uploads\/2023\/10\/enucuzu-com-profil-96x96.webp","caption":"Enucuzu.com"},"description":"Enucuzu.com ile en ucuz u\u00e7ak ve otob\u00fcs bileti kampanyalar\u0131n\u0131 takip edin, bir sonraki seyahatinizi \u015fimdiden planmaya ba\u015flay\u0131n!","sameAs":["http:\/\/www.enucuzu.com\/blog"],"url":"https:\/\/www.enucuzu.com\/blog\/yazar\/enucuzu-com"}]}},"_links":{"self":[{"href":"https:\/\/www.enucuzu.com\/blog\/wp-json\/wp\/v2\/posts\/6398"}],"collection":[{"href":"https:\/\/www.enucuzu.com\/blog\/wp-json\/wp\/v2\/posts"}],"about":[{"href":"https:\/\/www.enucuzu.com\/blog\/wp-json\/wp\/v2\/types\/post"}],"author":[{"embeddable":true,"href":"https:\/\/www.enucuzu.com\/blog\/wp-json\/wp\/v2\/users\/1"}],"replies":[{"embeddable":true,"href":"https:\/\/www.enucuzu.com\/blog\/wp-json\/wp\/v2\/comments?post=6398"}],"version-history":[{"count":4,"href":"https:\/\/www.enucuzu.com\/blog\/wp-json\/wp\/v2\/posts\/6398\/revisions"}],"predecessor-version":[{"id":9214,"href":"https:\/\/www.enucuzu.com\/blog\/wp-json\/wp\/v2\/posts\/6398\/revisions\/9214"}],"wp:featuredmedia":[{"embeddable":true,"href":"https:\/\/www.enucuzu.com\/blog\/wp-json\/wp\/v2\/media\/6401"}],"wp:attachment":[{"href":"https:\/\/www.enucuzu.com\/blog\/wp-json\/wp\/v2\/media?parent=6398"}],"wp:term":[{"taxonomy":"category","embeddable":true,"href":"https:\/\/www.enucuzu.com\/blog\/wp-json\/wp\/v2\/categories?post=6398"},{"taxonomy":"post_tag","embeddable":true,"href":"https:\/\/www.enucuzu.com\/blog\/wp-json\/wp\/v2\/tags?post=6398"}],"curies":[{"name":"wp","href":"https:\/\/api.w.org\/{rel}","templated":true}]}}