{"id":7088,"date":"2024-04-29T17:09:30","date_gmt":"2024-04-29T14:09:30","guid":{"rendered":"https:\/\/www.enucuzu.com\/blog\/?p=7088"},"modified":"2024-04-29T17:09:30","modified_gmt":"2024-04-29T14:09:30","slug":"turkiye-populer-kosu-yarislari","status":"publish","type":"post","link":"https:\/\/www.enucuzu.com\/blog\/turkiye-populer-kosu-yarislari","title":{"rendered":"T\u00fcrkiye\u2019deki Pop\u00fcler Ko\u015fu Yar\u0131\u015flar\u0131"},"content":{"rendered":"<p>Spor hem sa\u011fl\u0131kl\u0131 ya\u015fam hem de e\u011flenceli bir aktivite imkan\u0131 sunar. Ayn\u0131 zamanda sosyal olarak ki\u015fileri bir araya getiren spor aktiviteleri, gezi severler i\u00e7in de e\u015fsiz bir f\u0131rsatt\u0131r \u00e7\u00fcnk\u00fc spor aktiviteleri T\u00fcrkiye\u2019nin hemen her b\u00f6lgesinde d\u00fczenlenmektedir. B\u00f6ylece hem sosyal hem de e\u011flenceli hem de bir \u00e7e\u015fit gezi etkinli\u011fi olarak kabul edilebilir.<\/p>\n<p>Ko\u015fu yar\u0131\u015flar\u0131 hem gezi hem de aktivite kavram\u0131na olduk\u00e7a uyan bir spor dal\u0131 \u00e7\u00fcnk\u00fc T\u00fcrkiye\u2019nin d\u00f6rt bir yan\u0131nda d\u00fczenlenen ko\u015fu yar\u0131\u015flar\u0131na pek \u00e7ok kat\u0131l\u0131mc\u0131 gitmektedir. Ayn\u0131 zamanda sevdiklerinizle e\u011flenceli vakitler ge\u00e7irirken bulundu\u011funuz b\u00f6lgeyi de k\u0131saca turlayabilirsiniz.<\/p>\n<p>\u0130\u00e7eri\u011fimizde hem ko\u015fu yar\u0131\u015f\u0131na kat\u0131labilece\u011finiz hem de keyifle vakit ge\u00e7irebilece\u011finiz yerleri inceledik.<\/p>\n<div id=\"ez-toc-container\" class=\"ez-toc-v2_0_73 counter-hierarchy ez-toc-counter ez-toc-custom ez-toc-container-direction\">\n<div class=\"ez-toc-title-container\">\n<p class=\"ez-toc-title\" style=\"cursor:inherit\">\u0130\u00e7indekiler<\/p>\n<span class=\"ez-toc-title-toggle\"><a href=\"#\" class=\"ez-toc-pull-right ez-toc-btn ez-toc-btn-xs ez-toc-btn-default ez-toc-toggle\" aria-label=\"Toggle Table of Content\"><span class=\"ez-toc-js-icon-con\"><span class=\"\"><span class=\"eztoc-hide\" style=\"display:none;\">Toggle<\/span><span class=\"ez-toc-icon-toggle-span\"><svg style=\"fill: #151516;color:#151516\" xmlns=\"http:\/\/www.w3.org\/2000\/svg\" class=\"list-377408\" width=\"20px\" height=\"20px\" viewBox=\"0 0 24 24\" fill=\"none\"><path d=\"M6 6H4v2h2V6zm14 0H8v2h12V6zM4 11h2v2H4v-2zm16 0H8v2h12v-2zM4 16h2v2H4v-2zm16 0H8v2h12v-2z\" fill=\"currentColor\"><\/path><\/svg><svg style=\"fill: #151516;color:#151516\" class=\"arrow-unsorted-368013\" xmlns=\"http:\/\/www.w3.org\/2000\/svg\" width=\"10px\" height=\"10px\" viewBox=\"0 0 24 24\" version=\"1.2\" baseProfile=\"tiny\"><path d=\"M18.2 9.3l-6.2-6.3-6.2 6.3c-.2.2-.3.4-.3.7s.1.5.3.7c.2.2.4.3.7.3h11c.3 0 .5-.1.7-.3.2-.2.3-.5.3-.7s-.1-.5-.3-.7zM5.8 14.7l6.2 6.3 6.2-6.3c.2-.2.3-.5.3-.7s-.1-.5-.3-.7c-.2-.2-.4-.3-.7-.3h-11c-.3 0-.5.1-.7.3-.2.2-.3.5-.3.7s.1.5.3.7z\"\/><\/svg><\/span><\/span><\/span><\/a><\/span><\/div>\n<nav><ul class='ez-toc-list ez-toc-list-level-1 eztoc-toggle-hide-by-default' ><li class='ez-toc-page-1 ez-toc-heading-level-2'><a class=\"ez-toc-link ez-toc-heading-1\" href=\"https:\/\/www.enucuzu.com\/blog\/turkiye-populer-kosu-yarislari\/#Mutlaka_Katilinmasi_Gereken_Kosu_Yarislari\" title=\"Mutlaka Kat\u0131l\u0131nmas\u0131 Gereken Ko\u015fu Yar\u0131\u015flar\u0131\">Mutlaka Kat\u0131l\u0131nmas\u0131 Gereken Ko\u015fu Yar\u0131\u015flar\u0131<\/a><ul class='ez-toc-list-level-3' ><li class='ez-toc-heading-level-3'><a class=\"ez-toc-link ez-toc-heading-2\" href=\"https:\/\/www.enucuzu.com\/blog\/turkiye-populer-kosu-yarislari\/#Istanbul_Maratonu\" title=\"\u0130stanbul Maratonu\">\u0130stanbul Maratonu<\/a><ul class='ez-toc-list-level-4' ><li class='ez-toc-heading-level-4'><a class=\"ez-toc-link ez-toc-heading-3\" href=\"https:\/\/www.enucuzu.com\/blog\/turkiye-populer-kosu-yarislari\/#Istanbul_Maratonunun_Parkuru\" title=\"\u0130stanbul Maratonu\u2019nun Parkuru\">\u0130stanbul Maratonu\u2019nun Parkuru<\/a><\/li><li class='ez-toc-page-1 ez-toc-heading-level-4'><a class=\"ez-toc-link ez-toc-heading-4\" href=\"https:\/\/www.enucuzu.com\/blog\/turkiye-populer-kosu-yarislari\/#Parkurda_Bulunan_Onemli_Yerler\" title=\"Parkurda Bulunan \u00d6nemli Yerler\">Parkurda Bulunan \u00d6nemli Yerler<\/a><\/li><\/ul><\/li><li class='ez-toc-page-1 ez-toc-heading-level-3'><a class=\"ez-toc-link ez-toc-heading-5\" href=\"https:\/\/www.enucuzu.com\/blog\/turkiye-populer-kosu-yarislari\/#Izmir_Maratonu\" title=\"\u0130zmir Maratonu\">\u0130zmir Maratonu<\/a><ul class='ez-toc-list-level-4' ><li class='ez-toc-heading-level-4'><a class=\"ez-toc-link ez-toc-heading-6\" href=\"https:\/\/www.enucuzu.com\/blog\/turkiye-populer-kosu-yarislari\/#Izmir_Maratonunun_Parkuru\" title=\"\u0130zmir Maratonu\u2019nun Parkuru\">\u0130zmir Maratonu\u2019nun Parkuru<\/a><\/li><\/ul><\/li><li class='ez-toc-page-1 ez-toc-heading-level-3'><a class=\"ez-toc-link ez-toc-heading-7\" href=\"https:\/\/www.enucuzu.com\/blog\/turkiye-populer-kosu-yarislari\/#Runkara\" title=\"Runkara\">Runkara<\/a><ul class='ez-toc-list-level-4' ><li class='ez-toc-heading-level-4'><a class=\"ez-toc-link ez-toc-heading-8\" href=\"https:\/\/www.enucuzu.com\/blog\/turkiye-populer-kosu-yarislari\/#Runkaranin_Parkuru\" title=\"Runkara\u2019n\u0131n Parkuru\">Runkara\u2019n\u0131n Parkuru<\/a><\/li><\/ul><\/li><li class='ez-toc-page-1 ez-toc-heading-level-3'><a class=\"ez-toc-link ez-toc-heading-9\" href=\"https:\/\/www.enucuzu.com\/blog\/turkiye-populer-kosu-yarislari\/#Runtalya\" title=\"Runtalya\">Runtalya<\/a><ul class='ez-toc-list-level-4' ><li class='ez-toc-heading-level-4'><a class=\"ez-toc-link ez-toc-heading-10\" href=\"https:\/\/www.enucuzu.com\/blog\/turkiye-populer-kosu-yarislari\/#Runtalya_Parkuru\" title=\"Runtalya Parkuru\">Runtalya Parkuru<\/a><\/li><\/ul><\/li><li class='ez-toc-page-1 ez-toc-heading-level-3'><a class=\"ez-toc-link ez-toc-heading-11\" href=\"https:\/\/www.enucuzu.com\/blog\/turkiye-populer-kosu-yarislari\/#Efes_Ultra\" title=\"Efes Ultra\">Efes Ultra<\/a><ul class='ez-toc-list-level-4' ><li class='ez-toc-heading-level-4'><a class=\"ez-toc-link ez-toc-heading-12\" href=\"https:\/\/www.enucuzu.com\/blog\/turkiye-populer-kosu-yarislari\/#Efes_Ultra_Parkuru\" title=\"Efes Ultra Parkuru\">Efes Ultra Parkuru<\/a><\/li><\/ul><\/li><li class='ez-toc-page-1 ez-toc-heading-level-3'><a class=\"ez-toc-link ez-toc-heading-13\" href=\"https:\/\/www.enucuzu.com\/blog\/turkiye-populer-kosu-yarislari\/#Bozcaada_Yari_Maratonu\" title=\"Bozcaada Yar\u0131 Maratonu\">Bozcaada Yar\u0131 Maratonu<\/a><ul class='ez-toc-list-level-4' ><li class='ez-toc-heading-level-4'><a class=\"ez-toc-link ez-toc-heading-14\" href=\"https:\/\/www.enucuzu.com\/blog\/turkiye-populer-kosu-yarislari\/#Bozcaada_Yari_Maratonunun_Parkuru\" title=\"Bozcaada Yar\u0131 Maratonu\u2019nun Parkuru\">Bozcaada Yar\u0131 Maratonu\u2019nun Parkuru<\/a><\/li><\/ul><\/li><li class='ez-toc-page-1 ez-toc-heading-level-3'><a class=\"ez-toc-link ez-toc-heading-15\" href=\"https:\/\/www.enucuzu.com\/blog\/turkiye-populer-kosu-yarislari\/#Likya_Ultra_Maratonu\" title=\"Likya Ultra Maratonu\">Likya Ultra Maratonu<\/a><ul class='ez-toc-list-level-4' ><li class='ez-toc-heading-level-4'><a class=\"ez-toc-link ez-toc-heading-16\" href=\"https:\/\/www.enucuzu.com\/blog\/turkiye-populer-kosu-yarislari\/#Likya_Ultra_Maratonunun_Parkuru\" title=\"Likya Ultra Maratonu\u2019nun Parkuru\">Likya Ultra Maratonu\u2019nun Parkuru<\/a><\/li><\/ul><\/li><li class='ez-toc-page-1 ez-toc-heading-level-3'><a class=\"ez-toc-link ez-toc-heading-17\" href=\"https:\/\/www.enucuzu.com\/blog\/turkiye-populer-kosu-yarislari\/#Kapadokya_Ultra\" title=\"Kapadokya Ultra\">Kapadokya Ultra<\/a><ul class='ez-toc-list-level-4' ><li class='ez-toc-heading-level-4'><a class=\"ez-toc-link ez-toc-heading-18\" href=\"https:\/\/www.enucuzu.com\/blog\/turkiye-populer-kosu-yarislari\/#Kapadokya_Ultranin_Parkuru\" title=\"Kapadokya Ultra\u2019n\u0131n Parkuru\">Kapadokya Ultra\u2019n\u0131n Parkuru<\/a><\/li><\/ul><\/li><li class='ez-toc-page-1 ez-toc-heading-level-3'><a class=\"ez-toc-link ez-toc-heading-19\" href=\"https:\/\/www.enucuzu.com\/blog\/turkiye-populer-kosu-yarislari\/#Urlada_BirIZ_Kosusu\" title=\"Urla\u2019da Bir\u0130Z Ko\u015fusu\">Urla\u2019da Bir\u0130Z Ko\u015fusu<\/a><ul class='ez-toc-list-level-4' ><li class='ez-toc-heading-level-4'><a class=\"ez-toc-link ez-toc-heading-20\" href=\"https:\/\/www.enucuzu.com\/blog\/turkiye-populer-kosu-yarislari\/#Urlada_BirIZ_Kosusunun_Parkuru\" title=\"Urla\u2019da Bir\u0130Z Ko\u015fusu\u2019nun Parkuru\">Urla\u2019da Bir\u0130Z Ko\u015fusu\u2019nun Parkuru<\/a><\/li><\/ul><\/li><\/ul><\/li><\/ul><\/nav><\/div>\n<h2><span class=\"ez-toc-section\" id=\"Mutlaka_Katilinmasi_Gereken_Kosu_Yarislari\"><\/span>Mutlaka Kat\u0131l\u0131nmas\u0131 Gereken Ko\u015fu Yar\u0131\u015flar\u0131<span class=\"ez-toc-section-end\"><\/span><\/h2>\n<ul>\n<li>\u0130stanbul Maratonu<\/li>\n<li>\u0130zmir Maratonu<\/li>\n<li>Runkara<\/li>\n<li>Runtalya<\/li>\n<li>Efes Ultra<\/li>\n<li>Bozcaada Maratonu<\/li>\n<li>Likya Ultra Maratonu<\/li>\n<li>Kapadokya Ultra Maratonu<\/li>\n<li>Urla\u2019da Bir\u0130z Ko\u015fusu<\/li>\n<\/ul>\n<p><img fetchpriority=\"high\" decoding=\"async\" class=\"size-full wp-image-7089 aligncenter\" src=\"https:\/\/www.enucuzu.com\/blog\/wp-content\/uploads\/2024\/04\/turkiye-populer-kosu-yarislari.webp\" alt=\"Mutlaka Kat\u0131l\u0131nmas\u0131 Gereken Ko\u015fu Etkinlikleri\" width=\"1200\" height=\"675\" srcset=\"https:\/\/www.enucuzu.com\/blog\/wp-content\/uploads\/2024\/04\/turkiye-populer-kosu-yarislari.webp 1200w, https:\/\/www.enucuzu.com\/blog\/wp-content\/uploads\/2024\/04\/turkiye-populer-kosu-yarislari-768x432.webp 768w, https:\/\/www.enucuzu.com\/blog\/wp-content\/uploads\/2024\/04\/turkiye-populer-kosu-yarislari-150x84.webp 150w, https:\/\/www.enucuzu.com\/blog\/wp-content\/uploads\/2024\/04\/turkiye-populer-kosu-yarislari-450x253.webp 450w\" sizes=\"(max-width: 1200px) 100vw, 1200px\" \/><\/p>\n<p><!-- notionvc: 328cdd13-4aa9-4aa6-8a02-8ecdb22e9b61 --><\/p>\n<h3><span class=\"ez-toc-section\" id=\"Istanbul_Maratonu\"><\/span>\u0130stanbul Maratonu<span class=\"ez-toc-section-end\"><\/span><\/h3>\n<p>\u0130stanbul Maratonu tart\u0131\u015fmas\u0131z T\u00fcrkiye\u2019de en \u00e7ok ki\u015finin kat\u0131ld\u0131\u011f\u0131 ko\u015fu yar\u0131\u015f\u0131d\u0131r. \u0130stanbul Maratonu\u2019nu \u00f6zel k\u0131lan ba\u015fl\u0131ca detay Asya ve Avrupa k\u0131talar\u0131n\u0131n birbirine ba\u011flayan bo\u011faz k\u00f6pr\u00fcs\u00fc \u00fczerinde ko\u015fulmas\u0131d\u0131r.<\/p>\n<p>Ko\u015fu yar\u0131\u015f\u0131n\u0131n oldu\u011fu g\u00fcn ba\u015fta bo\u011faz k\u00f6pr\u00fcs\u00fc olmak \u00fczere \u0130stanbul\u2019daki i\u015flek caddeler ko\u015fu i\u00e7in ara\u00e7 trafi\u011fine kapat\u0131l\u0131yor. B\u00f6ylece ko\u015fuya kat\u0131larak iki k\u0131tay\u0131 ko\u015farak ge\u00e7ebilirsiniz.<\/p>\n<p>Yar\u0131\u015fa kat\u0131lmak istemezseniz ko\u015fu yar\u0131\u015f\u0131n\u0131n hemen ard\u0131ndan d\u00fczenlenen y\u00fcr\u00fcy\u00fc\u015fe de kat\u0131labilirsiniz. Yine de y\u00fcr\u00fcy\u00fc\u015f biraz kalabal\u0131k olaca\u011f\u0131 i\u00e7in isterseniz ko\u015fuya kay\u0131t olup rota \u00fczerinde y\u00fcr\u00fcy\u00fc\u015f de yapabilirsiniz.<\/p>\n<h4><span class=\"ez-toc-section\" id=\"Istanbul_Maratonunun_Parkuru\"><\/span>\u0130stanbul Maratonu\u2019nun Parkuru<span class=\"ez-toc-section-end\"><\/span><\/h4>\n<p>\u0130stanbul Maratonu ad\u0131ndan da anla\u015f\u0131laca\u011f\u0131 \u00fczere 42 kilometrelik bir ko\u015fuyu kapsar ancak dilerseniz 15 kilometrelik ko\u015fuya da kay\u0131t yapt\u0131rabilirsiniz.<\/p>\n<h4><span class=\"ez-toc-section\" id=\"Parkurda_Bulunan_Onemli_Yerler\"><\/span>Parkurda Bulunan \u00d6nemli Yerler<span class=\"ez-toc-section-end\"><\/span><\/h4>\n<ul>\n<li>15 Temmuz \u015eehitler K\u00f6pr\u00fcs\u00fc &#8211; Parkurun ba\u015flang\u0131\u00e7 noktas\u0131<\/li>\n<li>Deniz M\u00fczesi &#8211; 5 Kilometre<\/li>\n<li>Dolmabah\u00e7e Saray\u0131 &#8211; 6 Kilometre<\/li>\n<li>F\u0131nd\u0131kl\u0131 Cami &#8211; 7 Kilometre<\/li>\n<li>Galata K\u00f6pr\u00fcs\u00fc &#8211; 9 Kilometre<\/li>\n<li>Yeni Camii, M\u0131s\u0131r \u00c7ar\u015f\u0131s\u0131, Sirkeci Tren Gar &#8211; 10 Kilometre<\/li>\n<li>Sepet\u00e7iler Kasr\u0131, Topkap\u0131 Saray\u0131 &#8211; 11 Kilometre<\/li>\n<li>Ah\u0131rkap\u0131 Sis ve D\u00fcd\u00fck Feneri &#8211; 12 Kilometre<\/li>\n<li>K\u00fc\u00e7\u00fck Ayasofya &#8211; 13 Kilometre<\/li>\n<li>Baruthane &#8211; 27 Kilometre<\/li>\n<li>Hava Harp okulu &#8211; 28 Kilometre<\/li>\n<li>G\u00fclhane &#8211; 40 Kilometre<\/li>\n<li>Sultanahmet &#8211; 42 Kilometre<\/li>\n<\/ul>\n<h3><span class=\"ez-toc-section\" id=\"Izmir_Maratonu\"><\/span>\u0130zmir Maratonu<span class=\"ez-toc-section-end\"><\/span><\/h3>\n<p>\u0130zmir\u2019in en bilinen ko\u015fu yar\u0131\u015flar\u0131ndan birisi olan \u0130zmir Maratonu \u0130zmir\u2019in sahilinde d\u00fczenlenen bir maraton ko\u015fusudur. Ko\u015fu her sene bir\u00e7ok ki\u015fiyi b\u00fcnyesinde a\u011f\u0131rlar ve ayn\u0131 ama\u00e7 u\u011fruna toplanm\u0131\u015f bir\u00e7ok ki\u015fi \u0130zmir\u2019in e\u015fsiz manzaras\u0131 e\u015fli\u011finde ko\u015far.<\/p>\n<h4><span class=\"ez-toc-section\" id=\"Izmir_Maratonunun_Parkuru\"><\/span>\u0130zmir Maratonu\u2019nun Parkuru<span class=\"ez-toc-section-end\"><\/span><\/h4>\n<p>\u0130zmir Maratonu da her maraton yar\u0131\u015f\u0131nda oldu\u011fu gibi 42 kilometredir ancak dilerseniz 10 kilometre parkuru da bulunuyor ve maraton ko\u015fmak istemezseniz 10 kilometre yar\u0131\u015f\u0131na da kaydolabilirsiniz.<\/p>\n<h3><span class=\"ez-toc-section\" id=\"Runkara\"><\/span>Runkara<span class=\"ez-toc-section-end\"><\/span><\/h3>\n<p>Ankara\u2019da d\u00fczenlenen Runkara ko\u015fusu bir yar\u0131 maratondur ve T\u00fcrkiye\u2019deki ilk yar\u0131 maraton organizasyonudur. Ko\u015fu organizasyonu, yar\u0131-maratonun ard\u0131ndan e\u011flence ama\u00e7l\u0131 k\u0131sa k\u0131sa yar\u0131\u015flarda d\u00fczenleniyor.<\/p>\n<h4><span class=\"ez-toc-section\" id=\"Runkaranin_Parkuru\"><\/span>Runkara\u2019n\u0131n Parkuru<span class=\"ez-toc-section-end\"><\/span><\/h4>\n<p>Runkara yar\u0131\u015f\u0131 belirtildi\u011fi \u00fczere bir yar\u0131 maratondur ve 21 kilometrelik bir ko\u015fuyu kapsamaktad\u0131r. E\u011fer 21 kilometre ko\u015fmak istemiyorsan\u0131z 10 kilometre de ko\u015fabilirsiniz.<\/p>\n<p>Ayn\u0131 zamanda gruplu olarak veya ailecek de kat\u0131l\u0131nabiliyor. Senelere g\u00f6re de\u011fi\u015fkenlik g\u00f6sterebilir ancak yar\u0131\u015f genelde An\u0131tkabir\u2019de ba\u015fl\u0131yor ve ATO Congresium&#8217;da bitiyor.<\/p>\n<h3><span class=\"ez-toc-section\" id=\"Runtalya\"><\/span>Runtalya<span class=\"ez-toc-section-end\"><\/span><\/h3>\n<p>T\u00fcrkiye\u2019nin en pop\u00fcler ko\u015fu yar\u0131\u015flar\u0131ndan birisi olan Runtalya, Antalya\u2019n\u0131n u\u00e7suz bucaks\u0131z sahil \u015feridinde yap\u0131lan bir ko\u015fu organizasyonudur. Her y\u0131l hem T\u00fcrkiye\u2019nin hem de d\u00fcnyan\u0131n \u00e7e\u015fitli yerlerinden bir\u00e7ok ki\u015fiyi b\u00fcnyesinde a\u011f\u0131rlar.<\/p>\n<p><img decoding=\"async\" class=\"size-full wp-image-7090 aligncenter\" src=\"https:\/\/www.enucuzu.com\/blog\/wp-content\/uploads\/2024\/04\/turkiye-populer-kosu-yarislari-1.webp\" alt=\"Runtalya\" width=\"1200\" height=\"675\" srcset=\"https:\/\/www.enucuzu.com\/blog\/wp-content\/uploads\/2024\/04\/turkiye-populer-kosu-yarislari-1.webp 1200w, https:\/\/www.enucuzu.com\/blog\/wp-content\/uploads\/2024\/04\/turkiye-populer-kosu-yarislari-1-768x432.webp 768w, https:\/\/www.enucuzu.com\/blog\/wp-content\/uploads\/2024\/04\/turkiye-populer-kosu-yarislari-1-150x84.webp 150w, https:\/\/www.enucuzu.com\/blog\/wp-content\/uploads\/2024\/04\/turkiye-populer-kosu-yarislari-1-450x253.webp 450w\" sizes=\"(max-width: 1200px) 100vw, 1200px\" \/><\/p>\n<h4><span class=\"ez-toc-section\" id=\"Runtalya_Parkuru\"><\/span>Runtalya Parkuru<span class=\"ez-toc-section-end\"><\/span><\/h4>\n<p>Runtalya organizasyonunda da di\u011ferleri gibi farkl\u0131 ko\u015fu kategorileri bulunuyor. Ko\u015fu kategorileri de 5km, 10km , 21km ve 42km\u2019lik ko\u015fu parkurlar\u0131n\u0131 i\u00e7eriyor. Ko\u015funun ba\u015flang\u0131\u00e7 noktas\u0131 Antalya Atat\u00fcrk K\u00fclt\u00fcr Merkezi\u2019nde ba\u015flayan yar\u0131\u015f sahil \u015feridinde devam ediyor.<\/p>\n<h3><span class=\"ez-toc-section\" id=\"Efes_Ultra\"><\/span>Efes Ultra<span class=\"ez-toc-section-end\"><\/span><\/h3>\n<p>\u0130zmir\u2019in Sel\u00e7uk il\u00e7esinde d\u00fczenlenen organizasyonda hem do\u011fan\u0131n i\u00e7erisinde hem de Efes Antik Kenti\u2019nden ge\u00e7iyor. B\u00f6ylece ko\u015farak do\u011fa ve tarih dolu keyifli deneyim elde edebilirsiniz.<\/p>\n<h4><span class=\"ez-toc-section\" id=\"Efes_Ultra_Parkuru\"><\/span>Efes Ultra Parkuru<span class=\"ez-toc-section-end\"><\/span><\/h4>\n<p>Efes Ultra Maratonu, olduk\u00e7a uzun mesafeli ko\u015fular\u0131 i\u00e7eren bir ultra maraton yar\u0131\u015f\u0131d\u0131r. Ancak dilerseniz ko\u015fu organizasyonun d\u00fczenledi\u011fi k\u0131sa mesafeli yar\u0131\u015flara da kat\u0131labilirsiniz.<\/p>\n<p>Efes Ultra\u2019daki parkurlar uzunlu\u011funa g\u00f6re \u015fu \u015fekilde s\u0131ralan\u0131yor.<\/p>\n<p>6 km, 12 km, 27 km, 42 km (maraton), 61 km (ultra maraton), 120 km (ultra maraton)<\/p>\n<h3><span class=\"ez-toc-section\" id=\"Bozcaada_Yari_Maratonu\"><\/span>Bozcaada Yar\u0131 Maratonu<span class=\"ez-toc-section-end\"><\/span><\/h3>\n<p>Bozcaada Yar\u0131 Maratonu, konumu ve organizasyonu ile birlikte T\u00fcrkiye\u2019deki pop\u00fcler ko\u015fu yar\u0131\u015flar\u0131ndan birisidir. Her y\u0131l bir\u00e7ok yar\u0131\u015fmac\u0131y\u0131 a\u011f\u0131rlar. Yar\u0131\u015f boyunca Bozcaada\u2019n\u0131n tarihi ve do\u011fal g\u00fczelliklerine tan\u0131k olacaks\u0131n\u0131z.<\/p>\n<h4><span class=\"ez-toc-section\" id=\"Bozcaada_Yari_Maratonunun_Parkuru\"><\/span>Bozcaada Yar\u0131 Maratonu\u2019nun Parkuru<span class=\"ez-toc-section-end\"><\/span><\/h4>\n<p>Bozcaada Yar\u0131 Maratonu, 21 kilometrelik bir yar\u0131 maratondur ancak daha k\u0131sa mesafe ko\u015fmak isterseniz 10 kilometrelik parkura da kaydolabilirsiniz.<\/p>\n<h3><span class=\"ez-toc-section\" id=\"Likya_Ultra_Maratonu\"><\/span>Likya Ultra Maratonu<span class=\"ez-toc-section-end\"><\/span><\/h3>\n<p>Likya Ultra Maratonu, d\u00fcnyan\u0131n en g\u00fczel y\u00fcr\u00fcy\u00fc\u015f yollar\u0131ndan birisi olarak kabul edilen \u201cTarihi Likya Yolu\u201d \u00fczerinde d\u00fczenlenen bir ultra maratondur. Burada ko\u015farken ge\u00e7mi\u015f \u00e7a\u011flardan kalma \u00e7e\u015fitli kal\u0131nt\u0131lara ve do\u011fan\u0131n e\u015fsiz manzaras\u0131na tan\u0131k olacaks\u0131n\u0131z.<\/p>\n<h4><span class=\"ez-toc-section\" id=\"Likya_Ultra_Maratonunun_Parkuru\"><\/span>Likya Ultra Maratonu\u2019nun Parkuru<span class=\"ez-toc-section-end\"><\/span><\/h4>\n<p>Likya Ultra Maratonu asl\u0131nda 57 kilometrelik bir ko\u015fu parkurunu kapsar. Yine de 20 km ve 37 km olan ko\u015fu parkurlar\u0131na da kay\u0131t yapt\u0131rabilirsiniz.<\/p>\n<h3><span class=\"ez-toc-section\" id=\"Kapadokya_Ultra\"><\/span>Kapadokya Ultra<span class=\"ez-toc-section-end\"><\/span><\/h3>\n<p>Kapadokya Ultra, T\u00fcrkiye\u2019nin en g\u00fczel co\u011frafyalar\u0131ndan birisi olan Kapadokya\u2019da ko\u015fulan bir yar\u0131\u015ft\u0131r. Yar\u0131\u015f ortam\u0131 ve \u00e7evresindeki ko\u015fu alanlar\u0131 olduk\u00e7a etkileyici olsa da mesafe ve yollar sebebiyle T\u00fcrkiye\u2019deki en zor ko\u015fu parkurlar\u0131ndan birisi olarak kabul edilmektedir.<\/p>\n<p><img decoding=\"async\" class=\"size-full wp-image-7091 aligncenter\" src=\"https:\/\/www.enucuzu.com\/blog\/wp-content\/uploads\/2024\/04\/turkiye-populer-kosu-yarislari-2.webp\" alt=\"T\u00fcrkiye\u2019deki Pop\u00fcler Ko\u015fu Yar\u0131\u015flar\u0131\" width=\"1200\" height=\"675\" srcset=\"https:\/\/www.enucuzu.com\/blog\/wp-content\/uploads\/2024\/04\/turkiye-populer-kosu-yarislari-2.webp 1200w, https:\/\/www.enucuzu.com\/blog\/wp-content\/uploads\/2024\/04\/turkiye-populer-kosu-yarislari-2-768x432.webp 768w, https:\/\/www.enucuzu.com\/blog\/wp-content\/uploads\/2024\/04\/turkiye-populer-kosu-yarislari-2-150x84.webp 150w, https:\/\/www.enucuzu.com\/blog\/wp-content\/uploads\/2024\/04\/turkiye-populer-kosu-yarislari-2-450x253.webp 450w\" sizes=\"(max-width: 1200px) 100vw, 1200px\" \/><\/p>\n<h4><span class=\"ez-toc-section\" id=\"Kapadokya_Ultranin_Parkuru\"><\/span>Kapadokya Ultra\u2019n\u0131n Parkuru<span class=\"ez-toc-section-end\"><\/span><\/h4>\n<p>Kapadokya Ultra\u2019n\u0131n en uzun parkuru 119 kilometredir ve T\u00fcrkiye\u2019nin en uzun ko\u015fu parkurlar\u0131 aras\u0131nda yer al\u0131r. Di\u011fer parkurlar\u0131 ise 63 ve 38 kilometredir.<\/p>\n<h3><span class=\"ez-toc-section\" id=\"Urlada_BirIZ_Kosusu\"><\/span>Urla\u2019da Bir\u0130Z Ko\u015fusu<span class=\"ez-toc-section-end\"><\/span><\/h3>\n<p>\u0130zmir\u2019in Urla il\u00e7esinde yap\u0131lan bir ko\u015fu yar\u0131\u015fmas\u0131d\u0131r. Urla E\u011fitim Vakf\u0131 taraf\u0131ndan e\u011fitim g\u00f6ren \u00f6\u011frencilere ba\u011f\u0131\u015f toplamak amac\u0131yla organize edilmi\u015f bir ko\u015fu yar\u0131\u015f\u0131d\u0131r. B\u00f6ylece yar\u0131\u015fmac\u0131lara hem sportif bir e\u011flence imkan\u0131 hem de sosyal yard\u0131m yapma imkan\u0131 sa\u011fl\u0131yor.<\/p>\n<p><img loading=\"lazy\" decoding=\"async\" class=\"size-full wp-image-7092 aligncenter\" src=\"https:\/\/www.enucuzu.com\/blog\/wp-content\/uploads\/2024\/04\/turkiye-populer-kosu-yarislari-3.webp\" alt=\"Urla\u2019da Bir\u0130Z Ko\u015fusu\" width=\"1200\" height=\"675\" srcset=\"https:\/\/www.enucuzu.com\/blog\/wp-content\/uploads\/2024\/04\/turkiye-populer-kosu-yarislari-3.webp 1200w, https:\/\/www.enucuzu.com\/blog\/wp-content\/uploads\/2024\/04\/turkiye-populer-kosu-yarislari-3-768x432.webp 768w, https:\/\/www.enucuzu.com\/blog\/wp-content\/uploads\/2024\/04\/turkiye-populer-kosu-yarislari-3-150x84.webp 150w, https:\/\/www.enucuzu.com\/blog\/wp-content\/uploads\/2024\/04\/turkiye-populer-kosu-yarislari-3-450x253.webp 450w\" sizes=\"(max-width: 1200px) 100vw, 1200px\" \/><\/p>\n<p>Hen\u00fcz yeni bir ko\u015fu organizasyonu olmas\u0131na ra\u011fmen bir\u00e7ok yar\u0131\u015f\u00e7\u0131ya ev sahipli\u011fi yapm\u0131\u015ft\u0131r. Ko\u015fu esnas\u0131nda Urla\u2019n\u0131n do\u011fas\u0131na, deniz k\u0131y\u0131lar\u0131na ve \u201cTarihi Karantina Adas\u0131\u201dn\u0131n e\u015fsiz manzaralar\u0131na tan\u0131kl\u0131k edeceksiniz.<\/p>\n<h4><span class=\"ez-toc-section\" id=\"Urlada_BirIZ_Kosusunun_Parkuru\"><\/span>Urla\u2019da Bir\u0130Z Ko\u015fusu\u2019nun Parkuru<span class=\"ez-toc-section-end\"><\/span><\/h4>\n<p>Urla\u2019da Bir\u0130Z Ko\u015fusu\u2019nun parkuru, 6 ve 10 kilometrelik bir parkuru kaps\u0131yor. Ko\u015fu parkurunun \u00e7evrsinde a\u011fa\u00e7l\u0131k yollar, Tarihi Karantina Adas\u0131 ve kum denizi bulunuyor.<\/p>\n<p><!-- notionvc: 07fd8578-1fad-46f4-985c-195c631b962f --><\/p>\n<p><!-- notionvc: d57b5e96-dcea-4051-b803-6ebc94661315 --><\/p>\n<p><!-- notionvc: 533a9035-e43f-4f9f-8935-01b97a0e5d8c --><\/p>\n<p><!-- notionvc: a9ac1d0a-6582-4063-8226-2a15dca1e9b4 --><\/p>\n","protected":false},"excerpt":{"rendered":"<p>Spor hem sa\u011fl\u0131kl\u0131 ya\u015fam hem de e\u011flenceli bir aktivite imkan\u0131 sunar. Ayn\u0131 zamanda sosyal olarak ki\u015fileri bir araya getiren spor aktiviteleri, gezi severler i\u00e7in de e\u015fsiz bir f\u0131rsatt\u0131r \u00e7\u00fcnk\u00fc spor aktiviteleri T\u00fcrkiye\u2019nin hemen her b\u00f6lgesinde d\u00fczenlenmektedir. B\u00f6ylece hem sosyal hem de e\u011flenceli hem de bir \u00e7e\u015fit gezi etkinli\u011fi olarak kabul edilebilir. Ko\u015fu yar\u0131\u015flar\u0131 hem gezi<\/p>\n","protected":false},"author":1,"featured_media":7093,"comment_status":"open","ping_status":"open","sticky":false,"template":"","format":"standard","meta":{"footnotes":""},"categories":[1],"tags":[411,412,410,409,413,414],"yoast_head":"<!-- This site is optimized with the Yoast SEO plugin v24.5 - https:\/\/yoast.com\/wordpress\/plugins\/seo\/ -->\n<title>T\u00fcrkiye\u2019deki Pop\u00fcler Ko\u015fu Yar\u0131\u015flar\u0131 - Enucuzu Blog<\/title>\n<meta name=\"description\" content=\"Bu makalemizde T\u00fcrkiye&#039;deki pop\u00fcler ko\u015fu yar\u0131\u015flar\u0131 ve parkurlar\u0131 hakk\u0131nda merak edilen ayr\u0131nt\u0131lar\u0131 ele ald\u0131k.\" \/>\n<meta name=\"robots\" content=\"index, follow, max-snippet:-1, max-image-preview:large, max-video-preview:-1\" \/>\n<link rel=\"canonical\" href=\"https:\/\/www.enucuzu.com\/blog\/turkiye-populer-kosu-yarislari\" \/>\n<meta property=\"og:locale\" content=\"tr_TR\" \/>\n<meta property=\"og:type\" content=\"article\" \/>\n<meta property=\"og:title\" content=\"T\u00fcrkiye\u2019deki Pop\u00fcler Ko\u015fu Yar\u0131\u015flar\u0131 - Enucuzu Blog\" \/>\n<meta property=\"og:description\" content=\"Bu makalemizde T\u00fcrkiye&#039;deki pop\u00fcler ko\u015fu yar\u0131\u015flar\u0131 ve parkurlar\u0131 hakk\u0131nda merak edilen ayr\u0131nt\u0131lar\u0131 ele ald\u0131k.\" \/>\n<meta property=\"og:url\" content=\"https:\/\/www.enucuzu.com\/blog\/turkiye-populer-kosu-yarislari\" \/>\n<meta property=\"og:site_name\" content=\"Enucuzu Blog\" \/>\n<meta property=\"article:publisher\" content=\"https:\/\/www.facebook.com\/eenucuzucom\" \/>\n<meta property=\"article:published_time\" content=\"2024-04-29T14:09:30+00:00\" \/>\n<meta property=\"og:image\" content=\"https:\/\/www.enucuzu.com\/blog\/wp-content\/uploads\/2024\/04\/turkiye-populer-kosu-yarislari-ve-parkurlari.webp\" \/>\n\t<meta property=\"og:image:width\" content=\"1200\" \/>\n\t<meta property=\"og:image:height\" content=\"675\" \/>\n\t<meta property=\"og:image:type\" content=\"image\/webp\" \/>\n<meta name=\"author\" content=\"Enucuzu.com\" \/>\n<meta name=\"twitter:card\" content=\"summary_large_image\" \/>\n<meta name=\"twitter:creator\" content=\"@ComEnucuzu\" \/>\n<meta name=\"twitter:site\" content=\"@ComEnucuzu\" \/>\n<meta name=\"twitter:label1\" content=\"Yazan:\" \/>\n\t<meta name=\"twitter:data1\" content=\"Enucuzu.com\" \/>\n\t<meta name=\"twitter:label2\" content=\"Tahmini okuma s\u00fcresi\" \/>\n\t<meta name=\"twitter:data2\" content=\"7 dakika\" \/>\n<script type=\"application\/ld+json\" class=\"yoast-schema-graph\">{\"@context\":\"https:\/\/schema.org\",\"@graph\":[{\"@type\":\"Article\",\"@id\":\"https:\/\/www.enucuzu.com\/blog\/turkiye-populer-kosu-yarislari#article\",\"isPartOf\":{\"@id\":\"https:\/\/www.enucuzu.com\/blog\/turkiye-populer-kosu-yarislari\"},\"author\":{\"name\":\"Enucuzu.com\",\"@id\":\"https:\/\/www.enucuzu.com\/blog\/#\/schema\/person\/c8da9ab007d48619220989a1b3fc4c5d\"},\"headline\":\"T\u00fcrkiye\u2019deki Pop\u00fcler Ko\u015fu Yar\u0131\u015flar\u0131\",\"datePublished\":\"2024-04-29T14:09:30+00:00\",\"mainEntityOfPage\":{\"@id\":\"https:\/\/www.enucuzu.com\/blog\/turkiye-populer-kosu-yarislari\"},\"wordCount\":1219,\"commentCount\":0,\"publisher\":{\"@id\":\"https:\/\/www.enucuzu.com\/blog\/#organization\"},\"image\":{\"@id\":\"https:\/\/www.enucuzu.com\/blog\/turkiye-populer-kosu-yarislari#primaryimage\"},\"thumbnailUrl\":\"https:\/\/www.enucuzu.com\/blog\/wp-content\/uploads\/2024\/04\/turkiye-populer-kosu-yarislari-ve-parkurlari.webp\",\"keywords\":[\"\u0130stanbul Maratonu\",\"\u0130zmir Maratonu\",\"Ko\u015fu Etkinli\u011fi\",\"Ko\u015fu Yar\u0131\u015f\u0131\",\"Runkara\",\"Runtalya\"],\"articleSection\":[\"Rehber\"],\"inLanguage\":\"tr\",\"potentialAction\":[{\"@type\":\"CommentAction\",\"name\":\"Comment\",\"target\":[\"https:\/\/www.enucuzu.com\/blog\/turkiye-populer-kosu-yarislari#respond\"]}]},{\"@type\":\"WebPage\",\"@id\":\"https:\/\/www.enucuzu.com\/blog\/turkiye-populer-kosu-yarislari\",\"url\":\"https:\/\/www.enucuzu.com\/blog\/turkiye-populer-kosu-yarislari\",\"name\":\"T\u00fcrkiye\u2019deki Pop\u00fcler Ko\u015fu Yar\u0131\u015flar\u0131 - Enucuzu Blog\",\"isPartOf\":{\"@id\":\"https:\/\/www.enucuzu.com\/blog\/#website\"},\"primaryImageOfPage\":{\"@id\":\"https:\/\/www.enucuzu.com\/blog\/turkiye-populer-kosu-yarislari#primaryimage\"},\"image\":{\"@id\":\"https:\/\/www.enucuzu.com\/blog\/turkiye-populer-kosu-yarislari#primaryimage\"},\"thumbnailUrl\":\"https:\/\/www.enucuzu.com\/blog\/wp-content\/uploads\/2024\/04\/turkiye-populer-kosu-yarislari-ve-parkurlari.webp\",\"datePublished\":\"2024-04-29T14:09:30+00:00\",\"description\":\"Bu makalemizde T\u00fcrkiye'deki pop\u00fcler ko\u015fu yar\u0131\u015flar\u0131 ve parkurlar\u0131 hakk\u0131nda merak edilen ayr\u0131nt\u0131lar\u0131 ele ald\u0131k.\",\"breadcrumb\":{\"@id\":\"https:\/\/www.enucuzu.com\/blog\/turkiye-populer-kosu-yarislari#breadcrumb\"},\"inLanguage\":\"tr\",\"potentialAction\":[{\"@type\":\"ReadAction\",\"target\":[\"https:\/\/www.enucuzu.com\/blog\/turkiye-populer-kosu-yarislari\"]}]},{\"@type\":\"ImageObject\",\"inLanguage\":\"tr\",\"@id\":\"https:\/\/www.enucuzu.com\/blog\/turkiye-populer-kosu-yarislari#primaryimage\",\"url\":\"https:\/\/www.enucuzu.com\/blog\/wp-content\/uploads\/2024\/04\/turkiye-populer-kosu-yarislari-ve-parkurlari.webp\",\"contentUrl\":\"https:\/\/www.enucuzu.com\/blog\/wp-content\/uploads\/2024\/04\/turkiye-populer-kosu-yarislari-ve-parkurlari.webp\",\"width\":1200,\"height\":675,\"caption\":\"T\u00fcrkiye\u2019deki Pop\u00fcler Ko\u015fu Yar\u0131\u015flar\u0131\"},{\"@type\":\"BreadcrumbList\",\"@id\":\"https:\/\/www.enucuzu.com\/blog\/turkiye-populer-kosu-yarislari#breadcrumb\",\"itemListElement\":[{\"@type\":\"ListItem\",\"position\":1,\"name\":\"Ana Sayfa\",\"item\":\"https:\/\/www.enucuzu.com\/blog\/\"},{\"@type\":\"ListItem\",\"position\":2,\"name\":\"T\u00fcrkiye\u2019deki Pop\u00fcler Ko\u015fu Yar\u0131\u015flar\u0131\"}]},{\"@type\":\"WebSite\",\"@id\":\"https:\/\/www.enucuzu.com\/blog\/#website\",\"url\":\"https:\/\/www.enucuzu.com\/blog\/\",\"name\":\"Enucuzu Blog\",\"description\":\"\",\"publisher\":{\"@id\":\"https:\/\/www.enucuzu.com\/blog\/#organization\"},\"alternateName\":\"Enucuzu Blog\",\"potentialAction\":[{\"@type\":\"SearchAction\",\"target\":{\"@type\":\"EntryPoint\",\"urlTemplate\":\"https:\/\/www.enucuzu.com\/blog\/?s={search_term_string}\"},\"query-input\":{\"@type\":\"PropertyValueSpecification\",\"valueRequired\":true,\"valueName\":\"search_term_string\"}}],\"inLanguage\":\"tr\"},{\"@type\":\"Organization\",\"@id\":\"https:\/\/www.enucuzu.com\/blog\/#organization\",\"name\":\"Enucuzu.com\",\"alternateName\":\"Enucuzu\",\"url\":\"https:\/\/www.enucuzu.com\/blog\/\",\"logo\":{\"@type\":\"ImageObject\",\"inLanguage\":\"tr\",\"@id\":\"https:\/\/www.enucuzu.com\/blog\/#\/schema\/logo\/image\/\",\"url\":\"https:\/\/www.enucuzu.com\/blog\/wp-content\/uploads\/2023\/10\/enucuzu-com.webp\",\"contentUrl\":\"https:\/\/www.enucuzu.com\/blog\/wp-content\/uploads\/2023\/10\/enucuzu-com.webp\",\"width\":500,\"height\":500,\"caption\":\"Enucuzu.com\"},\"image\":{\"@id\":\"https:\/\/www.enucuzu.com\/blog\/#\/schema\/logo\/image\/\"},\"sameAs\":[\"https:\/\/www.facebook.com\/eenucuzucom\",\"https:\/\/x.com\/ComEnucuzu\",\"https:\/\/www.instagram.com\/enucuzu_com\/\"]},{\"@type\":\"Person\",\"@id\":\"https:\/\/www.enucuzu.com\/blog\/#\/schema\/person\/c8da9ab007d48619220989a1b3fc4c5d\",\"name\":\"Enucuzu.com\",\"image\":{\"@type\":\"ImageObject\",\"inLanguage\":\"tr\",\"@id\":\"https:\/\/www.enucuzu.com\/blog\/#\/schema\/person\/image\/\",\"url\":\"https:\/\/www.enucuzu.com\/blog\/wp-content\/uploads\/2023\/10\/enucuzu-com-profil-96x96.webp\",\"contentUrl\":\"https:\/\/www.enucuzu.com\/blog\/wp-content\/uploads\/2023\/10\/enucuzu-com-profil-96x96.webp\",\"caption\":\"Enucuzu.com\"},\"description\":\"Enucuzu.com ile en ucuz u\u00e7ak ve otob\u00fcs bileti kampanyalar\u0131n\u0131 takip edin, bir sonraki seyahatinizi \u015fimdiden planmaya ba\u015flay\u0131n!\",\"sameAs\":[\"http:\/\/www.enucuzu.com\/blog\"],\"url\":\"https:\/\/www.enucuzu.com\/blog\/yazar\/enucuzu-com\"}]}<\/script>\n<!-- \/ Yoast SEO plugin. -->","yoast_head_json":{"title":"T\u00fcrkiye\u2019deki Pop\u00fcler Ko\u015fu Yar\u0131\u015flar\u0131 - Enucuzu Blog","description":"Bu makalemizde T\u00fcrkiye'deki pop\u00fcler ko\u015fu yar\u0131\u015flar\u0131 ve parkurlar\u0131 hakk\u0131nda merak edilen ayr\u0131nt\u0131lar\u0131 ele ald\u0131k.","robots":{"index":"index","follow":"follow","max-snippet":"max-snippet:-1","max-image-preview":"max-image-preview:large","max-video-preview":"max-video-preview:-1"},"canonical":"https:\/\/www.enucuzu.com\/blog\/turkiye-populer-kosu-yarislari","og_locale":"tr_TR","og_type":"article","og_title":"T\u00fcrkiye\u2019deki Pop\u00fcler Ko\u015fu Yar\u0131\u015flar\u0131 - Enucuzu Blog","og_description":"Bu makalemizde T\u00fcrkiye'deki pop\u00fcler ko\u015fu yar\u0131\u015flar\u0131 ve parkurlar\u0131 hakk\u0131nda merak edilen ayr\u0131nt\u0131lar\u0131 ele ald\u0131k.","og_url":"https:\/\/www.enucuzu.com\/blog\/turkiye-populer-kosu-yarislari","og_site_name":"Enucuzu Blog","article_publisher":"https:\/\/www.facebook.com\/eenucuzucom","article_published_time":"2024-04-29T14:09:30+00:00","og_image":[{"width":1200,"height":675,"url":"https:\/\/www.enucuzu.com\/blog\/wp-content\/uploads\/2024\/04\/turkiye-populer-kosu-yarislari-ve-parkurlari.webp","type":"image\/webp"}],"author":"Enucuzu.com","twitter_card":"summary_large_image","twitter_creator":"@ComEnucuzu","twitter_site":"@ComEnucuzu","twitter_misc":{"Yazan:":"Enucuzu.com","Tahmini okuma s\u00fcresi":"7 dakika"},"schema":{"@context":"https:\/\/schema.org","@graph":[{"@type":"Article","@id":"https:\/\/www.enucuzu.com\/blog\/turkiye-populer-kosu-yarislari#article","isPartOf":{"@id":"https:\/\/www.enucuzu.com\/blog\/turkiye-populer-kosu-yarislari"},"author":{"name":"Enucuzu.com","@id":"https:\/\/www.enucuzu.com\/blog\/#\/schema\/person\/c8da9ab007d48619220989a1b3fc4c5d"},"headline":"T\u00fcrkiye\u2019deki Pop\u00fcler Ko\u015fu Yar\u0131\u015flar\u0131","datePublished":"2024-04-29T14:09:30+00:00","mainEntityOfPage":{"@id":"https:\/\/www.enucuzu.com\/blog\/turkiye-populer-kosu-yarislari"},"wordCount":1219,"commentCount":0,"publisher":{"@id":"https:\/\/www.enucuzu.com\/blog\/#organization"},"image":{"@id":"https:\/\/www.enucuzu.com\/blog\/turkiye-populer-kosu-yarislari#primaryimage"},"thumbnailUrl":"https:\/\/www.enucuzu.com\/blog\/wp-content\/uploads\/2024\/04\/turkiye-populer-kosu-yarislari-ve-parkurlari.webp","keywords":["\u0130stanbul Maratonu","\u0130zmir Maratonu","Ko\u015fu Etkinli\u011fi","Ko\u015fu Yar\u0131\u015f\u0131","Runkara","Runtalya"],"articleSection":["Rehber"],"inLanguage":"tr","potentialAction":[{"@type":"CommentAction","name":"Comment","target":["https:\/\/www.enucuzu.com\/blog\/turkiye-populer-kosu-yarislari#respond"]}]},{"@type":"WebPage","@id":"https:\/\/www.enucuzu.com\/blog\/turkiye-populer-kosu-yarislari","url":"https:\/\/www.enucuzu.com\/blog\/turkiye-populer-kosu-yarislari","name":"T\u00fcrkiye\u2019deki Pop\u00fcler Ko\u015fu Yar\u0131\u015flar\u0131 - Enucuzu Blog","isPartOf":{"@id":"https:\/\/www.enucuzu.com\/blog\/#website"},"primaryImageOfPage":{"@id":"https:\/\/www.enucuzu.com\/blog\/turkiye-populer-kosu-yarislari#primaryimage"},"image":{"@id":"https:\/\/www.enucuzu.com\/blog\/turkiye-populer-kosu-yarislari#primaryimage"},"thumbnailUrl":"https:\/\/www.enucuzu.com\/blog\/wp-content\/uploads\/2024\/04\/turkiye-populer-kosu-yarislari-ve-parkurlari.webp","datePublished":"2024-04-29T14:09:30+00:00","description":"Bu makalemizde T\u00fcrkiye'deki pop\u00fcler ko\u015fu yar\u0131\u015flar\u0131 ve parkurlar\u0131 hakk\u0131nda merak edilen ayr\u0131nt\u0131lar\u0131 ele ald\u0131k.","breadcrumb":{"@id":"https:\/\/www.enucuzu.com\/blog\/turkiye-populer-kosu-yarislari#breadcrumb"},"inLanguage":"tr","potentialAction":[{"@type":"ReadAction","target":["https:\/\/www.enucuzu.com\/blog\/turkiye-populer-kosu-yarislari"]}]},{"@type":"ImageObject","inLanguage":"tr","@id":"https:\/\/www.enucuzu.com\/blog\/turkiye-populer-kosu-yarislari#primaryimage","url":"https:\/\/www.enucuzu.com\/blog\/wp-content\/uploads\/2024\/04\/turkiye-populer-kosu-yarislari-ve-parkurlari.webp","contentUrl":"https:\/\/www.enucuzu.com\/blog\/wp-content\/uploads\/2024\/04\/turkiye-populer-kosu-yarislari-ve-parkurlari.webp","width":1200,"height":675,"caption":"T\u00fcrkiye\u2019deki Pop\u00fcler Ko\u015fu Yar\u0131\u015flar\u0131"},{"@type":"BreadcrumbList","@id":"https:\/\/www.enucuzu.com\/blog\/turkiye-populer-kosu-yarislari#breadcrumb","itemListElement":[{"@type":"ListItem","position":1,"name":"Ana Sayfa","item":"https:\/\/www.enucuzu.com\/blog\/"},{"@type":"ListItem","position":2,"name":"T\u00fcrkiye\u2019deki Pop\u00fcler Ko\u015fu Yar\u0131\u015flar\u0131"}]},{"@type":"WebSite","@id":"https:\/\/www.enucuzu.com\/blog\/#website","url":"https:\/\/www.enucuzu.com\/blog\/","name":"Enucuzu Blog","description":"","publisher":{"@id":"https:\/\/www.enucuzu.com\/blog\/#organization"},"alternateName":"Enucuzu Blog","potentialAction":[{"@type":"SearchAction","target":{"@type":"EntryPoint","urlTemplate":"https:\/\/www.enucuzu.com\/blog\/?s={search_term_string}"},"query-input":{"@type":"PropertyValueSpecification","valueRequired":true,"valueName":"search_term_string"}}],"inLanguage":"tr"},{"@type":"Organization","@id":"https:\/\/www.enucuzu.com\/blog\/#organization","name":"Enucuzu.com","alternateName":"Enucuzu","url":"https:\/\/www.enucuzu.com\/blog\/","logo":{"@type":"ImageObject","inLanguage":"tr","@id":"https:\/\/www.enucuzu.com\/blog\/#\/schema\/logo\/image\/","url":"https:\/\/www.enucuzu.com\/blog\/wp-content\/uploads\/2023\/10\/enucuzu-com.webp","contentUrl":"https:\/\/www.enucuzu.com\/blog\/wp-content\/uploads\/2023\/10\/enucuzu-com.webp","width":500,"height":500,"caption":"Enucuzu.com"},"image":{"@id":"https:\/\/www.enucuzu.com\/blog\/#\/schema\/logo\/image\/"},"sameAs":["https:\/\/www.facebook.com\/eenucuzucom","https:\/\/x.com\/ComEnucuzu","https:\/\/www.instagram.com\/enucuzu_com\/"]},{"@type":"Person","@id":"https:\/\/www.enucuzu.com\/blog\/#\/schema\/person\/c8da9ab007d48619220989a1b3fc4c5d","name":"Enucuzu.com","image":{"@type":"ImageObject","inLanguage":"tr","@id":"https:\/\/www.enucuzu.com\/blog\/#\/schema\/person\/image\/","url":"https:\/\/www.enucuzu.com\/blog\/wp-content\/uploads\/2023\/10\/enucuzu-com-profil-96x96.webp","contentUrl":"https:\/\/www.enucuzu.com\/blog\/wp-content\/uploads\/2023\/10\/enucuzu-com-profil-96x96.webp","caption":"Enucuzu.com"},"description":"Enucuzu.com ile en ucuz u\u00e7ak ve otob\u00fcs bileti kampanyalar\u0131n\u0131 takip edin, bir sonraki seyahatinizi \u015fimdiden planmaya ba\u015flay\u0131n!","sameAs":["http:\/\/www.enucuzu.com\/blog"],"url":"https:\/\/www.enucuzu.com\/blog\/yazar\/enucuzu-com"}]}},"_links":{"self":[{"href":"https:\/\/www.enucuzu.com\/blog\/wp-json\/wp\/v2\/posts\/7088"}],"collection":[{"href":"https:\/\/www.enucuzu.com\/blog\/wp-json\/wp\/v2\/posts"}],"about":[{"href":"https:\/\/www.enucuzu.com\/blog\/wp-json\/wp\/v2\/types\/post"}],"author":[{"embeddable":true,"href":"https:\/\/www.enucuzu.com\/blog\/wp-json\/wp\/v2\/users\/1"}],"replies":[{"embeddable":true,"href":"https:\/\/www.enucuzu.com\/blog\/wp-json\/wp\/v2\/comments?post=7088"}],"version-history":[{"count":1,"href":"https:\/\/www.enucuzu.com\/blog\/wp-json\/wp\/v2\/posts\/7088\/revisions"}],"predecessor-version":[{"id":7094,"href":"https:\/\/www.enucuzu.com\/blog\/wp-json\/wp\/v2\/posts\/7088\/revisions\/7094"}],"wp:featuredmedia":[{"embeddable":true,"href":"https:\/\/www.enucuzu.com\/blog\/wp-json\/wp\/v2\/media\/7093"}],"wp:attachment":[{"href":"https:\/\/www.enucuzu.com\/blog\/wp-json\/wp\/v2\/media?parent=7088"}],"wp:term":[{"taxonomy":"category","embeddable":true,"href":"https:\/\/www.enucuzu.com\/blog\/wp-json\/wp\/v2\/categories?post=7088"},{"taxonomy":"post_tag","embeddable":true,"href":"https:\/\/www.enucuzu.com\/blog\/wp-json\/wp\/v2\/tags?post=7088"}],"curies":[{"name":"wp","href":"https:\/\/api.w.org\/{rel}","templated":true}]}}