{"id":7184,"date":"2024-05-06T10:47:23","date_gmt":"2024-05-06T07:47:23","guid":{"rendered":"https:\/\/www.enucuzu.com\/blog\/?p=7184"},"modified":"2024-05-06T11:15:34","modified_gmt":"2024-05-06T08:15:34","slug":"fc-inter-milan-hikayesi","status":"publish","type":"post","link":"https:\/\/www.enucuzu.com\/blog\/fc-inter-milan-hikayesi","title":{"rendered":"Mavi Siyahl\u0131lar\u0131n Hikayesi: FC Inter Milan"},"content":{"rendered":"<p>Bir futbol taraftar\u0131na, futbol tarihine damga vurmu\u015f \u0130talyan tak\u0131mlar\u0131n\u0131 sordu\u011funuzda muhtemelen sayaca\u011f\u0131 tak\u0131mlardan birisi de Inter Milan olacakt\u0131r.<\/p>\n<p>Inter tarihi boyunca \u0130talya\u2019n\u0131n en ba\u015far\u0131l\u0131 tak\u0131mlar\u0131ndan birisi olmu\u015f ve \u0130talya\u2019n\u0131n en iyi ligi olan Seria A liginde en \u00e7ok kupa kazanan 2. tak\u0131m olmu\u015ftur. Ayr\u0131ca, \u0130talya tarihinde k\u00fcme d\u00fc\u015fmeyen tek tak\u0131md\u0131r.<\/p>\n<p>Ba\u015fta, UEFA \u015eampiyonlar Ligi Kupas\u0131 olmak \u00fczere pek \u00e7ok uluslararas\u0131 kupay\u0131 birden \u00e7ok kez kazanm\u0131\u015ft\u0131r. 2023 &#8211; 2024 kupas\u0131n\u0131da Atletico Madrid\u2019e kar\u015f\u0131 kaybetmi\u015f olsa da taraftar\u0131n co\u015fkusu ve Inter\u2019in sistematik oyunu ak\u0131llara kaz\u0131nm\u0131\u015ft\u0131r. Yine de Atletico Madrid\u2019in olduk\u00e7a ba\u015far\u0131l\u0131 oynad\u0131\u011f\u0131n\u0131 da belirtmek gerekir.<\/p>\n<p>Milano temelli olan tak\u0131m\u0131n esas ismi \u201cFC Internazionale Milano\u201d olsa da do\u011frudan Inter veya Inter Milan olarak an\u0131l\u0131r \u00e7\u00fcnk\u00fc Milan denilince akla ilk AC Milan tak\u0131m\u0131 gelir. \u0130ki tak\u0131m\u0131n \u00e7ok fazla ortak noktas\u0131 vard\u0131r ancak tarihten bug\u00fcne ezeli rakip olmu\u015flard\u0131r.<\/p>\n<p>\u0130\u00e7eri\u011fimizde, Inter Milan Tak\u0131m\u0131 hakk\u0131nda \u00f6zet niteli\u011finde bilgilendirmeler yapt\u0131k. Ayn\u0131 zamanda AC Milan ile Inter aras\u0131ndaki \u00e7eki\u015fmeye yer verdik.<\/p>\n<p><img fetchpriority=\"high\" decoding=\"async\" class=\"size-full wp-image-7187 aligncenter\" style=\"margin: var(--p-media-margin) auto; font-size: 14px; font-family: 'Public Sans', system-ui, sans-serif;\" src=\"https:\/\/www.enucuzu.com\/blog\/wp-content\/uploads\/2024\/05\/inter-milan-football-club-rebrand-logo_dezeen_2364_col_0.webp\" alt=\"\" width=\"1200\" height=\"675\" srcset=\"https:\/\/www.enucuzu.com\/blog\/wp-content\/uploads\/2024\/05\/inter-milan-football-club-rebrand-logo_dezeen_2364_col_0.webp 1200w, https:\/\/www.enucuzu.com\/blog\/wp-content\/uploads\/2024\/05\/inter-milan-football-club-rebrand-logo_dezeen_2364_col_0-768x432.webp 768w, https:\/\/www.enucuzu.com\/blog\/wp-content\/uploads\/2024\/05\/inter-milan-football-club-rebrand-logo_dezeen_2364_col_0-150x84.webp 150w, https:\/\/www.enucuzu.com\/blog\/wp-content\/uploads\/2024\/05\/inter-milan-football-club-rebrand-logo_dezeen_2364_col_0-450x253.webp 450w\" sizes=\"(max-width: 1200px) 100vw, 1200px\" \/><\/p>\n<div id=\"ez-toc-container\" class=\"ez-toc-v2_0_73 counter-hierarchy ez-toc-counter ez-toc-custom ez-toc-container-direction\">\n<div class=\"ez-toc-title-container\">\n<p class=\"ez-toc-title\" style=\"cursor:inherit\">\u0130\u00e7indekiler<\/p>\n<span class=\"ez-toc-title-toggle\"><a href=\"#\" class=\"ez-toc-pull-right ez-toc-btn ez-toc-btn-xs ez-toc-btn-default ez-toc-toggle\" aria-label=\"Toggle Table of Content\"><span class=\"ez-toc-js-icon-con\"><span class=\"\"><span class=\"eztoc-hide\" style=\"display:none;\">Toggle<\/span><span class=\"ez-toc-icon-toggle-span\"><svg style=\"fill: #151516;color:#151516\" xmlns=\"http:\/\/www.w3.org\/2000\/svg\" class=\"list-377408\" width=\"20px\" height=\"20px\" viewBox=\"0 0 24 24\" fill=\"none\"><path d=\"M6 6H4v2h2V6zm14 0H8v2h12V6zM4 11h2v2H4v-2zm16 0H8v2h12v-2zM4 16h2v2H4v-2zm16 0H8v2h12v-2z\" fill=\"currentColor\"><\/path><\/svg><svg style=\"fill: #151516;color:#151516\" class=\"arrow-unsorted-368013\" xmlns=\"http:\/\/www.w3.org\/2000\/svg\" width=\"10px\" height=\"10px\" viewBox=\"0 0 24 24\" version=\"1.2\" baseProfile=\"tiny\"><path d=\"M18.2 9.3l-6.2-6.3-6.2 6.3c-.2.2-.3.4-.3.7s.1.5.3.7c.2.2.4.3.7.3h11c.3 0 .5-.1.7-.3.2-.2.3-.5.3-.7s-.1-.5-.3-.7zM5.8 14.7l6.2 6.3 6.2-6.3c.2-.2.3-.5.3-.7s-.1-.5-.3-.7c-.2-.2-.4-.3-.7-.3h-11c-.3 0-.5.1-.7.3-.2.2-.3.5-.3.7s.1.5.3.7z\"\/><\/svg><\/span><\/span><\/span><\/a><\/span><\/div>\n<nav><ul class='ez-toc-list ez-toc-list-level-1 eztoc-toggle-hide-by-default' ><li class='ez-toc-page-1 ez-toc-heading-level-2'><a class=\"ez-toc-link ez-toc-heading-1\" href=\"https:\/\/www.enucuzu.com\/blog\/fc-inter-milan-hikayesi\/#Interin_Kisa_Tarihi\" title=\"Inter\u2019in K\u0131sa Tarihi\">Inter\u2019in K\u0131sa Tarihi<\/a><ul class='ez-toc-list-level-3' ><li class='ez-toc-heading-level-3'><a class=\"ez-toc-link ez-toc-heading-2\" href=\"https:\/\/www.enucuzu.com\/blog\/fc-inter-milan-hikayesi\/#Inter_vs_Milan\" title=\"Inter vs Milan\">Inter vs Milan<\/a><\/li><li class='ez-toc-page-1 ez-toc-heading-level-3'><a class=\"ez-toc-link ez-toc-heading-3\" href=\"https:\/\/www.enucuzu.com\/blog\/fc-inter-milan-hikayesi\/#Interin_Basarilari\" title=\"Inter\u2019in Ba\u015far\u0131lar\u0131\">Inter\u2019in Ba\u015far\u0131lar\u0131<\/a><\/li><\/ul><\/li><\/ul><\/nav><\/div>\n<h2><span class=\"ez-toc-section\" id=\"Interin_Kisa_Tarihi\"><\/span>Inter\u2019in K\u0131sa Tarihi<span class=\"ez-toc-section-end\"><\/span><\/h2>\n<p>AC Milan (Associazione Calcio Milan), 1989 y\u0131l\u0131nda Milano\u2019ya sonradan yerle\u015fmi\u015f \u0130ngilizler taraf\u0131ndan kurulmu\u015ftur. K\u0131sa s\u00fcrede kul\u00fcp ve y\u00f6netimindeki ki\u015fi say\u0131s\u0131 olduk\u00e7a b\u00fcy\u00fcm\u00fc\u015ft\u00fcr.<\/p>\n<p>AC Milan\u2019\u0131n y\u00f6netimindeki bir grup ki\u015fi, yabanc\u0131 oyuncular\u0131n transferini destekledi\u011fi i\u00e7in anla\u015fmazl\u0131klar ba\u015flad\u0131 ve 1908 y\u0131l\u0131nda tak\u0131m\u0131n y\u00f6netiminden \u00e7\u0131kar\u0131lan 44 ki\u015fi Inter Milan\u2019\u0131 kurdu.<\/p>\n<p>Ayr\u0131ca, uluslararas\u0131 anlam\u0131na gelen Internazionale kelimesi de buradan gelmektedir. Inter\u2019in kurulmas\u0131n\u0131n hemen ard\u0131ndan bir\u00e7ok ba\u015far\u0131ya imza atmas\u0131 ve \u00fcst \u00fcste \u015fampiyonluklar elde etmesi ile birlikte tak\u0131mlar aras\u0131nda \u00e7eki\u015fmeler ba\u015flad\u0131.<\/p>\n<h3><span class=\"ez-toc-section\" id=\"Inter_vs_Milan\"><\/span>Inter vs Milan<span class=\"ez-toc-section-end\"><\/span><\/h3>\n<p>Bahsedildi\u011fi \u00fczere Inter\u2019in k\u0131sa zamanda b\u00fcy\u00fck ba\u015far\u0131lara imza atmas\u0131 ve Milan\u2019\u0131n y\u00f6netim kurulu ile aralar\u0131ndaki \u00e7eki\u015fme bir \u00f6m\u00fcrl\u00fck futbol m\u00fccadelesine yol a\u00e7t\u0131.<\/p>\n<p>Zaman i\u00e7erisinde \u015feytan ve k\u0131rm\u0131z\u0131-siyahl\u0131lar \u00fcnvan\u0131na sahip olan Milan&#8217;\u0131n engerek y\u0131lan\u0131 ve mavi-siyahl\u0131lar unvan\u0131na sahip Inter ile olan ma\u00e7lar\u0131 her zaman futbol g\u00fcndemine oturmu\u015ftur.<\/p>\n<p>\u00d6zetle 1908 y\u0131l\u0131nda, tart\u0131\u015fmalar sonucunda kurulmu\u015f bir tak\u0131m ve rekabetten do\u011fan ba\u015far\u0131 hikayesi ba\u015flam\u0131\u015ft\u0131r.<\/p>\n<h3><span class=\"ez-toc-section\" id=\"Interin_Basarilari\"><\/span>Inter\u2019in Ba\u015far\u0131lar\u0131<span class=\"ez-toc-section-end\"><\/span><\/h3>\n<p>Inter, \u0130talya\u2019n\u0131n en ba\u015far\u0131l\u0131 ligi olan Serie A\u2019dan k\u00fcme d\u00fc\u015fmeyen tek \u0130talyan tak\u0131m\u0131 olarak \u0130talya tarihine damgas\u0131n\u0131 vurmu\u015ftur. Ayn\u0131 zamanda 19 kez lig \u015fampiyonu olarak Serie A\u2019da en \u00e7ok \u015fampiyonlu\u011fa sahip ikinci tak\u0131m olmu\u015ftur.<\/p>\n<p>Bunun haricinde d\u00fcnyan\u0131n en b\u00fcy\u00fck futbol organizasyonu olan UEFA \u015eampiyonlar Ligi&#8217;nde 3 tane kupa alm\u0131\u015f ve tarihsel s\u00fcrece bakarsak \u015eampiyonlar Ligi\u2019nin en iyi 10 tak\u0131m\u0131 aras\u0131nda yer almaktad\u0131r.<\/p>\n<table>\n<thead>\n<tr>\n<th>\u0130talya Ligi&#8217;ndeki Ba\u015far\u0131lar\u0131<\/th>\n<th><\/th>\n<th>Uluslararas\u0131 Ba\u015far\u0131lar\u0131<\/th>\n<th><\/th>\n<\/tr>\n<\/thead>\n<tbody>\n<tr>\n<td>Organizasyon<\/td>\n<td>\u015eampiyonluk Say\u0131s\u0131<\/td>\n<td>Organizasyon<\/td>\n<td>\u015eampiyonluk Say\u0131s\u0131<\/td>\n<\/tr>\n<tr>\n<td>Serie A<\/td>\n<td>20<\/td>\n<td>UEFA \u015eampiyonlar Ligi<\/td>\n<td>3<\/td>\n<\/tr>\n<tr>\n<td>\u0130talya Kupas\u0131 (Coppa Italia)<\/td>\n<td>9<\/td>\n<td>Avrupa Ligi<\/td>\n<td>3<\/td>\n<\/tr>\n<tr>\n<td>\u0130talya S\u00fcper Kupas\u0131 (Supercoppa Italia)<\/td>\n<td>8<\/td>\n<td>K\u0131talararas\u0131 Kupa<\/td>\n<td>2<\/td>\n<\/tr>\n<tr>\n<td><\/td>\n<td><\/td>\n<td>Kul\u00fcpler D\u00fcnya Kupas\u0131<\/td>\n<td>1<\/td>\n<\/tr>\n<\/tbody>\n<\/table>\n<p><!-- notionvc: e5ee0ca9-9902-4693-ba28-b8fa5dc56ae8 --><\/p>\n","protected":false},"excerpt":{"rendered":"<p>Bir futbol taraftar\u0131na, futbol tarihine damga vurmu\u015f \u0130talyan tak\u0131mlar\u0131n\u0131 sordu\u011funuzda muhtemelen sayaca\u011f\u0131 tak\u0131mlardan birisi de Inter Milan olacakt\u0131r. Inter tarihi boyunca \u0130talya\u2019n\u0131n en ba\u015far\u0131l\u0131 tak\u0131mlar\u0131ndan birisi olmu\u015f ve \u0130talya\u2019n\u0131n en iyi ligi olan Seria A liginde en \u00e7ok kupa kazanan 2. tak\u0131m olmu\u015ftur. Ayr\u0131ca, \u0130talya tarihinde k\u00fcme d\u00fc\u015fmeyen tek tak\u0131md\u0131r. Ba\u015fta, UEFA \u015eampiyonlar Ligi Kupas\u0131<\/p>\n","protected":false},"author":1,"featured_media":7188,"comment_status":"open","ping_status":"open","sticky":false,"template":"","format":"standard","meta":{"footnotes":""},"categories":[1],"tags":[428],"yoast_head":"<!-- This site is optimized with the Yoast SEO plugin v24.5 - https:\/\/yoast.com\/wordpress\/plugins\/seo\/ -->\n<title>Mavi Siyahl\u0131lar\u0131n Hikayesi: FC Inter Milan - Enucuzu Blog<\/title>\n<meta name=\"description\" content=\"Futbol tarihine damga vurmu\u015f tak\u0131mlardan birisi olan FC Inter Milan&#039;\u0131n hikayesi, ba\u015far\u0131lar\u0131 ve tarih\u00e7esi hakk\u0131nda merak edilenleri derledik!\" \/>\n<meta name=\"robots\" content=\"index, follow, max-snippet:-1, max-image-preview:large, max-video-preview:-1\" \/>\n<link rel=\"canonical\" href=\"https:\/\/www.enucuzu.com\/blog\/fc-inter-milan-hikayesi\" \/>\n<meta property=\"og:locale\" content=\"tr_TR\" \/>\n<meta property=\"og:type\" content=\"article\" \/>\n<meta property=\"og:title\" content=\"Mavi Siyahl\u0131lar\u0131n Hikayesi: FC Inter Milan - Enucuzu Blog\" \/>\n<meta property=\"og:description\" content=\"Futbol tarihine damga vurmu\u015f tak\u0131mlardan birisi olan FC Inter Milan&#039;\u0131n hikayesi, ba\u015far\u0131lar\u0131 ve tarih\u00e7esi hakk\u0131nda merak edilenleri derledik!\" \/>\n<meta property=\"og:url\" content=\"https:\/\/www.enucuzu.com\/blog\/fc-inter-milan-hikayesi\" \/>\n<meta property=\"og:site_name\" content=\"Enucuzu Blog\" \/>\n<meta property=\"article:publisher\" content=\"https:\/\/www.facebook.com\/eenucuzucom\" \/>\n<meta property=\"article:published_time\" content=\"2024-05-06T07:47:23+00:00\" \/>\n<meta property=\"article:modified_time\" content=\"2024-05-06T08:15:34+00:00\" \/>\n<meta property=\"og:image\" content=\"https:\/\/www.enucuzu.com\/blog\/wp-content\/uploads\/2024\/05\/inter-milan-derby-tifo.webp\" \/>\n\t<meta property=\"og:image:width\" content=\"1200\" \/>\n\t<meta property=\"og:image:height\" content=\"675\" \/>\n\t<meta property=\"og:image:type\" content=\"image\/webp\" \/>\n<meta name=\"author\" content=\"Enucuzu.com\" \/>\n<meta name=\"twitter:card\" content=\"summary_large_image\" \/>\n<meta name=\"twitter:creator\" content=\"@ComEnucuzu\" \/>\n<meta name=\"twitter:site\" content=\"@ComEnucuzu\" \/>\n<meta name=\"twitter:label1\" content=\"Yazan:\" \/>\n\t<meta name=\"twitter:data1\" content=\"Enucuzu.com\" \/>\n\t<meta name=\"twitter:label2\" content=\"Tahmini okuma s\u00fcresi\" \/>\n\t<meta name=\"twitter:data2\" content=\"4 dakika\" \/>\n<script type=\"application\/ld+json\" class=\"yoast-schema-graph\">{\"@context\":\"https:\/\/schema.org\",\"@graph\":[{\"@type\":\"Article\",\"@id\":\"https:\/\/www.enucuzu.com\/blog\/fc-inter-milan-hikayesi#article\",\"isPartOf\":{\"@id\":\"https:\/\/www.enucuzu.com\/blog\/fc-inter-milan-hikayesi\"},\"author\":{\"name\":\"Enucuzu.com\",\"@id\":\"https:\/\/www.enucuzu.com\/blog\/#\/schema\/person\/c8da9ab007d48619220989a1b3fc4c5d\"},\"headline\":\"Mavi Siyahl\u0131lar\u0131n Hikayesi: FC Inter Milan\",\"datePublished\":\"2024-05-06T07:47:23+00:00\",\"dateModified\":\"2024-05-06T08:15:34+00:00\",\"mainEntityOfPage\":{\"@id\":\"https:\/\/www.enucuzu.com\/blog\/fc-inter-milan-hikayesi\"},\"wordCount\":566,\"commentCount\":0,\"publisher\":{\"@id\":\"https:\/\/www.enucuzu.com\/blog\/#organization\"},\"image\":{\"@id\":\"https:\/\/www.enucuzu.com\/blog\/fc-inter-milan-hikayesi#primaryimage\"},\"thumbnailUrl\":\"https:\/\/www.enucuzu.com\/blog\/wp-content\/uploads\/2024\/05\/inter-milan-derby-tifo.webp\",\"keywords\":[\"FC Inter Milan\"],\"articleSection\":[\"Rehber\"],\"inLanguage\":\"tr\",\"potentialAction\":[{\"@type\":\"CommentAction\",\"name\":\"Comment\",\"target\":[\"https:\/\/www.enucuzu.com\/blog\/fc-inter-milan-hikayesi#respond\"]}]},{\"@type\":\"WebPage\",\"@id\":\"https:\/\/www.enucuzu.com\/blog\/fc-inter-milan-hikayesi\",\"url\":\"https:\/\/www.enucuzu.com\/blog\/fc-inter-milan-hikayesi\",\"name\":\"Mavi Siyahl\u0131lar\u0131n Hikayesi: FC Inter Milan - Enucuzu Blog\",\"isPartOf\":{\"@id\":\"https:\/\/www.enucuzu.com\/blog\/#website\"},\"primaryImageOfPage\":{\"@id\":\"https:\/\/www.enucuzu.com\/blog\/fc-inter-milan-hikayesi#primaryimage\"},\"image\":{\"@id\":\"https:\/\/www.enucuzu.com\/blog\/fc-inter-milan-hikayesi#primaryimage\"},\"thumbnailUrl\":\"https:\/\/www.enucuzu.com\/blog\/wp-content\/uploads\/2024\/05\/inter-milan-derby-tifo.webp\",\"datePublished\":\"2024-05-06T07:47:23+00:00\",\"dateModified\":\"2024-05-06T08:15:34+00:00\",\"description\":\"Futbol tarihine damga vurmu\u015f tak\u0131mlardan birisi olan FC Inter Milan'\u0131n hikayesi, ba\u015far\u0131lar\u0131 ve tarih\u00e7esi hakk\u0131nda merak edilenleri derledik!\",\"breadcrumb\":{\"@id\":\"https:\/\/www.enucuzu.com\/blog\/fc-inter-milan-hikayesi#breadcrumb\"},\"inLanguage\":\"tr\",\"potentialAction\":[{\"@type\":\"ReadAction\",\"target\":[\"https:\/\/www.enucuzu.com\/blog\/fc-inter-milan-hikayesi\"]}]},{\"@type\":\"ImageObject\",\"inLanguage\":\"tr\",\"@id\":\"https:\/\/www.enucuzu.com\/blog\/fc-inter-milan-hikayesi#primaryimage\",\"url\":\"https:\/\/www.enucuzu.com\/blog\/wp-content\/uploads\/2024\/05\/inter-milan-derby-tifo.webp\",\"contentUrl\":\"https:\/\/www.enucuzu.com\/blog\/wp-content\/uploads\/2024\/05\/inter-milan-derby-tifo.webp\",\"width\":1200,\"height\":675,\"caption\":\"Mavi Siyahl\u0131lar\u0131n Hikayesi: FC Inter Milan\"},{\"@type\":\"BreadcrumbList\",\"@id\":\"https:\/\/www.enucuzu.com\/blog\/fc-inter-milan-hikayesi#breadcrumb\",\"itemListElement\":[{\"@type\":\"ListItem\",\"position\":1,\"name\":\"Ana Sayfa\",\"item\":\"https:\/\/www.enucuzu.com\/blog\/\"},{\"@type\":\"ListItem\",\"position\":2,\"name\":\"Mavi Siyahl\u0131lar\u0131n Hikayesi: FC Inter Milan\"}]},{\"@type\":\"WebSite\",\"@id\":\"https:\/\/www.enucuzu.com\/blog\/#website\",\"url\":\"https:\/\/www.enucuzu.com\/blog\/\",\"name\":\"Enucuzu Blog\",\"description\":\"\",\"publisher\":{\"@id\":\"https:\/\/www.enucuzu.com\/blog\/#organization\"},\"alternateName\":\"Enucuzu Blog\",\"potentialAction\":[{\"@type\":\"SearchAction\",\"target\":{\"@type\":\"EntryPoint\",\"urlTemplate\":\"https:\/\/www.enucuzu.com\/blog\/?s={search_term_string}\"},\"query-input\":{\"@type\":\"PropertyValueSpecification\",\"valueRequired\":true,\"valueName\":\"search_term_string\"}}],\"inLanguage\":\"tr\"},{\"@type\":\"Organization\",\"@id\":\"https:\/\/www.enucuzu.com\/blog\/#organization\",\"name\":\"Enucuzu.com\",\"alternateName\":\"Enucuzu\",\"url\":\"https:\/\/www.enucuzu.com\/blog\/\",\"logo\":{\"@type\":\"ImageObject\",\"inLanguage\":\"tr\",\"@id\":\"https:\/\/www.enucuzu.com\/blog\/#\/schema\/logo\/image\/\",\"url\":\"https:\/\/www.enucuzu.com\/blog\/wp-content\/uploads\/2023\/10\/enucuzu-com.webp\",\"contentUrl\":\"https:\/\/www.enucuzu.com\/blog\/wp-content\/uploads\/2023\/10\/enucuzu-com.webp\",\"width\":500,\"height\":500,\"caption\":\"Enucuzu.com\"},\"image\":{\"@id\":\"https:\/\/www.enucuzu.com\/blog\/#\/schema\/logo\/image\/\"},\"sameAs\":[\"https:\/\/www.facebook.com\/eenucuzucom\",\"https:\/\/x.com\/ComEnucuzu\",\"https:\/\/www.instagram.com\/enucuzu_com\/\"]},{\"@type\":\"Person\",\"@id\":\"https:\/\/www.enucuzu.com\/blog\/#\/schema\/person\/c8da9ab007d48619220989a1b3fc4c5d\",\"name\":\"Enucuzu.com\",\"image\":{\"@type\":\"ImageObject\",\"inLanguage\":\"tr\",\"@id\":\"https:\/\/www.enucuzu.com\/blog\/#\/schema\/person\/image\/\",\"url\":\"https:\/\/www.enucuzu.com\/blog\/wp-content\/uploads\/2023\/10\/enucuzu-com-profil-96x96.webp\",\"contentUrl\":\"https:\/\/www.enucuzu.com\/blog\/wp-content\/uploads\/2023\/10\/enucuzu-com-profil-96x96.webp\",\"caption\":\"Enucuzu.com\"},\"description\":\"Enucuzu.com ile en ucuz u\u00e7ak ve otob\u00fcs bileti kampanyalar\u0131n\u0131 takip edin, bir sonraki seyahatinizi \u015fimdiden planmaya ba\u015flay\u0131n!\",\"sameAs\":[\"http:\/\/www.enucuzu.com\/blog\"],\"url\":\"https:\/\/www.enucuzu.com\/blog\/yazar\/enucuzu-com\"}]}<\/script>\n<!-- \/ Yoast SEO plugin. -->","yoast_head_json":{"title":"Mavi Siyahl\u0131lar\u0131n Hikayesi: FC Inter Milan - Enucuzu Blog","description":"Futbol tarihine damga vurmu\u015f tak\u0131mlardan birisi olan FC Inter Milan'\u0131n hikayesi, ba\u015far\u0131lar\u0131 ve tarih\u00e7esi hakk\u0131nda merak edilenleri derledik!","robots":{"index":"index","follow":"follow","max-snippet":"max-snippet:-1","max-image-preview":"max-image-preview:large","max-video-preview":"max-video-preview:-1"},"canonical":"https:\/\/www.enucuzu.com\/blog\/fc-inter-milan-hikayesi","og_locale":"tr_TR","og_type":"article","og_title":"Mavi Siyahl\u0131lar\u0131n Hikayesi: FC Inter Milan - Enucuzu Blog","og_description":"Futbol tarihine damga vurmu\u015f tak\u0131mlardan birisi olan FC Inter Milan'\u0131n hikayesi, ba\u015far\u0131lar\u0131 ve tarih\u00e7esi hakk\u0131nda merak edilenleri derledik!","og_url":"https:\/\/www.enucuzu.com\/blog\/fc-inter-milan-hikayesi","og_site_name":"Enucuzu Blog","article_publisher":"https:\/\/www.facebook.com\/eenucuzucom","article_published_time":"2024-05-06T07:47:23+00:00","article_modified_time":"2024-05-06T08:15:34+00:00","og_image":[{"width":1200,"height":675,"url":"https:\/\/www.enucuzu.com\/blog\/wp-content\/uploads\/2024\/05\/inter-milan-derby-tifo.webp","type":"image\/webp"}],"author":"Enucuzu.com","twitter_card":"summary_large_image","twitter_creator":"@ComEnucuzu","twitter_site":"@ComEnucuzu","twitter_misc":{"Yazan:":"Enucuzu.com","Tahmini okuma s\u00fcresi":"4 dakika"},"schema":{"@context":"https:\/\/schema.org","@graph":[{"@type":"Article","@id":"https:\/\/www.enucuzu.com\/blog\/fc-inter-milan-hikayesi#article","isPartOf":{"@id":"https:\/\/www.enucuzu.com\/blog\/fc-inter-milan-hikayesi"},"author":{"name":"Enucuzu.com","@id":"https:\/\/www.enucuzu.com\/blog\/#\/schema\/person\/c8da9ab007d48619220989a1b3fc4c5d"},"headline":"Mavi Siyahl\u0131lar\u0131n Hikayesi: FC Inter Milan","datePublished":"2024-05-06T07:47:23+00:00","dateModified":"2024-05-06T08:15:34+00:00","mainEntityOfPage":{"@id":"https:\/\/www.enucuzu.com\/blog\/fc-inter-milan-hikayesi"},"wordCount":566,"commentCount":0,"publisher":{"@id":"https:\/\/www.enucuzu.com\/blog\/#organization"},"image":{"@id":"https:\/\/www.enucuzu.com\/blog\/fc-inter-milan-hikayesi#primaryimage"},"thumbnailUrl":"https:\/\/www.enucuzu.com\/blog\/wp-content\/uploads\/2024\/05\/inter-milan-derby-tifo.webp","keywords":["FC Inter Milan"],"articleSection":["Rehber"],"inLanguage":"tr","potentialAction":[{"@type":"CommentAction","name":"Comment","target":["https:\/\/www.enucuzu.com\/blog\/fc-inter-milan-hikayesi#respond"]}]},{"@type":"WebPage","@id":"https:\/\/www.enucuzu.com\/blog\/fc-inter-milan-hikayesi","url":"https:\/\/www.enucuzu.com\/blog\/fc-inter-milan-hikayesi","name":"Mavi Siyahl\u0131lar\u0131n Hikayesi: FC Inter Milan - Enucuzu Blog","isPartOf":{"@id":"https:\/\/www.enucuzu.com\/blog\/#website"},"primaryImageOfPage":{"@id":"https:\/\/www.enucuzu.com\/blog\/fc-inter-milan-hikayesi#primaryimage"},"image":{"@id":"https:\/\/www.enucuzu.com\/blog\/fc-inter-milan-hikayesi#primaryimage"},"thumbnailUrl":"https:\/\/www.enucuzu.com\/blog\/wp-content\/uploads\/2024\/05\/inter-milan-derby-tifo.webp","datePublished":"2024-05-06T07:47:23+00:00","dateModified":"2024-05-06T08:15:34+00:00","description":"Futbol tarihine damga vurmu\u015f tak\u0131mlardan birisi olan FC Inter Milan'\u0131n hikayesi, ba\u015far\u0131lar\u0131 ve tarih\u00e7esi hakk\u0131nda merak edilenleri derledik!","breadcrumb":{"@id":"https:\/\/www.enucuzu.com\/blog\/fc-inter-milan-hikayesi#breadcrumb"},"inLanguage":"tr","potentialAction":[{"@type":"ReadAction","target":["https:\/\/www.enucuzu.com\/blog\/fc-inter-milan-hikayesi"]}]},{"@type":"ImageObject","inLanguage":"tr","@id":"https:\/\/www.enucuzu.com\/blog\/fc-inter-milan-hikayesi#primaryimage","url":"https:\/\/www.enucuzu.com\/blog\/wp-content\/uploads\/2024\/05\/inter-milan-derby-tifo.webp","contentUrl":"https:\/\/www.enucuzu.com\/blog\/wp-content\/uploads\/2024\/05\/inter-milan-derby-tifo.webp","width":1200,"height":675,"caption":"Mavi Siyahl\u0131lar\u0131n Hikayesi: FC Inter Milan"},{"@type":"BreadcrumbList","@id":"https:\/\/www.enucuzu.com\/blog\/fc-inter-milan-hikayesi#breadcrumb","itemListElement":[{"@type":"ListItem","position":1,"name":"Ana Sayfa","item":"https:\/\/www.enucuzu.com\/blog\/"},{"@type":"ListItem","position":2,"name":"Mavi Siyahl\u0131lar\u0131n Hikayesi: FC Inter Milan"}]},{"@type":"WebSite","@id":"https:\/\/www.enucuzu.com\/blog\/#website","url":"https:\/\/www.enucuzu.com\/blog\/","name":"Enucuzu Blog","description":"","publisher":{"@id":"https:\/\/www.enucuzu.com\/blog\/#organization"},"alternateName":"Enucuzu Blog","potentialAction":[{"@type":"SearchAction","target":{"@type":"EntryPoint","urlTemplate":"https:\/\/www.enucuzu.com\/blog\/?s={search_term_string}"},"query-input":{"@type":"PropertyValueSpecification","valueRequired":true,"valueName":"search_term_string"}}],"inLanguage":"tr"},{"@type":"Organization","@id":"https:\/\/www.enucuzu.com\/blog\/#organization","name":"Enucuzu.com","alternateName":"Enucuzu","url":"https:\/\/www.enucuzu.com\/blog\/","logo":{"@type":"ImageObject","inLanguage":"tr","@id":"https:\/\/www.enucuzu.com\/blog\/#\/schema\/logo\/image\/","url":"https:\/\/www.enucuzu.com\/blog\/wp-content\/uploads\/2023\/10\/enucuzu-com.webp","contentUrl":"https:\/\/www.enucuzu.com\/blog\/wp-content\/uploads\/2023\/10\/enucuzu-com.webp","width":500,"height":500,"caption":"Enucuzu.com"},"image":{"@id":"https:\/\/www.enucuzu.com\/blog\/#\/schema\/logo\/image\/"},"sameAs":["https:\/\/www.facebook.com\/eenucuzucom","https:\/\/x.com\/ComEnucuzu","https:\/\/www.instagram.com\/enucuzu_com\/"]},{"@type":"Person","@id":"https:\/\/www.enucuzu.com\/blog\/#\/schema\/person\/c8da9ab007d48619220989a1b3fc4c5d","name":"Enucuzu.com","image":{"@type":"ImageObject","inLanguage":"tr","@id":"https:\/\/www.enucuzu.com\/blog\/#\/schema\/person\/image\/","url":"https:\/\/www.enucuzu.com\/blog\/wp-content\/uploads\/2023\/10\/enucuzu-com-profil-96x96.webp","contentUrl":"https:\/\/www.enucuzu.com\/blog\/wp-content\/uploads\/2023\/10\/enucuzu-com-profil-96x96.webp","caption":"Enucuzu.com"},"description":"Enucuzu.com ile en ucuz u\u00e7ak ve otob\u00fcs bileti kampanyalar\u0131n\u0131 takip edin, bir sonraki seyahatinizi \u015fimdiden planmaya ba\u015flay\u0131n!","sameAs":["http:\/\/www.enucuzu.com\/blog"],"url":"https:\/\/www.enucuzu.com\/blog\/yazar\/enucuzu-com"}]}},"_links":{"self":[{"href":"https:\/\/www.enucuzu.com\/blog\/wp-json\/wp\/v2\/posts\/7184"}],"collection":[{"href":"https:\/\/www.enucuzu.com\/blog\/wp-json\/wp\/v2\/posts"}],"about":[{"href":"https:\/\/www.enucuzu.com\/blog\/wp-json\/wp\/v2\/types\/post"}],"author":[{"embeddable":true,"href":"https:\/\/www.enucuzu.com\/blog\/wp-json\/wp\/v2\/users\/1"}],"replies":[{"embeddable":true,"href":"https:\/\/www.enucuzu.com\/blog\/wp-json\/wp\/v2\/comments?post=7184"}],"version-history":[{"count":6,"href":"https:\/\/www.enucuzu.com\/blog\/wp-json\/wp\/v2\/posts\/7184\/revisions"}],"predecessor-version":[{"id":7193,"href":"https:\/\/www.enucuzu.com\/blog\/wp-json\/wp\/v2\/posts\/7184\/revisions\/7193"}],"wp:featuredmedia":[{"embeddable":true,"href":"https:\/\/www.enucuzu.com\/blog\/wp-json\/wp\/v2\/media\/7188"}],"wp:attachment":[{"href":"https:\/\/www.enucuzu.com\/blog\/wp-json\/wp\/v2\/media?parent=7184"}],"wp:term":[{"taxonomy":"category","embeddable":true,"href":"https:\/\/www.enucuzu.com\/blog\/wp-json\/wp\/v2\/categories?post=7184"},{"taxonomy":"post_tag","embeddable":true,"href":"https:\/\/www.enucuzu.com\/blog\/wp-json\/wp\/v2\/tags?post=7184"}],"curies":[{"name":"wp","href":"https:\/\/api.w.org\/{rel}","templated":true}]}}