{"id":7963,"date":"2024-07-29T13:56:59","date_gmt":"2024-07-29T10:56:59","guid":{"rendered":"https:\/\/www.enucuzu.com\/blog\/?p=7963"},"modified":"2024-07-29T14:02:31","modified_gmt":"2024-07-29T11:02:31","slug":"porto-gezi-rehberi","status":"publish","type":"post","link":"https:\/\/www.enucuzu.com\/blog\/porto-gezi-rehberi","title":{"rendered":"Porto Gezi Rehberi"},"content":{"rendered":"<p>Porto Gezi Rehberi ile Porto Gezilecek Yerler, Yemekleri ve En \u0130yi Restoranlar listelerimize ula\u015fabilir, Porto seyahatiniz \u00f6ncesinde ve s\u0131ras\u0131nda yard\u0131mc\u0131 olabilecek p\u00fcf noktalar\u0131 \u00f6\u011frenebilirsiniz.<\/p>\n<p>Porto, Portekiz&#8217;in en b\u00fcy\u00fck 2. \u015fehri olmakla birlikte pek \u00e7oklar\u0131na g\u00f6re turistik anlamda hak etti\u011fi de\u011feri g\u00f6remeyen bir \u015fehirdir ancak bu nispeten az bilinirli\u011finin yan\u0131nda kesinlikle g\u00f6r\u00fclmesi gereken yerlere ev sahipli\u011fi yapar.<\/p>\n<div id=\"ez-toc-container\" class=\"ez-toc-v2_0_73 counter-hierarchy ez-toc-counter ez-toc-custom ez-toc-container-direction\">\n<div class=\"ez-toc-title-container\">\n<p class=\"ez-toc-title\" style=\"cursor:inherit\">\u0130\u00e7indekiler<\/p>\n<span class=\"ez-toc-title-toggle\"><a href=\"#\" class=\"ez-toc-pull-right ez-toc-btn ez-toc-btn-xs ez-toc-btn-default ez-toc-toggle\" aria-label=\"Toggle Table of Content\"><span class=\"ez-toc-js-icon-con\"><span class=\"\"><span class=\"eztoc-hide\" style=\"display:none;\">Toggle<\/span><span class=\"ez-toc-icon-toggle-span\"><svg style=\"fill: #151516;color:#151516\" xmlns=\"http:\/\/www.w3.org\/2000\/svg\" class=\"list-377408\" width=\"20px\" height=\"20px\" viewBox=\"0 0 24 24\" fill=\"none\"><path d=\"M6 6H4v2h2V6zm14 0H8v2h12V6zM4 11h2v2H4v-2zm16 0H8v2h12v-2zM4 16h2v2H4v-2zm16 0H8v2h12v-2z\" fill=\"currentColor\"><\/path><\/svg><svg style=\"fill: #151516;color:#151516\" class=\"arrow-unsorted-368013\" xmlns=\"http:\/\/www.w3.org\/2000\/svg\" width=\"10px\" height=\"10px\" viewBox=\"0 0 24 24\" version=\"1.2\" baseProfile=\"tiny\"><path d=\"M18.2 9.3l-6.2-6.3-6.2 6.3c-.2.2-.3.4-.3.7s.1.5.3.7c.2.2.4.3.7.3h11c.3 0 .5-.1.7-.3.2-.2.3-.5.3-.7s-.1-.5-.3-.7zM5.8 14.7l6.2 6.3 6.2-6.3c.2-.2.3-.5.3-.7s-.1-.5-.3-.7c-.2-.2-.4-.3-.7-.3h-11c-.3 0-.5.1-.7.3-.2.2-.3.5-.3.7s.1.5.3.7z\"\/><\/svg><\/span><\/span><\/span><\/a><\/span><\/div>\n<nav><ul class='ez-toc-list ez-toc-list-level-1 eztoc-toggle-hide-by-default' ><li class='ez-toc-page-1 ez-toc-heading-level-2'><a class=\"ez-toc-link ez-toc-heading-1\" href=\"https:\/\/www.enucuzu.com\/blog\/porto-gezi-rehberi\/#Porto_Hakkinda\" title=\"Porto Hakk\u0131nda\">Porto Hakk\u0131nda<\/a><\/li><li class='ez-toc-page-1 ez-toc-heading-level-2'><a class=\"ez-toc-link ez-toc-heading-2\" href=\"https:\/\/www.enucuzu.com\/blog\/porto-gezi-rehberi\/#Porto_Gezilecek_Yerler_Listesi\" title=\"Porto Gezilecek Yerler Listesi\">Porto Gezilecek Yerler Listesi<\/a><ul class='ez-toc-list-level-3' ><li class='ez-toc-heading-level-3'><a class=\"ez-toc-link ez-toc-heading-3\" href=\"https:\/\/www.enucuzu.com\/blog\/porto-gezi-rehberi\/#Aliados_Caddesi_ve_Liberdade_Meydani\" title=\"Aliados Caddesi ve Liberdade Meydan\u0131\">Aliados Caddesi ve Liberdade Meydan\u0131<\/a><\/li><li class='ez-toc-page-1 ez-toc-heading-level-3'><a class=\"ez-toc-link ez-toc-heading-4\" href=\"https:\/\/www.enucuzu.com\/blog\/porto-gezi-rehberi\/#Santa_Catarina\" title=\"Santa Catarina\">Santa Catarina<\/a><\/li><li class='ez-toc-page-1 ez-toc-heading-level-3'><a class=\"ez-toc-link ez-toc-heading-5\" href=\"https:\/\/www.enucuzu.com\/blog\/porto-gezi-rehberi\/#Ribeira\" title=\"Ribeira\">Ribeira<\/a><\/li><li class='ez-toc-page-1 ez-toc-heading-level-3'><a class=\"ez-toc-link ez-toc-heading-6\" href=\"https:\/\/www.enucuzu.com\/blog\/porto-gezi-rehberi\/#Gaia\" title=\"Gaia\">Gaia<\/a><\/li><li class='ez-toc-page-1 ez-toc-heading-level-3'><a class=\"ez-toc-link ez-toc-heading-7\" href=\"https:\/\/www.enucuzu.com\/blog\/porto-gezi-rehberi\/#Cedofeita\" title=\"Cedofeita\">Cedofeita<\/a><\/li><li class='ez-toc-page-1 ez-toc-heading-level-3'><a class=\"ez-toc-link ez-toc-heading-8\" href=\"https:\/\/www.enucuzu.com\/blog\/porto-gezi-rehberi\/#Matosinhos\" title=\"Matosinhos\">Matosinhos<\/a><\/li><li class='ez-toc-page-1 ez-toc-heading-level-3'><a class=\"ez-toc-link ez-toc-heading-9\" href=\"https:\/\/www.enucuzu.com\/blog\/porto-gezi-rehberi\/#Povoa_de_Varzim\" title=\"P\u00f3voa de Varzim\">P\u00f3voa de Varzim<\/a><\/li><li class='ez-toc-page-1 ez-toc-heading-level-3'><a class=\"ez-toc-link ez-toc-heading-10\" href=\"https:\/\/www.enucuzu.com\/blog\/porto-gezi-rehberi\/#I_Luis_Koprusu_Ponte_de_D_Luis_I\" title=\"I. Luis K\u00f6pr\u00fcs\u00fc (Ponte de D. Luis I)\">I. Luis K\u00f6pr\u00fcs\u00fc (Ponte de D. Luis I)<\/a><\/li><li class='ez-toc-page-1 ez-toc-heading-level-3'><a class=\"ez-toc-link ez-toc-heading-11\" href=\"https:\/\/www.enucuzu.com\/blog\/porto-gezi-rehberi\/#Lello_Kutuphanesi_Livraria_Lello\" title=\"Lello K\u00fct\u00fcphanesi (Livraria Lello)\">Lello K\u00fct\u00fcphanesi (Livraria Lello)<\/a><\/li><li class='ez-toc-page-1 ez-toc-heading-level-3'><a class=\"ez-toc-link ez-toc-heading-12\" href=\"https:\/\/www.enucuzu.com\/blog\/porto-gezi-rehberi\/#Serra_do_Pilar_Manastiri_Igreja_da_Serra_do_Pilar\" title=\"Serra do Pilar Manast\u0131r\u0131 (Igreja da Serra do Pilar)\">Serra do Pilar Manast\u0131r\u0131 (Igreja da Serra do Pilar)<\/a><\/li><li class='ez-toc-page-1 ez-toc-heading-level-3'><a class=\"ez-toc-link ez-toc-heading-13\" href=\"https:\/\/www.enucuzu.com\/blog\/porto-gezi-rehberi\/#Porto_Katedrali_Se_do_Porto_%E2%80%93_Porto_Catedral\" title=\"Porto Katedrali (S\u00e9 do Porto &#8211; Porto Catedral)\">Porto Katedrali (S\u00e9 do Porto &#8211; Porto Catedral)<\/a><\/li><li class='ez-toc-page-1 ez-toc-heading-level-3'><a class=\"ez-toc-link ez-toc-heading-14\" href=\"https:\/\/www.enucuzu.com\/blog\/porto-gezi-rehberi\/#Dragao_Stadyumu_Estadio_do_Dragao\" title=\"Drag\u00e3o Stadyumu (Est\u00e1dio do Drag\u00e3o)\">Drag\u00e3o Stadyumu (Est\u00e1dio do Drag\u00e3o)<\/a><\/li><li class='ez-toc-page-1 ez-toc-heading-level-3'><a class=\"ez-toc-link ez-toc-heading-15\" href=\"https:\/\/www.enucuzu.com\/blog\/porto-gezi-rehberi\/#Clerigos_Kilisesi_ve_Kulesi_Torre_dos_Clerigos_%E2%80%93_Clerigos_Tower\" title=\"Cl\u00e9rigos Kilisesi ve Kulesi (Torre dos Cl\u00e9rigos &#8211; Cl\u00e9rigos Tower)\">Cl\u00e9rigos Kilisesi ve Kulesi (Torre dos Cl\u00e9rigos &#8211; Cl\u00e9rigos Tower)<\/a><\/li><li class='ez-toc-page-1 ez-toc-heading-level-3'><a class=\"ez-toc-link ez-toc-heading-16\" href=\"https:\/\/www.enucuzu.com\/blog\/porto-gezi-rehberi\/#Saint_Ildefonso_Kilisesi_Church_of_Saint_Ildefonso\" title=\"Saint Ildefonso Kilisesi (Church of Saint Ildefonso)\">Saint Ildefonso Kilisesi (Church of Saint Ildefonso)<\/a><\/li><li class='ez-toc-page-1 ez-toc-heading-level-3'><a class=\"ez-toc-link ez-toc-heading-17\" href=\"https:\/\/www.enucuzu.com\/blog\/porto-gezi-rehberi\/#Sao_Francisco_Kilisesi_Igreja_de_Sao_Francisco\" title=\"S\u00e3o Francisco Kilisesi (Igreja de S\u00e3o Francisco)\">S\u00e3o Francisco Kilisesi (Igreja de S\u00e3o Francisco)<\/a><\/li><li class='ez-toc-page-1 ez-toc-heading-level-3'><a class=\"ez-toc-link ez-toc-heading-18\" href=\"https:\/\/www.enucuzu.com\/blog\/porto-gezi-rehberi\/#Bolsa_Sarayi_Palacio_da_Bolsa\" title=\"Bolsa Saray\u0131 (Pal\u00e1cio da Bolsa)\">Bolsa Saray\u0131 (Pal\u00e1cio da Bolsa)<\/a><\/li><li class='ez-toc-page-1 ez-toc-heading-level-3'><a class=\"ez-toc-link ez-toc-heading-19\" href=\"https:\/\/www.enucuzu.com\/blog\/porto-gezi-rehberi\/#Sao_Bento_Tren_Istasyonu_Sao_Bento_Railway_Station\" title=\"S\u00e3o Bento Tren \u0130stasyonu (S\u00e3o Bento Railway Station)\">S\u00e3o Bento Tren \u0130stasyonu (S\u00e3o Bento Railway Station)<\/a><\/li><li class='ez-toc-page-1 ez-toc-heading-level-3'><a class=\"ez-toc-link ez-toc-heading-20\" href=\"https:\/\/www.enucuzu.com\/blog\/porto-gezi-rehberi\/#Carmo_Kilisesi_Igreja_do_Carmo\" title=\"Carmo Kilisesi (Igreja do Carmo)\">Carmo Kilisesi (Igreja do Carmo)<\/a><\/li><li class='ez-toc-page-1 ez-toc-heading-level-3'><a class=\"ez-toc-link ez-toc-heading-21\" href=\"https:\/\/www.enucuzu.com\/blog\/porto-gezi-rehberi\/#Casa_Da_Musica\" title=\"Casa Da Musica\">Casa Da Musica<\/a><\/li><li class='ez-toc-page-1 ez-toc-heading-level-3'><a class=\"ez-toc-link ez-toc-heading-22\" href=\"https:\/\/www.enucuzu.com\/blog\/porto-gezi-rehberi\/#Morro_Parki_Jardim_do_Morro\" title=\"Morro Park\u0131 (Jardim do Morro)\">Morro Park\u0131 (Jardim do Morro)<\/a><\/li><li class='ez-toc-page-1 ez-toc-heading-level-3'><a class=\"ez-toc-link ez-toc-heading-23\" href=\"https:\/\/www.enucuzu.com\/blog\/porto-gezi-rehberi\/#Kristal_Saray_Bahcesi_Jardins_do_Palacio_de_Cristal\" title=\"Kristal Saray Bah\u00e7esi (Jardins do Pal\u00e1cio de Cristal)\">Kristal Saray Bah\u00e7esi (Jardins do Pal\u00e1cio de Cristal)<\/a><\/li><li class='ez-toc-page-1 ez-toc-heading-level-3'><a class=\"ez-toc-link ez-toc-heading-24\" href=\"https:\/\/www.enucuzu.com\/blog\/porto-gezi-rehberi\/#Porto_Sehir_Parki_Parque_da_Cidade_do_Porto\" title=\"Porto \u015eehir Park\u0131 (Parque da Cidade do Porto)\">Porto \u015eehir Park\u0131 (Parque da Cidade do Porto)<\/a><\/li><\/ul><\/li><li class='ez-toc-page-1 ez-toc-heading-level-2'><a class=\"ez-toc-link ez-toc-heading-25\" href=\"https:\/\/www.enucuzu.com\/blog\/porto-gezi-rehberi\/#Porto_Yemekleri_Neler_Portoda_Ne_Yenir\" title=\"Porto Yemekleri Neler? Porto&#8217;da Ne Yenir?\">Porto Yemekleri Neler? Porto&#8217;da Ne Yenir?<\/a><ul class='ez-toc-list-level-3' ><li class='ez-toc-heading-level-3'><a class=\"ez-toc-link ez-toc-heading-26\" href=\"https:\/\/www.enucuzu.com\/blog\/porto-gezi-rehberi\/#Francesinha\" title=\"Francesinha\">Francesinha<\/a><\/li><li class='ez-toc-page-1 ez-toc-heading-level-3'><a class=\"ez-toc-link ez-toc-heading-27\" href=\"https:\/\/www.enucuzu.com\/blog\/porto-gezi-rehberi\/#Bacalhau\" title=\"Bacalhau\">Bacalhau<\/a><\/li><li class='ez-toc-page-1 ez-toc-heading-level-3'><a class=\"ez-toc-link ez-toc-heading-28\" href=\"https:\/\/www.enucuzu.com\/blog\/porto-gezi-rehberi\/#Bacalhau_a_Ze_do_Pipo\" title=\"Bacalhau \u00e0 Z\u00e9 do Pipo\">Bacalhau \u00e0 Z\u00e9 do Pipo<\/a><\/li><li class='ez-toc-page-1 ez-toc-heading-level-3'><a class=\"ez-toc-link ez-toc-heading-29\" href=\"https:\/\/www.enucuzu.com\/blog\/porto-gezi-rehberi\/#Bolinhos_de_Bacalhau\" title=\"Bolinhos de Bacalhau\">Bolinhos de Bacalhau<\/a><\/li><li class='ez-toc-page-1 ez-toc-heading-level-3'><a class=\"ez-toc-link ez-toc-heading-30\" href=\"https:\/\/www.enucuzu.com\/blog\/porto-gezi-rehberi\/#Filetes_de_Polvo\" title=\"Filetes de Polvo\">Filetes de Polvo<\/a><\/li><li class='ez-toc-page-1 ez-toc-heading-level-3'><a class=\"ez-toc-link ez-toc-heading-31\" href=\"https:\/\/www.enucuzu.com\/blog\/porto-gezi-rehberi\/#Broa_de_Avintes\" title=\"Broa de Avintes\">Broa de Avintes<\/a><\/li><li class='ez-toc-page-1 ez-toc-heading-level-3'><a class=\"ez-toc-link ez-toc-heading-32\" href=\"https:\/\/www.enucuzu.com\/blog\/porto-gezi-rehberi\/#Caldo_Verde\" title=\"Caldo Verde\">Caldo Verde<\/a><\/li><li class='ez-toc-page-1 ez-toc-heading-level-3'><a class=\"ez-toc-link ez-toc-heading-33\" href=\"https:\/\/www.enucuzu.com\/blog\/porto-gezi-rehberi\/#Bifana\" title=\"Bifana\">Bifana<\/a><\/li><li class='ez-toc-page-1 ez-toc-heading-level-3'><a class=\"ez-toc-link ez-toc-heading-34\" href=\"https:\/\/www.enucuzu.com\/blog\/porto-gezi-rehberi\/#Pastel_de_Chaves\" title=\"Pastel de Chaves\">Pastel de Chaves<\/a><\/li><li class='ez-toc-page-1 ez-toc-heading-level-3'><a class=\"ez-toc-link ez-toc-heading-35\" href=\"https:\/\/www.enucuzu.com\/blog\/porto-gezi-rehberi\/#Pastel_de_Nata\" title=\"Pastel de Nata\">Pastel de Nata<\/a><\/li><li class='ez-toc-page-1 ez-toc-heading-level-3'><a class=\"ez-toc-link ez-toc-heading-36\" href=\"https:\/\/www.enucuzu.com\/blog\/porto-gezi-rehberi\/#Guardanapos\" title=\"Guardanapos\">Guardanapos<\/a><\/li><li class='ez-toc-page-1 ez-toc-heading-level-3'><a class=\"ez-toc-link ez-toc-heading-37\" href=\"https:\/\/www.enucuzu.com\/blog\/porto-gezi-rehberi\/#Ovos_Moles\" title=\"Ovos Moles\">Ovos Moles<\/a><\/li><li class='ez-toc-page-1 ez-toc-heading-level-3'><a class=\"ez-toc-link ez-toc-heading-38\" href=\"https:\/\/www.enucuzu.com\/blog\/porto-gezi-rehberi\/#Porto_Sarabi\" title=\"Porto \u015earab\u0131\">Porto \u015earab\u0131<\/a><\/li><li class='ez-toc-page-1 ez-toc-heading-level-3'><a class=\"ez-toc-link ez-toc-heading-39\" href=\"https:\/\/www.enucuzu.com\/blog\/porto-gezi-rehberi\/#Beirao_Likoru\" title=\"Beir\u00e3o Lik\u00f6r\u00fc\">Beir\u00e3o Lik\u00f6r\u00fc<\/a><\/li><li class='ez-toc-page-1 ez-toc-heading-level-3'><a class=\"ez-toc-link ez-toc-heading-40\" href=\"https:\/\/www.enucuzu.com\/blog\/porto-gezi-rehberi\/#Ginjinha\" title=\"Ginjinha\">Ginjinha<\/a><\/li><\/ul><\/li><li class='ez-toc-page-1 ez-toc-heading-level-2'><a class=\"ez-toc-link ez-toc-heading-41\" href=\"https:\/\/www.enucuzu.com\/blog\/porto-gezi-rehberi\/#Porto_En_Iyi_Restoranlar_Listesi\" title=\"Porto En \u0130yi Restoranlar Listesi\">Porto En \u0130yi Restoranlar Listesi<\/a><ul class='ez-toc-list-level-3' ><li class='ez-toc-heading-level-3'><a class=\"ez-toc-link ez-toc-heading-42\" href=\"https:\/\/www.enucuzu.com\/blog\/porto-gezi-rehberi\/#Majestic_Cafe\" title=\"Majestic Cafe\">Majestic Cafe<\/a><\/li><li class='ez-toc-page-1 ez-toc-heading-level-3'><a class=\"ez-toc-link ez-toc-heading-43\" href=\"https:\/\/www.enucuzu.com\/blog\/porto-gezi-rehberi\/#Cafe_Piolho\" title=\"Cafe Piolho\">Cafe Piolho<\/a><\/li><li class='ez-toc-page-1 ez-toc-heading-level-3'><a class=\"ez-toc-link ez-toc-heading-44\" href=\"https:\/\/www.enucuzu.com\/blog\/porto-gezi-rehberi\/#Cafe_Restaurante_O_Afonso\" title=\"Caf\u00e9 Restaurante O Afonso\">Caf\u00e9 Restaurante O Afonso<\/a><\/li><li class='ez-toc-page-1 ez-toc-heading-level-3'><a class=\"ez-toc-link ez-toc-heading-45\" href=\"https:\/\/www.enucuzu.com\/blog\/porto-gezi-rehberi\/#Santa_Francesinha\" title=\"Santa Francesinha\">Santa Francesinha<\/a><\/li><li class='ez-toc-page-1 ez-toc-heading-level-3'><a class=\"ez-toc-link ez-toc-heading-46\" href=\"https:\/\/www.enucuzu.com\/blog\/porto-gezi-rehberi\/#Terra_Nova\" title=\"Terra Nova\">Terra Nova<\/a><\/li><li class='ez-toc-page-1 ez-toc-heading-level-3'><a class=\"ez-toc-link ez-toc-heading-47\" href=\"https:\/\/www.enucuzu.com\/blog\/porto-gezi-rehberi\/#Tokyo_Sushi\" title=\"Tokyo Sushi\">Tokyo Sushi<\/a><\/li><\/ul><\/li><li class='ez-toc-page-1 ez-toc-heading-level-2'><a class=\"ez-toc-link ez-toc-heading-48\" href=\"https:\/\/www.enucuzu.com\/blog\/porto-gezi-rehberi\/#Seyahate_Iliski_Merak_Edilenler_SEO_Bolumu\" title=\"Seyahate \u0130li\u015fki Merak Edilenler (SEO B\u00f6l\u00fcm\u00fc)\">Seyahate \u0130li\u015fki Merak Edilenler (SEO B\u00f6l\u00fcm\u00fc)<\/a><ul class='ez-toc-list-level-3' ><li class='ez-toc-heading-level-3'><a class=\"ez-toc-link ez-toc-heading-49\" href=\"https:\/\/www.enucuzu.com\/blog\/porto-gezi-rehberi\/#Porto_Nerede_Bulunuyor\" title=\"Porto Nerede Bulunuyor?\">Porto Nerede Bulunuyor?<\/a><\/li><li class='ez-toc-page-1 ez-toc-heading-level-3'><a class=\"ez-toc-link ez-toc-heading-50\" href=\"https:\/\/www.enucuzu.com\/blog\/porto-gezi-rehberi\/#Portoya_En_Ucuz_Bilet_Nasil_Bulunur\" title=\"Porto\u2019ya En Ucuz Bilet Nas\u0131l Bulunur?\">Porto\u2019ya En Ucuz Bilet Nas\u0131l Bulunur?<\/a><\/li><li class='ez-toc-page-1 ez-toc-heading-level-3'><a class=\"ez-toc-link ez-toc-heading-51\" href=\"https:\/\/www.enucuzu.com\/blog\/porto-gezi-rehberi\/#Ulkenin_Para_Birimi_Nedir\" title=\"\u00dclkenin Para Birimi Nedir?\">\u00dclkenin Para Birimi Nedir?<\/a><\/li><li class='ez-toc-page-1 ez-toc-heading-level-3'><a class=\"ez-toc-link ez-toc-heading-52\" href=\"https:\/\/www.enucuzu.com\/blog\/porto-gezi-rehberi\/#Portoya_Ne_Zaman_Gidilir\" title=\"Porto\u2019ya Ne Zaman Gidilir?\">Porto\u2019ya Ne Zaman Gidilir?<\/a><\/li><li class='ez-toc-page-1 ez-toc-heading-level-3'><a class=\"ez-toc-link ez-toc-heading-53\" href=\"https:\/\/www.enucuzu.com\/blog\/porto-gezi-rehberi\/#Portoda_Nerede_Kalinir\" title=\"Porto\u2019da Nerede Kal\u0131n\u0131r?\">Porto\u2019da Nerede Kal\u0131n\u0131r?<\/a><\/li><li class='ez-toc-page-1 ez-toc-heading-level-3'><a class=\"ez-toc-link ez-toc-heading-54\" href=\"https:\/\/www.enucuzu.com\/blog\/porto-gezi-rehberi\/#Seyahat_Icin_Kac_Gun_Gerekiyor\" title=\"Seyahat \u0130\u00e7in Ka\u00e7 G\u00fcn Gerekiyor?\">Seyahat \u0130\u00e7in Ka\u00e7 G\u00fcn Gerekiyor?<\/a><\/li><li class='ez-toc-page-1 ez-toc-heading-level-3'><a class=\"ez-toc-link ez-toc-heading-55\" href=\"https:\/\/www.enucuzu.com\/blog\/porto-gezi-rehberi\/#Portoda_Sehir_Ici_Ulasim_Nasil\" title=\"Porto\u2019da \u015eehir \u0130\u00e7i Ula\u015f\u0131m Nas\u0131l?\">Porto\u2019da \u015eehir \u0130\u00e7i Ula\u015f\u0131m Nas\u0131l?<\/a><\/li><li class='ez-toc-page-1 ez-toc-heading-level-3'><a class=\"ez-toc-link ez-toc-heading-56\" href=\"https:\/\/www.enucuzu.com\/blog\/porto-gezi-rehberi\/#Ucak_Bileti_Nasil_En_Ucuzuna_Alinir\" title=\"U\u00e7ak Bileti Nas\u0131l En Ucuzuna Al\u0131n\u0131r?\">U\u00e7ak Bileti Nas\u0131l En Ucuzuna Al\u0131n\u0131r?<\/a><\/li><\/ul><\/li><\/ul><\/nav><\/div>\n<h2><span class=\"ez-toc-section\" id=\"Porto_Hakkinda\"><\/span>Porto Hakk\u0131nda<span class=\"ez-toc-section-end\"><\/span><\/h2>\n<table>\n<thead>\n<tr>\n<th>\u00dclke<\/th>\n<th>Portekiz<\/th>\n<\/tr>\n<\/thead>\n<tbody>\n<tr>\n<td>B\u00f6lge<\/td>\n<td>G\u00fcney Avrupa<\/td>\n<\/tr>\n<tr>\n<td>Resmi Dil<\/td>\n<td>Portekizce<\/td>\n<\/tr>\n<tr>\n<td>Para Birimi<\/td>\n<td>Euro (EUR)<\/td>\n<\/tr>\n<tr>\n<td>Vize Gereksinimleri<\/td>\n<td>Schengen Vizesi<\/td>\n<\/tr>\n<tr>\n<td>\u015eehir N\u00fcfusu<\/td>\n<td>1,320,347<\/td>\n<\/tr>\n<tr>\n<td>\u0130klim<\/td>\n<td>Akdeniz \u0130klimi (Y\u0131ll\u0131k Ort: 15,2\u00b0C)<\/td>\n<\/tr>\n<tr>\n<td>Zaman Dilimi<\/td>\n<td>UTC + 0 (CET) \/ UTC +1 (CEST)<\/td>\n<\/tr>\n<tr>\n<td>Trafik Ak\u0131\u015f Y\u00f6n\u00fc<\/td>\n<td>Sa\u011f<\/td>\n<\/tr>\n<tr>\n<td>Telefon Kodu<\/td>\n<td>0351<\/td>\n<\/tr>\n<tr>\n<td>En Yak\u0131n Havaliman\u0131<\/td>\n<td>Francisco de S\u00e1 Carneiro Havaalan\u0131 (11 KM)<\/td>\n<\/tr>\n<\/tbody>\n<\/table>\n<p>Porto, Portekiz\u2019in kuzeyinde yer alan bir liman kentidir. Porto kelimesi liman anlam\u0131na gelen \u201cportus\u201d kelimesinden t\u00fcremi\u015ftir.<\/p>\n<p>Porto\u2019da gezmenin en g\u00fczel yan\u0131, g\u00f6r\u00fclecek \u00e7ok yer olsa da hepsinin yak\u0131n alanlara toplanm\u0131\u015f olmas\u0131. B\u00f6ylece olduk\u00e7a k\u0131sa zaman i\u00e7erisinde \u015fehre neredeyse Portolular kadar hakim olabilirsiniz. Yine de merkez b\u00f6lgesinin olduk\u00e7a yoku\u015flu oldu\u011fu s\u00f6ylenebilir.<\/p>\n<p>Ayr\u0131ca, i\u00e7erikten \u00f6nce azulejo sanat\u0131ndan bahsetmek gerek. Azulejo, \u0130spanya ve Portekiz\u2019e \u00f6zg\u00fc bir seramik sanat\u0131d\u0131r. Duvarlar\u0131 mavi seramikler ile s\u00fcsleme sanat\u0131d\u0131r. Porto\u2019nun her caddesinde, binalar\u0131n i\u00e7eri k\u0131s\u0131mlar\u0131nda azulejo izlerine rastlayabilirsiniz.<\/p>\n<h2><span class=\"ez-toc-section\" id=\"Porto_Gezilecek_Yerler_Listesi\"><\/span><strong>Porto Gezilecek Yerler Listesi<\/strong><span class=\"ez-toc-section-end\"><\/span><\/h2>\n<p><strong>\u2014 Meydanlar ve B\u00f6lgeler \u2014<\/strong><\/p>\n<ul>\n<li>Aliados Caddesi ve Liberdade Meydan\u0131<\/li>\n<li>Santa Catharina<\/li>\n<li>Ribeira<\/li>\n<li>Gaia<\/li>\n<li>Cedofeita<\/li>\n<li>Matosinhos<\/li>\n<li>P\u00f3voa de Varzim<\/li>\n<\/ul>\n<p><strong>\u2014 Yap\u0131lar\u2014<\/strong><\/p>\n<ul>\n<li>I. Luis K\u00f6pr\u00fcs\u00fc (Ponte de D. Luis I)<\/li>\n<li>Lello K\u00fct\u00fcphanesi (Livraria Lello)<\/li>\n<li>Serra do Pilar Manast\u0131r\u0131 (Igreja da Serra do Pilar)<\/li>\n<li>Porto Katedrali (S\u00e9 do Porto &#8211; Porto Catedral)<\/li>\n<li>Drag\u00e3o Stadyumu (Est\u00e1dio do Drag\u00e3o)<\/li>\n<li>Cl\u00e9rigos Kilisesi ve Kulesi (Torre dos Cl\u00e9rigos &#8211; Cl\u00e9rigos Tower)<\/li>\n<li>Saint Ildefonso Kilisesi (Church of Saint Ildefonso)<\/li>\n<li>S\u00e3o Francisco Kilisesi (Igreja de S\u00e3o Francisco)<\/li>\n<li>Bolsa Saray\u0131 (Pal\u00e1cio da Bolsa)<\/li>\n<li>S\u00e3o Bento Tren \u0130stasyonu (S\u00e3o Bento Railway Station)<\/li>\n<li>Carmo Kilisesi (Igreja do Carmo)<\/li>\n<li>Casa Da Musica<\/li>\n<\/ul>\n<p><strong>\u2014 Parklar\u2014<\/strong><\/p>\n<ul>\n<li>Morro Park\u0131 (Jardim Do Morro)<\/li>\n<li>Kristal Saray Bah\u00e7esi (Jardins do Pal\u00e1cio de Cristal)<\/li>\n<li>Parque da Cidade do Porto<\/li>\n<\/ul>\n<p><img fetchpriority=\"high\" decoding=\"async\" class=\"size-full wp-image-7965 aligncenter\" style=\"margin: var(--p-media-margin) auto; font-size: 14px; font-family: 'Public Sans', system-ui, sans-serif;\" src=\"https:\/\/www.enucuzu.com\/blog\/wp-content\/uploads\/2024\/07\/av-dos-aliados.webp\" alt=\"\" width=\"1200\" height=\"675\" srcset=\"https:\/\/www.enucuzu.com\/blog\/wp-content\/uploads\/2024\/07\/av-dos-aliados.webp 1200w, https:\/\/www.enucuzu.com\/blog\/wp-content\/uploads\/2024\/07\/av-dos-aliados-768x432.webp 768w, https:\/\/www.enucuzu.com\/blog\/wp-content\/uploads\/2024\/07\/av-dos-aliados-150x84.webp 150w, https:\/\/www.enucuzu.com\/blog\/wp-content\/uploads\/2024\/07\/av-dos-aliados-450x253.webp 450w\" sizes=\"(max-width: 1200px) 100vw, 1200px\" \/><\/p>\n<h3><span class=\"ez-toc-section\" id=\"Aliados_Caddesi_ve_Liberdade_Meydani\"><\/span><strong>Aliados Caddesi ve Liberdade Meydan\u0131<\/strong><span class=\"ez-toc-section-end\"><\/span><\/h3>\n<p>Aliados Caddesi, Porto\u2019nun tarihi merkezi ile Portolular\u0131n ya\u015fad\u0131\u011f\u0131 yerler aras\u0131nda bulunan \u00f6nemli bir merkez. Barok mimarisi ile s\u00fcsl\u00fc binalarla dolu Aliados\u2019un ortas\u0131nda Porto\u2019nun en g\u00f6rkemli binalar\u0131ndan olan belediye binas\u0131 bulunuyor.<\/p>\n<p>Belediye binas\u0131n\u0131n \u00f6n\u00fcnde me\u015fhur bulu\u015fma alan\u0131 olan Liberdade Meydan\u0131 var. Meydan\u0131n \u00e7evresinde, T\u00fcrk d\u00f6nercisi dahil bir\u00e7ok kafe ve restoran bulunuyor.<\/p>\n<ul>\n<li><strong>Google Maps Ba\u011flant\u0131s\u0131:<\/strong> <a href=\"https:\/\/goo.gl\/maps\/DMZ3yaV93ZWoAdQVA\">https:\/\/goo.gl\/maps\/DMZ3yaV93ZWoAdQVA<\/a><\/li>\n<\/ul>\n<h3><span class=\"ez-toc-section\" id=\"Santa_Catarina\"><\/span><strong>Santa Catarina<\/strong><span class=\"ez-toc-section-end\"><\/span><\/h3>\n<p>Santa Catarina, \u0130stanbul\u2019daki \u0130stiklal Caddesi\u2019nin k\u00fc\u00e7\u00fck bir Porto versiyonudur. \u0130stiklal\u2019e k\u0131yasla k\u00fc\u00e7\u00fck olan bu caddede al\u0131\u015fveri\u015f ma\u011fazalar\u0131, kafeler bulunuyor.<\/p>\n<ul>\n<li><strong>Google Maps Ba\u011flant\u0131s\u0131:<\/strong> <a href=\"https:\/\/goo.gl\/maps\/UHNb7wcP4YwhEgf49\">https:\/\/goo.gl\/maps\/UHNb7wcP4YwhEgf49<\/a><\/li>\n<\/ul>\n<h3><span class=\"ez-toc-section\" id=\"Ribeira\"><\/span><strong>Ribeira<\/strong><span class=\"ez-toc-section-end\"><\/span><\/h3>\n<p>Ribeira, Porto\u2019nun nehir k\u0131y\u0131s\u0131ndan Aliados\u2019a kadar uzanan b\u00f6lgesini temsil ediyor. Bu b\u00f6lgede bir\u00e7ok tarihi yap\u0131, kilise bulunuyor ve \u015fehrin en gezilesi yerler aras\u0131nda yer al\u0131yor.<\/p>\n<p><img decoding=\"async\" class=\"size-full wp-image-7966 aligncenter\" style=\"margin: var(--p-media-margin) auto; font-size: 14px; font-family: 'Public Sans', system-ui, sans-serif;\" src=\"https:\/\/www.enucuzu.com\/blog\/wp-content\/uploads\/2024\/07\/gco_ribeira.webp\" alt=\"\" width=\"1200\" height=\"675\" srcset=\"https:\/\/www.enucuzu.com\/blog\/wp-content\/uploads\/2024\/07\/gco_ribeira.webp 1200w, https:\/\/www.enucuzu.com\/blog\/wp-content\/uploads\/2024\/07\/gco_ribeira-768x432.webp 768w, https:\/\/www.enucuzu.com\/blog\/wp-content\/uploads\/2024\/07\/gco_ribeira-150x84.webp 150w, https:\/\/www.enucuzu.com\/blog\/wp-content\/uploads\/2024\/07\/gco_ribeira-450x253.webp 450w\" sizes=\"(max-width: 1200px) 100vw, 1200px\" \/><\/p>\n<p>Ribeira turunu yaparken yukar\u0131dan a\u015fa\u011f\u0131 do\u011fru y\u00fcr\u00fcrseniz daha az yoku\u015f y\u00fcr\u00fcrs\u00fcn\u00fcz fakat nehre do\u011fru yoku\u015f a\u015fa\u011f\u0131 y\u00fcr\u00fcrseniz hem daha az yorulur hem de dar sokaklar\u0131n aras\u0131ndan panoramik manzaralar yakabilirsiniz.<\/p>\n<ul>\n<li><strong>Google Maps Ba\u011flant\u0131s\u0131:<\/strong> <a href=\"https:\/\/goo.gl\/maps\/ZSJNa3PfxF6qC4rY8\">https:\/\/goo.gl\/maps\/ZSJNa3PfxF6qC4rY8<\/a><\/li>\n<\/ul>\n<h3><span class=\"ez-toc-section\" id=\"Gaia\"><\/span><strong>Gaia<\/strong><span class=\"ez-toc-section-end\"><\/span><\/h3>\n<p>Gaia, Ribeiria\u2019n\u0131n ve Ponte de D. Luis I k\u00f6pr\u00fcs\u00fcn\u00fcn kar\u015f\u0131s\u0131nda bulunuyor. Porto\u2019ya gidenlerin Porto manzaras\u0131n\u0131 g\u00f6rmesi gereken yerler aras\u0131nda. Hem yukar\u0131 taraf\u0131 hem de a\u015fa\u011f\u0131 taraf\u0131ndan \u015fehir olduk\u00e7a g\u00fczel g\u00f6r\u00fcn\u00fcyor. Ribeira\u2019da oldu\u011fu gibi yukar\u0131dan a\u015fa\u011f\u0131 do\u011fru inmeniz daha az yorucu olacakt\u0131r.<\/p>\n<p><strong>Not:<\/strong> Gaia\u2019n\u0131n sadece Ribeira\u2019n\u0131n kar\u015f\u0131s\u0131nda yani k\u00f6pr\u00fcn\u00fcn biti\u015fi\u011finde olan b\u00f6l\u00fcm\u00fcne gitmeniz yeterli.<\/p>\n<ul>\n<li><strong>Google Maps Ba\u011flant\u0131s\u0131:<\/strong> <a href=\"https:\/\/goo.gl\/maps\/d5wA9mFZauAxuJYz6\">https:\/\/goo.gl\/maps\/d5wA9mFZauAxuJYz6<\/a><\/li>\n<\/ul>\n<h3><span class=\"ez-toc-section\" id=\"Cedofeita\"><\/span><strong>Cedofeita<\/strong><span class=\"ez-toc-section-end\"><\/span><\/h3>\n<p>Cedofeita, Aliados\u2019a 10-15 dakika y\u00fcr\u00fcme mesafesinde bulunuyor. Aliados\u2019tan Cedofeita\u2019ya do\u011fru giden yolda bir\u00e7ok tarihi yap\u0131 bulunuyor.<\/p>\n<p>Cedofeita Caddesinde ise hediyelik e\u015fya bulabilece\u011finiz k\u00fc\u00e7\u00fck d\u00fckkanlar, parklar, g\u00fczel f\u0131r\u0131nlar ve k\u00fc\u00e7\u00fck kafeler bulunuyor.<\/p>\n<ul>\n<li><strong>Google Maps Ba\u011flant\u0131s\u0131:<\/strong> <a href=\"https:\/\/goo.gl\/maps\/qGFWcXMW3GwcZpwd8\">https:\/\/goo.gl\/maps\/qGFWcXMW3GwcZpwd8<\/a><\/li>\n<\/ul>\n<h3><span class=\"ez-toc-section\" id=\"Matosinhos\"><\/span><strong>Matosinhos<\/strong><span class=\"ez-toc-section-end\"><\/span><\/h3>\n<p>Matosinhos, okyanusa k\u0131y\u0131s\u0131 olan yerler aras\u0131nda bulunuyor. Burada denize girebilirsiniz, hatta isterseniz dalga s\u00f6rf\u00fcn\u00fc deneyebilirsiniz.<\/p>\n<p><img decoding=\"async\" class=\"size-full wp-image-7967 aligncenter\" style=\"margin: var(--p-media-margin) auto; font-size: 14px; font-family: 'Public Sans', system-ui, sans-serif;\" src=\"https:\/\/www.enucuzu.com\/blog\/wp-content\/uploads\/2024\/07\/matosinhos.webp\" alt=\"\" width=\"1200\" height=\"675\" srcset=\"https:\/\/www.enucuzu.com\/blog\/wp-content\/uploads\/2024\/07\/matosinhos.webp 1200w, https:\/\/www.enucuzu.com\/blog\/wp-content\/uploads\/2024\/07\/matosinhos-768x432.webp 768w, https:\/\/www.enucuzu.com\/blog\/wp-content\/uploads\/2024\/07\/matosinhos-150x84.webp 150w, https:\/\/www.enucuzu.com\/blog\/wp-content\/uploads\/2024\/07\/matosinhos-450x253.webp 450w\" sizes=\"(max-width: 1200px) 100vw, 1200px\" \/><\/p>\n<p>Yine de Matosinhos \u015fehre uzak ve Porto\u2019daki vaktiniz k\u0131s\u0131tl\u0131 ise veya s\u00f6rf\u00fc denemek gibi bir d\u00fc\u015f\u00fcnceniz yoksa buray\u0131 gezmeniz gerekmiyor.<\/p>\n<ul>\n<li><strong>Google Maps Ba\u011flant\u0131s\u0131:<\/strong> <a href=\"https:\/\/goo.gl\/maps\/DRHeCpo19MCzkbip6\">https:\/\/goo.gl\/maps\/DRHeCpo19MCzkbip6<\/a><\/li>\n<\/ul>\n<h3><span class=\"ez-toc-section\" id=\"Povoa_de_Varzim\"><\/span><strong>P\u00f3voa de Varzim<\/strong><span class=\"ez-toc-section-end\"><\/span><\/h3>\n<p>P\u00f3voa de Varzim, Porto\u2019nun en kuzeyinde bulunan k\u00fc\u00e7\u00fck bir kasaba. Kasaban\u0131n i\u00e7erisinde k\u00fc\u00e7\u00fck bir \u00e7ar\u015f\u0131 bulunuyor fakat buray\u0131 en \u00f6zel k\u0131lan i\u00e7erisinde b\u00fcy\u00fck bir kumarhane olmas\u0131.<\/p>\n<p>Kumarhane hem d\u0131\u015ftan hem de i\u00e7ten olduk\u00e7a g\u00fczel g\u00f6r\u00fcnse de \u00f6yle l\u00fcks ve \u015f\u0131k giyinenlerin oldu\u011fu bir kumarhane de\u011fil.<\/p>\n<p>Ayr\u0131ca, Porto\u2019da uzun s\u00fcreli kalmayacaks\u0131n\u0131z gitmenize gerek yok \u00e7\u00fcnk\u00fc \u015fehre \u00e7ok uzak.<\/p>\n<ul>\n<li><strong>Google Maps Ba\u011flant\u0131s\u0131:<\/strong> <a href=\"https:\/\/goo.gl\/maps\/pYSSTPDbyRFCXFiF9\">https:\/\/goo.gl\/maps\/pYSSTPDbyRFCXFiF9<\/a><\/li>\n<\/ul>\n<h3><span class=\"ez-toc-section\" id=\"I_Luis_Koprusu_Ponte_de_D_Luis_I\"><\/span><strong>I. Luis K\u00f6pr\u00fcs\u00fc (Ponte de D. Luis I)<\/strong><span class=\"ez-toc-section-end\"><\/span><\/h3>\n<p>Portekiz\u2019in simgesi, Ponte de D. Luis I \u015fehrin iki yakas\u0131n\u0131 bir arada tutan bir demir k\u00f6pr\u00fcd\u00fcr. Ge\u00e7mi\u015fi Gustavo Eiffel&#8217;e kadar dayanan k\u00f6pr\u00fcn\u00fcn \u00fcst taraf\u0131ndan metro, alt taraf\u0131ndan ise ara\u00e7lar ge\u00e7iyor.<\/p>\n<p><img loading=\"lazy\" decoding=\"async\" class=\"size-full wp-image-7968 aligncenter\" style=\"margin: var(--p-media-margin) auto; font-size: 14px; font-family: 'Public Sans', system-ui, sans-serif;\" src=\"https:\/\/www.enucuzu.com\/blog\/wp-content\/uploads\/2024\/07\/OPO_Porto_Portugal_Bridge_515672142_Getty_1123_01_RGB-136-DPI-For-Web.webp\" alt=\"\" width=\"1200\" height=\"675\" srcset=\"https:\/\/www.enucuzu.com\/blog\/wp-content\/uploads\/2024\/07\/OPO_Porto_Portugal_Bridge_515672142_Getty_1123_01_RGB-136-DPI-For-Web.webp 1200w, https:\/\/www.enucuzu.com\/blog\/wp-content\/uploads\/2024\/07\/OPO_Porto_Portugal_Bridge_515672142_Getty_1123_01_RGB-136-DPI-For-Web-768x432.webp 768w, https:\/\/www.enucuzu.com\/blog\/wp-content\/uploads\/2024\/07\/OPO_Porto_Portugal_Bridge_515672142_Getty_1123_01_RGB-136-DPI-For-Web-150x84.webp 150w, https:\/\/www.enucuzu.com\/blog\/wp-content\/uploads\/2024\/07\/OPO_Porto_Portugal_Bridge_515672142_Getty_1123_01_RGB-136-DPI-For-Web-450x253.webp 450w\" sizes=\"(max-width: 1200px) 100vw, 1200px\" \/><\/p>\n<p>Hem alt taraf\u0131 hem de \u00fcst taraf\u0131nda da insanlar\u0131n y\u00fcr\u00fcyebilmesi i\u00e7in b\u00f6lmeler bulunuyor. Y\u00fckseklik korkunuz varsa \u00fcst taraf\u0131nda y\u00fcr\u00fcyemezsiniz kar\u015f\u0131 tarafa trenle de ge\u00e7ebilirsiniz.<\/p>\n<ul>\n<li><strong>Google Maps Ba\u011flant\u0131s\u0131:<\/strong> <a href=\"https:\/\/goo.gl\/maps\/EzgdD6pzVKXkWQQ9A\">https:\/\/goo.gl\/maps\/EzgdD6pzVKXkWQQ9A<\/a><\/li>\n<\/ul>\n<h3><span class=\"ez-toc-section\" id=\"Lello_Kutuphanesi_Livraria_Lello\"><\/span><strong>Lello K\u00fct\u00fcphanesi (Livraria Lello)<\/strong><span class=\"ez-toc-section-end\"><\/span><\/h3>\n<p><img loading=\"lazy\" decoding=\"async\" class=\"size-full wp-image-7969 aligncenter\" src=\"https:\/\/www.enucuzu.com\/blog\/wp-content\/uploads\/2024\/07\/ivo-rainha-0rzUepBXHN0-unsplash-1.webp\" alt=\"\" width=\"1200\" height=\"675\" srcset=\"https:\/\/www.enucuzu.com\/blog\/wp-content\/uploads\/2024\/07\/ivo-rainha-0rzUepBXHN0-unsplash-1.webp 1200w, https:\/\/www.enucuzu.com\/blog\/wp-content\/uploads\/2024\/07\/ivo-rainha-0rzUepBXHN0-unsplash-1-768x432.webp 768w, https:\/\/www.enucuzu.com\/blog\/wp-content\/uploads\/2024\/07\/ivo-rainha-0rzUepBXHN0-unsplash-1-150x84.webp 150w, https:\/\/www.enucuzu.com\/blog\/wp-content\/uploads\/2024\/07\/ivo-rainha-0rzUepBXHN0-unsplash-1-450x253.webp 450w\" sizes=\"(max-width: 1200px) 100vw, 1200px\" \/><\/p>\n<p>Lello K\u00fct\u00fcphanesi\u2019nin ismi bug\u00fcne kadar ad\u0131 hep Harry Potter ile an\u0131lm\u0131\u015f. J.K. Rowling\u2019in Porto\u2019da ya\u015fad\u0131\u011f\u0131 s\u00fcre i\u00e7erisinde buraya gelip Harry Potter\u2019\u0131 yazd\u0131\u011f\u0131 s\u00f6ylentisi bilindi\u011finin aksine yanl\u0131\u015ft\u0131r. Yine de k\u00fct\u00fcphane olduk\u00e7a renkli ve gezilesi yerlerdendir.<\/p>\n<ul>\n<li><strong>Google Maps Ba\u011flant\u0131s\u0131:<\/strong> <a href=\"https:\/\/goo.gl\/maps\/L1QFRNMs1K3MCiKy8\">https:\/\/goo.gl\/maps\/L1QFRNMs1K3MCiKy8<\/a><\/li>\n<\/ul>\n<h3><span class=\"ez-toc-section\" id=\"Serra_do_Pilar_Manastiri_Igreja_da_Serra_do_Pilar\"><\/span><strong>Serra do Pilar Manast\u0131r\u0131 (Igreja da Serra do Pilar)<\/strong><span class=\"ez-toc-section-end\"><\/span><\/h3>\n<p>Serra do Pilar Manast\u0131r\u0131, k\u00f6pr\u00fcn\u00fcn Gaia taraf\u0131n\u0131n biti\u015fi\u011finde yer al\u0131yor. \u0130nternette g\u00f6rebilece\u011finiz Porto foto\u011fraflar\u0131n\u0131n \u00e7o\u011fu da burada \u00e7ekilmi\u015f.<\/p>\n<ul>\n<li><strong>Google Maps Ba\u011flant\u0131s\u0131:<\/strong> <a href=\"https:\/\/goo.gl\/maps\/ECKDsS2oTGrjsCqo8\">https:\/\/goo.gl\/maps\/ECKDsS2oTGrjsCqo8<\/a><\/li>\n<\/ul>\n<h3><span class=\"ez-toc-section\" id=\"Porto_Katedrali_Se_do_Porto_%E2%80%93_Porto_Catedral\"><\/span><strong>Porto Katedrali (S\u00e9 do Porto &#8211; Porto Catedral)<\/strong><span class=\"ez-toc-section-end\"><\/span><\/h3>\n<p>Porto Katedrali, Porto\u2019nun en b\u00fcy\u00fck ibadet yerleri aras\u0131nda. 600 y\u0131l boyunca tadilat yap\u0131l\u0131p yenilendi\u011fi i\u00e7in barok, gotik gibi birden \u00e7ok ak\u0131mdan izler bulunuyor.<\/p>\n<p><img loading=\"lazy\" decoding=\"async\" class=\"size-full wp-image-7970 aligncenter\" style=\"margin: var(--p-media-margin) auto; font-size: 14px; font-family: 'Public Sans', system-ui, sans-serif;\" src=\"https:\/\/www.enucuzu.com\/blog\/wp-content\/uploads\/2024\/07\/ChIJueuROeFkJA0R6Td1oK7MHEo-1.webp\" alt=\"\" width=\"1200\" height=\"675\" srcset=\"https:\/\/www.enucuzu.com\/blog\/wp-content\/uploads\/2024\/07\/ChIJueuROeFkJA0R6Td1oK7MHEo-1.webp 1200w, https:\/\/www.enucuzu.com\/blog\/wp-content\/uploads\/2024\/07\/ChIJueuROeFkJA0R6Td1oK7MHEo-1-768x432.webp 768w, https:\/\/www.enucuzu.com\/blog\/wp-content\/uploads\/2024\/07\/ChIJueuROeFkJA0R6Td1oK7MHEo-1-150x84.webp 150w, https:\/\/www.enucuzu.com\/blog\/wp-content\/uploads\/2024\/07\/ChIJueuROeFkJA0R6Td1oK7MHEo-1-450x253.webp 450w\" sizes=\"(max-width: 1200px) 100vw, 1200px\" \/><\/p>\n<p>Ayr\u0131ca, katedralin bah\u00e7esi panaromik bir Porto manzaras\u0131na bak\u0131yor.<\/p>\n<ul>\n<li><strong>Google Maps Ba\u011flant\u0131s\u0131:<\/strong> <a href=\"https:\/\/goo.gl\/maps\/88h8KTcQBjELAzzb6\">https:\/\/goo.gl\/maps\/88h8KTcQBjELAzzb6<\/a><\/li>\n<\/ul>\n<h3><span class=\"ez-toc-section\" id=\"Dragao_Stadyumu_Estadio_do_Dragao\"><\/span><strong>Drag\u00e3o Stadyumu (Est\u00e1dio do Drag\u00e3o)<\/strong><span class=\"ez-toc-section-end\"><\/span><\/h3>\n<p>Est\u00e1dio do Drag\u00e3o, FC Porto tak\u0131m\u0131n\u0131n 50.431 kapasiteye sahip stad\u0131d\u0131r. FC Porto\u2019nun futbol camias\u0131ndaki lakab\u0131 \u201cfactory &#8211; fabrika\u201d.<\/p>\n<p><img loading=\"lazy\" decoding=\"async\" class=\"size-full wp-image-7971 aligncenter\" style=\"margin: var(--p-media-margin) auto; font-size: 14px; font-family: 'Public Sans', system-ui, sans-serif;\" src=\"https:\/\/www.enucuzu.com\/blog\/wp-content\/uploads\/2024\/07\/5c90c10a5b3deyLFGWRni9pLwImNR.webp\" alt=\"\" width=\"1200\" height=\"675\" srcset=\"https:\/\/www.enucuzu.com\/blog\/wp-content\/uploads\/2024\/07\/5c90c10a5b3deyLFGWRni9pLwImNR.webp 1200w, https:\/\/www.enucuzu.com\/blog\/wp-content\/uploads\/2024\/07\/5c90c10a5b3deyLFGWRni9pLwImNR-768x432.webp 768w, https:\/\/www.enucuzu.com\/blog\/wp-content\/uploads\/2024\/07\/5c90c10a5b3deyLFGWRni9pLwImNR-150x84.webp 150w, https:\/\/www.enucuzu.com\/blog\/wp-content\/uploads\/2024\/07\/5c90c10a5b3deyLFGWRni9pLwImNR-450x253.webp 450w\" sizes=\"(max-width: 1200px) 100vw, 1200px\" \/><\/p>\n<p>Bu lakab\u0131 almas\u0131n\u0131n sebebi gen\u00e7 yetenekleri yeti\u015ftirip d\u00fcnyan\u0131n en iyi tak\u0131mlar\u0131na y\u00fcksek fiyattan sat\u0131yor olmalar\u0131.<\/p>\n<ul>\n<li><strong>Google Maps Ba\u011flant\u0131s\u0131:<\/strong> <a href=\"https:\/\/goo.gl\/maps\/CDjxKBaiwVXmPNyd6\">https:\/\/goo.gl\/maps\/CDjxKBaiwVXmPNyd6<\/a><\/li>\n<\/ul>\n<h3><span class=\"ez-toc-section\" id=\"Clerigos_Kilisesi_ve_Kulesi_Torre_dos_Clerigos_%E2%80%93_Clerigos_Tower\"><\/span><strong>Cl\u00e9rigos Kilisesi ve Kulesi (Torre dos Cl\u00e9rigos &#8211; Cl\u00e9rigos Tower)<\/strong><span class=\"ez-toc-section-end\"><\/span><\/h3>\n<p>Cl\u00e9rigos Kilisesi ve kiliseye ait 75,6 metrelik kule Porto\u2019da g\u00f6r\u00fclmesi gereken yerler aras\u0131nda yer al\u0131yor. \u00dcnl\u00fc kuleye \u00e7\u0131kmak i\u00e7in toplamda 240 basama\u011f\u0131 \u00e7\u0131kman\u0131z gerekecek.<\/p>\n<ul>\n<li><strong>Google Maps Ba\u011flant\u0131s\u0131:<\/strong> <a href=\"https:\/\/goo.gl\/maps\/yKNJe1XiVgZWRKF68\">https:\/\/goo.gl\/maps\/yKNJe1XiVgZWRKF68<\/a><\/li>\n<\/ul>\n<h3><span class=\"ez-toc-section\" id=\"Saint_Ildefonso_Kilisesi_Church_of_Saint_Ildefonso\"><\/span><strong>Saint Ildefonso Kilisesi (Church of Saint Ildefonso)<\/strong><span class=\"ez-toc-section-end\"><\/span><\/h3>\n<p>Saint Ildefonso Kilisesi, Santa Catharina civar\u0131nda bulunan bir kilise. Kiliseyi \u00f6zel k\u0131lan detay ise d\u0131\u015f taraf\u0131n\u0131n azulejo seramikleri ile kaplanm\u0131\u015f olmas\u0131.<\/p>\n<p>Ayn\u0131 zamanda, Saint Ildefonso Kilisesi\u2019ne yak\u0131n olan\u00a0 \u201cChapel of Souls\u201d kilisesinin duvar\u0131nda da olduk\u00e7a \u00f6zel i\u015flemeli azulejo i\u015flemelerini g\u00f6rebilirsiniz.<\/p>\n<ul>\n<li><strong>Google Maps Ba\u011flant\u0131s\u0131:<\/strong> <a href=\"https:\/\/goo.gl\/maps\/4M4v4knwTsq4pJ567\">https:\/\/goo.gl\/maps\/4M4v4knwTsq4pJ567<\/a><\/li>\n<\/ul>\n<h3><span class=\"ez-toc-section\" id=\"Sao_Francisco_Kilisesi_Igreja_de_Sao_Francisco\"><\/span><strong>S\u00e3o Francisco Kilisesi (Igreja de S\u00e3o Francisco)<\/strong><span class=\"ez-toc-section-end\"><\/span><\/h3>\n<p>S\u00e3o Francisco Kilisesi, Porto \u015fehrindeki en eski kiliseler aras\u0131nda. 19. y\u00fczy\u0131lda ku\u015fatma d\u00f6nemi s\u0131ras\u0131nda \u00f6nemli bir k\u0131sm\u0131 yok olmu\u015f. Yok olan k\u0131sm\u0131na da saray in\u015fa edilmi\u015f.<\/p>\n<ul>\n<li><strong>Google Maps Ba\u011flant\u0131s\u0131:<\/strong> <a href=\"https:\/\/goo.gl\/maps\/QBZk5RUpnDeCAeFN6\">https:\/\/goo.gl\/maps\/QBZk5RUpnDeCAeFN6<\/a><\/li>\n<\/ul>\n<h3><span class=\"ez-toc-section\" id=\"Bolsa_Sarayi_Palacio_da_Bolsa\"><\/span><strong>Bolsa Saray\u0131 (Pal\u00e1cio da Bolsa)<\/strong><span class=\"ez-toc-section-end\"><\/span><\/h3>\n<p>Bolsa Saray\u0131, S\u00e3o Francisco Kilisesi\u2019nin ku\u015fatmada y\u0131k\u0131ld\u0131\u011f\u0131 b\u00f6l\u00fcmlerine in\u015fa edilmi\u015ftir.<\/p>\n<p><img loading=\"lazy\" decoding=\"async\" class=\"size-full wp-image-7973 aligncenter\" style=\"margin: var(--p-media-margin) auto; font-size: 14px; font-family: 'Public Sans', system-ui, sans-serif;\" src=\"https:\/\/www.enucuzu.com\/blog\/wp-content\/uploads\/2024\/07\/d1386faadaa2-fib_Porto_E_Lindo_Palacio_Bolsa_01.webp\" alt=\"\" width=\"1200\" height=\"675\" srcset=\"https:\/\/www.enucuzu.com\/blog\/wp-content\/uploads\/2024\/07\/d1386faadaa2-fib_Porto_E_Lindo_Palacio_Bolsa_01.webp 1200w, https:\/\/www.enucuzu.com\/blog\/wp-content\/uploads\/2024\/07\/d1386faadaa2-fib_Porto_E_Lindo_Palacio_Bolsa_01-768x432.webp 768w, https:\/\/www.enucuzu.com\/blog\/wp-content\/uploads\/2024\/07\/d1386faadaa2-fib_Porto_E_Lindo_Palacio_Bolsa_01-150x84.webp 150w, https:\/\/www.enucuzu.com\/blog\/wp-content\/uploads\/2024\/07\/d1386faadaa2-fib_Porto_E_Lindo_Palacio_Bolsa_01-450x253.webp 450w\" sizes=\"(max-width: 1200px) 100vw, 1200px\" \/><\/p>\n<p>Ayr\u0131ca, saray\u0131n bah\u00e7esinde \u201c\u0130nfante D. Henrique\u201d an\u0131t\u0131 dikilmi\u015ftir.<\/p>\n<ul>\n<li><strong>Google Maps Ba\u011flant\u0131s\u0131:<\/strong> <a href=\"https:\/\/goo.gl\/maps\/u9kYu8iUHLAv6nwh8\">https:\/\/goo.gl\/maps\/u9kYu8iUHLAv6nwh8<\/a><\/li>\n<\/ul>\n<h3><span class=\"ez-toc-section\" id=\"Sao_Bento_Tren_Istasyonu_Sao_Bento_Railway_Station\"><\/span><strong>S\u00e3o Bento Tren \u0130stasyonu (S\u00e3o Bento Railway Station)<\/strong><span class=\"ez-toc-section-end\"><\/span><\/h3>\n<p>S\u00e3o Bento, Portekiz\u2019e di\u011fer b\u00f6lgelerden trenle gelenlerin var\u0131\u015f noktalar\u0131ndan biridir. Tren istasyonun eski yap\u0131s\u0131 ve i\u00e7erisindeki azulejo i\u015flemeleri, istasyonu olduk\u00e7a \u00f6zel k\u0131l\u0131yor.<\/p>\n<ul>\n<li><strong>Google Maps Ba\u011flant\u0131s\u0131:<\/strong> <a href=\"https:\/\/goo.gl\/maps\/UaNtVZF962RCpLhQ6\">https:\/\/goo.gl\/maps\/UaNtVZF962RCpLhQ6<\/a><\/li>\n<\/ul>\n<h3><span class=\"ez-toc-section\" id=\"Carmo_Kilisesi_Igreja_do_Carmo\"><\/span><strong>Carmo Kilisesi (Igreja do Carmo)<\/strong><span class=\"ez-toc-section-end\"><\/span><\/h3>\n<p>Carmo Kilisesi, Porto\u2019nun en b\u00fcy\u00fck tarihi kiliseleri aras\u0131nda yer al\u0131yor. Kilisenin d\u0131\u015f taraf\u0131n azulejo i\u015flemeleri ile s\u00fcslenmi\u015f.<\/p>\n<p><img loading=\"lazy\" decoding=\"async\" class=\"size-full wp-image-7972 aligncenter\" style=\"margin: var(--p-media-margin) auto; font-size: 14px; font-family: 'Public Sans', system-ui, sans-serif;\" src=\"https:\/\/www.enucuzu.com\/blog\/wp-content\/uploads\/2024\/07\/1680018004-screen_2x-2023-03-28t153937.267.webp\" alt=\"\" width=\"1200\" height=\"675\" srcset=\"https:\/\/www.enucuzu.com\/blog\/wp-content\/uploads\/2024\/07\/1680018004-screen_2x-2023-03-28t153937.267.webp 1200w, https:\/\/www.enucuzu.com\/blog\/wp-content\/uploads\/2024\/07\/1680018004-screen_2x-2023-03-28t153937.267-768x432.webp 768w, https:\/\/www.enucuzu.com\/blog\/wp-content\/uploads\/2024\/07\/1680018004-screen_2x-2023-03-28t153937.267-150x84.webp 150w, https:\/\/www.enucuzu.com\/blog\/wp-content\/uploads\/2024\/07\/1680018004-screen_2x-2023-03-28t153937.267-450x253.webp 450w\" sizes=\"(max-width: 1200px) 100vw, 1200px\" \/><\/p>\n<p>Ayr\u0131ca, kilisenin olduk\u00e7a yak\u0131n\u0131nda Avrupa\u2019n\u0131n \u00f6nemli bir okulu olan Porto \u00dcniversitesi\u2019nin ana binas\u0131 bulunuyor. \u015eansl\u0131ysan\u0131z, burada Harry Potter\u2019daki gibi k\u0131yafetler giyen Porto \u00dcniversitesi\u2019nin \u00f6\u011frencilerine rastlayabilirsiniz.<\/p>\n<ul>\n<li><strong>Google Maps Ba\u011flant\u0131s\u0131:<\/strong> <a href=\"https:\/\/goo.gl\/maps\/S7FRHjAeixFkVX8EA\">https:\/\/goo.gl\/maps\/S7FRHjAeixFkVX8EA<\/a><\/li>\n<\/ul>\n<h3><span class=\"ez-toc-section\" id=\"Casa_Da_Musica\"><\/span><strong>Casa Da Musica<\/strong><span class=\"ez-toc-section-end\"><\/span><\/h3>\n<p>Modern mimari ile in\u015fa edilmi\u015f bir kapal\u0131 konser ya da orkestra alan\u0131d\u0131r. Yak\u0131n\u0131nda da olduk\u00e7a g\u00f6rkemli olan\u00a0 \u201cRotunda da Boavista\u201d heykeli bulunuyor.<\/p>\n<p>Yine de a\u015f\u0131r\u0131 vaktiniz yoksa gitmeniz gerekmiyor.<\/p>\n<ul>\n<li><strong>Google Maps Ba\u011flant\u0131s\u0131:<\/strong> <a href=\"https:\/\/goo.gl\/maps\/bk8A2oNDtdVZCDoB9\">https:\/\/goo.gl\/maps\/bk8A2oNDtdVZCDoB9<\/a><\/li>\n<\/ul>\n<h3><span class=\"ez-toc-section\" id=\"Morro_Parki_Jardim_do_Morro\"><\/span><strong>Morro Park\u0131 (Jardim do Morro)<\/strong><span class=\"ez-toc-section-end\"><\/span><\/h3>\n<p>Jardim do Morro, Porto\u2019daki en g\u00fczel manzaraya sahip parklar aras\u0131nda yer al\u0131yor.<\/p>\n<p><img loading=\"lazy\" decoding=\"async\" class=\"size-full wp-image-7974 aligncenter\" style=\"margin: var(--p-media-margin) auto; font-size: 14px; font-family: 'Public Sans', system-ui, sans-serif;\" src=\"https:\/\/www.enucuzu.com\/blog\/wp-content\/uploads\/2024\/07\/1fuctsuvbch8.webp\" alt=\"\" width=\"1200\" height=\"675\" srcset=\"https:\/\/www.enucuzu.com\/blog\/wp-content\/uploads\/2024\/07\/1fuctsuvbch8.webp 1200w, https:\/\/www.enucuzu.com\/blog\/wp-content\/uploads\/2024\/07\/1fuctsuvbch8-768x432.webp 768w, https:\/\/www.enucuzu.com\/blog\/wp-content\/uploads\/2024\/07\/1fuctsuvbch8-150x84.webp 150w, https:\/\/www.enucuzu.com\/blog\/wp-content\/uploads\/2024\/07\/1fuctsuvbch8-450x253.webp 450w\" sizes=\"(max-width: 1200px) 100vw, 1200px\" \/><\/p>\n<p>Parka g\u00fcn\u00fc bat\u0131rmaya gidebilirsiniz ve Porto\u2019nun muazzam manzaras\u0131 e\u015fli\u011finde g\u00fcn bat\u0131m\u0131n\u0131 izleyebilirsiniz.<\/p>\n<ul>\n<li><strong>Google Maps Ba\u011flant\u0131s\u0131:<\/strong> <a href=\"https:\/\/goo.gl\/maps\/ZCqwhpcL5kGsezLj7\">https:\/\/goo.gl\/maps\/ZCqwhpcL5kGsezLj7<\/a><\/li>\n<\/ul>\n<h3><span class=\"ez-toc-section\" id=\"Kristal_Saray_Bahcesi_Jardins_do_Palacio_de_Cristal\"><\/span><strong>Kristal Saray Bah\u00e7esi (Jardins do Pal\u00e1cio de Cristal)<\/strong><span class=\"ez-toc-section-end\"><\/span><\/h3>\n<p>Kristal Saray Bah\u00e7esi, eskiden y\u0131k\u0131lan bir saray\u0131n bah\u00e7esidir. \u015eehrin merkezinde bulunan bu parkta bir\u00e7ok canl\u0131 \u00e7e\u015fidi, k\u00fc\u00e7\u00fck mimari eserler, k\u00fc\u00e7\u00fck bir kule bulunuyor.<\/p>\n<p><img loading=\"lazy\" decoding=\"async\" class=\"size-full wp-image-7975 aligncenter\" style=\"margin: var(--p-media-margin) auto; font-size: 14px; font-family: 'Public Sans', system-ui, sans-serif;\" src=\"https:\/\/www.enucuzu.com\/blog\/wp-content\/uploads\/2024\/07\/766fd2c079cc36a20b371fd4350f40d59bd676070719f0a16bae5a54649a9bc8.webp\" alt=\"\" width=\"1200\" height=\"675\" srcset=\"https:\/\/www.enucuzu.com\/blog\/wp-content\/uploads\/2024\/07\/766fd2c079cc36a20b371fd4350f40d59bd676070719f0a16bae5a54649a9bc8.webp 1200w, https:\/\/www.enucuzu.com\/blog\/wp-content\/uploads\/2024\/07\/766fd2c079cc36a20b371fd4350f40d59bd676070719f0a16bae5a54649a9bc8-768x432.webp 768w, https:\/\/www.enucuzu.com\/blog\/wp-content\/uploads\/2024\/07\/766fd2c079cc36a20b371fd4350f40d59bd676070719f0a16bae5a54649a9bc8-150x84.webp 150w, https:\/\/www.enucuzu.com\/blog\/wp-content\/uploads\/2024\/07\/766fd2c079cc36a20b371fd4350f40d59bd676070719f0a16bae5a54649a9bc8-450x253.webp 450w\" sizes=\"(max-width: 1200px) 100vw, 1200px\" \/><\/p>\n<p>Ayr\u0131ca, \u00e7ok g\u00fczel bir nehir manzaras\u0131na sahip.<\/p>\n<ul>\n<li><strong>Google Maps Ba\u011flant\u0131s\u0131:<\/strong> <a href=\"https:\/\/goo.gl\/maps\/WQvqmrh9mmDyTpCXA\">https:\/\/goo.gl\/maps\/WQvqmrh9mmDyTpCXA<\/a><\/li>\n<\/ul>\n<h3><span class=\"ez-toc-section\" id=\"Porto_Sehir_Parki_Parque_da_Cidade_do_Porto\"><\/span><strong>Porto \u015eehir Park\u0131 (Parque da Cidade do Porto)<\/strong><span class=\"ez-toc-section-end\"><\/span><\/h3>\n<p>Porto \u015eehir Park\u0131, \u015fehirdeki en b\u00fcy\u00fck park ve olduk\u00e7a geni\u015f bir alana yay\u0131lm\u0131\u015f. \u0130\u00e7erisinde voleybol, futbol sahalar\u0131 \u00f6rdeklerin bulundu\u011fu k\u00fc\u00e7\u00fckl\u00fc b\u00fcy\u00fckl\u00fc g\u00f6ller bulunuyor.<\/p>\n<p>Bak\u0131ld\u0131\u011f\u0131 zaman olduk\u00e7a g\u00fczel bir park fakat \u015fehrin d\u0131\u015f\u0131nda ve k\u0131sa s\u00fcreli Porto\u2019ya gittiyseniz, \u015fehir park\u0131na gitmeniz gerekmiyor.<\/p>\n<ul>\n<li><strong>Google Maps Ba\u011flant\u0131s\u0131:<\/strong> <a href=\"https:\/\/goo.gl\/maps\/EAxNCr17FAKK2bVBA\">https:\/\/goo.gl\/maps\/EAxNCr17FAKK2bVBA<\/a><\/li>\n<\/ul>\n<h2><span class=\"ez-toc-section\" id=\"Porto_Yemekleri_Neler_Portoda_Ne_Yenir\"><\/span><strong>Porto Yemekleri Neler? Porto&#8217;da Ne Yenir?<\/strong><span class=\"ez-toc-section-end\"><\/span><\/h2>\n<ul>\n<li>Francesinha<\/li>\n<li>Bacalhau<\/li>\n<li>Bacalhau \u00e0 Z\u00e9 do Pipo<\/li>\n<li>Bolinhos de Bacalhau<\/li>\n<li>Filetes de Polvo<\/li>\n<li>Broa de Avintes<\/li>\n<li>Caldo Verde<\/li>\n<li>Bifana<\/li>\n<li>Pastel de Nata<\/li>\n<li>Pastel de Chaves<\/li>\n<li>Guardanapos<\/li>\n<li>Ovos Moles<\/li>\n<li>Porto \u015earab\u0131 (Port Wine)<\/li>\n<li>Beir\u00e3o<\/li>\n<li>Ginjinha<\/li>\n<\/ul>\n<p><img loading=\"lazy\" decoding=\"async\" class=\"size-full wp-image-7976 aligncenter\" style=\"margin: var(--p-media-margin) auto; font-size: 14px; font-family: 'Public Sans', system-ui, sans-serif;\" src=\"https:\/\/www.enucuzu.com\/blog\/wp-content\/uploads\/2024\/07\/close_up_francesinha_cafe_santiago_porto_portugal.webp\" alt=\"\" width=\"1200\" height=\"675\" srcset=\"https:\/\/www.enucuzu.com\/blog\/wp-content\/uploads\/2024\/07\/close_up_francesinha_cafe_santiago_porto_portugal.webp 1200w, https:\/\/www.enucuzu.com\/blog\/wp-content\/uploads\/2024\/07\/close_up_francesinha_cafe_santiago_porto_portugal-768x432.webp 768w, https:\/\/www.enucuzu.com\/blog\/wp-content\/uploads\/2024\/07\/close_up_francesinha_cafe_santiago_porto_portugal-150x84.webp 150w, https:\/\/www.enucuzu.com\/blog\/wp-content\/uploads\/2024\/07\/close_up_francesinha_cafe_santiago_porto_portugal-450x253.webp 450w\" sizes=\"(max-width: 1200px) 100vw, 1200px\" \/><\/p>\n<h3><span class=\"ez-toc-section\" id=\"Francesinha\"><\/span><strong>Francesinha<\/strong><span class=\"ez-toc-section-end\"><\/span><\/h3>\n<p>Porto\u2019nun geleneksel yeme\u011fi olarak kabul edilen Francesinha i\u00e7erisinde et, salam, sucuk, peynir, ya\u011fda yumurta ve \u00f6zel sosu bar\u0131nd\u0131ran \u00f6zel bir Porto tostudur.<\/p>\n<p>Restoranlarda \u00e7o\u011funlukla k\u0131zarm\u0131\u015f patates ile servis ediliyor.<\/p>\n<h3><span class=\"ez-toc-section\" id=\"Bacalhau\"><\/span><strong>Bacalhau<\/strong><span class=\"ez-toc-section-end\"><\/span><\/h3>\n<p>Morina bal\u0131\u011f\u0131 anlam\u0131na gelen bacalhau Porto\u2019da s\u0131kl\u0131kla t\u00fcketiliyor. Marketlerin indirim reyonlar\u0131nda bile dondurulmu\u015f \u015fekilde sat\u0131lan bu bal\u0131klarla bir\u00e7ok yemek haz\u0131rlanabiliyor.<\/p>\n<h3><span class=\"ez-toc-section\" id=\"Bacalhau_a_Ze_do_Pipo\"><\/span><strong>Bacalhau \u00e0 Z\u00e9 do Pipo<\/strong><span class=\"ez-toc-section-end\"><\/span><\/h3>\n<p>Morina bal\u0131\u011f\u0131n\u0131n patates p\u00fcresi ile f\u0131r\u0131na verilmesi ile yap\u0131l\u0131yor. \u0130\u00e7erisinde ayr\u0131ca sar\u0131msak, so\u011fan, zeytin t\u00fcrevleri de bulunuyor.<\/p>\n<p><img loading=\"lazy\" decoding=\"async\" class=\"size-full wp-image-7977 aligncenter\" style=\"margin: var(--p-media-margin) auto; font-size: 14px; font-family: 'Public Sans', system-ui, sans-serif;\" src=\"https:\/\/www.enucuzu.com\/blog\/wp-content\/uploads\/2024\/07\/bolinhos-de-bacalhau-1.webp\" alt=\"\" width=\"1200\" height=\"675\" srcset=\"https:\/\/www.enucuzu.com\/blog\/wp-content\/uploads\/2024\/07\/bolinhos-de-bacalhau-1.webp 1200w, https:\/\/www.enucuzu.com\/blog\/wp-content\/uploads\/2024\/07\/bolinhos-de-bacalhau-1-768x432.webp 768w, https:\/\/www.enucuzu.com\/blog\/wp-content\/uploads\/2024\/07\/bolinhos-de-bacalhau-1-150x84.webp 150w, https:\/\/www.enucuzu.com\/blog\/wp-content\/uploads\/2024\/07\/bolinhos-de-bacalhau-1-450x253.webp 450w\" sizes=\"(max-width: 1200px) 100vw, 1200px\" \/><\/p>\n<h3><span class=\"ez-toc-section\" id=\"Bolinhos_de_Bacalhau\"><\/span><strong>Bolinhos de Bacalhau<\/strong><span class=\"ez-toc-section-end\"><\/span><\/h3>\n<p>Patates p\u00fcresi ve morina bal\u0131\u011f\u0131n\u0131n ya\u011fda k\u0131zart\u0131lmas\u0131 ile yap\u0131l\u0131yor.<\/p>\n<h3><span class=\"ez-toc-section\" id=\"Filetes_de_Polvo\"><\/span><strong>Filetes de Polvo<\/strong><span class=\"ez-toc-section-end\"><\/span><\/h3>\n<p>Ahtapotun dokuna\u00e7lar\u0131n\u0131n k\u0131zart\u0131lmas\u0131 ile yap\u0131l\u0131yor.<\/p>\n<p><img loading=\"lazy\" decoding=\"async\" class=\"size-full wp-image-7978 aligncenter\" style=\"margin: var(--p-media-margin) auto; font-size: 14px; font-family: 'Public Sans', system-ui, sans-serif;\" src=\"https:\/\/www.enucuzu.com\/blog\/wp-content\/uploads\/2024\/07\/PP10_TXT02_Broa_Avintes.webp\" alt=\"\" width=\"1200\" height=\"675\" srcset=\"https:\/\/www.enucuzu.com\/blog\/wp-content\/uploads\/2024\/07\/PP10_TXT02_Broa_Avintes.webp 1200w, https:\/\/www.enucuzu.com\/blog\/wp-content\/uploads\/2024\/07\/PP10_TXT02_Broa_Avintes-768x432.webp 768w, https:\/\/www.enucuzu.com\/blog\/wp-content\/uploads\/2024\/07\/PP10_TXT02_Broa_Avintes-150x84.webp 150w, https:\/\/www.enucuzu.com\/blog\/wp-content\/uploads\/2024\/07\/PP10_TXT02_Broa_Avintes-450x253.webp 450w\" sizes=\"(max-width: 1200px) 100vw, 1200px\" \/><\/p>\n<h3><span class=\"ez-toc-section\" id=\"Broa_de_Avintes\"><\/span><strong>Broa de Avintes<\/strong><span class=\"ez-toc-section-end\"><\/span><\/h3>\n<p>Portekiz\u2019e \u00f6zg\u00fc olan bu ekmek \u00e7e\u015fidi, m\u0131s\u0131r, \u00e7avdar ve malt unlar\u0131 ile yap\u0131l\u0131yor.<\/p>\n<h3><span class=\"ez-toc-section\" id=\"Caldo_Verde\"><\/span><strong>Caldo Verde<\/strong><span class=\"ez-toc-section-end\"><\/span><\/h3>\n<p>Caldo Verde, tamamen i\u00e7erisine lahana, sar\u0131msak, so\u011fan, patates p\u00fcresi gibi sebzeler eklenerek yap\u0131l\u0131yor. Vegan ve vejetaryenler i\u00e7in alternatiftir. Yine de bazen et koyarak ekleme yap\u0131yorlar. Bu sebeple restorana gitti\u011finizde \u00e7al\u0131\u015fanlar\u0131 tembih edebilirsiniz.<\/p>\n<h3><span class=\"ez-toc-section\" id=\"Bifana\"><\/span><strong>Bifana<\/strong><span class=\"ez-toc-section-end\"><\/span><\/h3>\n<p>Ekme\u011fin aras\u0131na sade et konularak ve soslanarak haz\u0131rlan\u0131yor.<\/p>\n<h3><span class=\"ez-toc-section\" id=\"Pastel_de_Chaves\"><\/span><strong>Pastel de Chaves<\/strong><span class=\"ez-toc-section-end\"><\/span><\/h3>\n<p>D\u0131\u015f katman\u0131nda birden \u00e7ok ince milf\u00f6y hamuru bulunuyor. \u0130\u00e7erisine ise k\u0131yma, peynir salam gibi herhangi bir malzeme konulabiliyor.<\/p>\n<p>Bazen tatl\u0131 versiyonlar\u0131 da f\u0131r\u0131nlarda bulunabiliyor.<\/p>\n<h3><span class=\"ez-toc-section\" id=\"Pastel_de_Nata\"><\/span><strong>Pastel de Nata<\/strong><span class=\"ez-toc-section-end\"><\/span><\/h3>\n<p>Pastel de Nata Portekiz\u2019in en pop\u00fcler tatl\u0131s\u0131d\u0131r. Lizbon\u2019un Belem b\u00f6lgesinden gelse de Porto\u2019da da olduk\u00e7a pop\u00fclerdir ve her markette, her caddede bulabilirsiniz.<\/p>\n<p><img loading=\"lazy\" decoding=\"async\" class=\"size-full wp-image-7979 aligncenter\" style=\"margin: var(--p-media-margin) auto; font-size: 14px; font-family: 'Public Sans', system-ui, sans-serif;\" src=\"https:\/\/www.enucuzu.com\/blog\/wp-content\/uploads\/2024\/07\/1200x675_cmsv2_6cb2c26b-a9cb-5e0f-be89-fcc6d59fbb65-8432290.webp\" alt=\"\" width=\"1200\" height=\"675\" srcset=\"https:\/\/www.enucuzu.com\/blog\/wp-content\/uploads\/2024\/07\/1200x675_cmsv2_6cb2c26b-a9cb-5e0f-be89-fcc6d59fbb65-8432290.webp 1200w, https:\/\/www.enucuzu.com\/blog\/wp-content\/uploads\/2024\/07\/1200x675_cmsv2_6cb2c26b-a9cb-5e0f-be89-fcc6d59fbb65-8432290-768x432.webp 768w, https:\/\/www.enucuzu.com\/blog\/wp-content\/uploads\/2024\/07\/1200x675_cmsv2_6cb2c26b-a9cb-5e0f-be89-fcc6d59fbb65-8432290-150x84.webp 150w, https:\/\/www.enucuzu.com\/blog\/wp-content\/uploads\/2024\/07\/1200x675_cmsv2_6cb2c26b-a9cb-5e0f-be89-fcc6d59fbb65-8432290-450x253.webp 450w\" sizes=\"(max-width: 1200px) 100vw, 1200px\" \/><\/p>\n<p>Me\u015fhur tatl\u0131n\u0131n i\u00e7erisinde limondan yap\u0131lan bir muhallebi d\u0131\u015f\u0131nda ise milf\u00f6y hamuru bulunuyor.<\/p>\n<h3><span class=\"ez-toc-section\" id=\"Guardanapos\"><\/span><strong>Guardanapos<\/strong><span class=\"ez-toc-section-end\"><\/span><\/h3>\n<p>Guardanapos\u2019un d\u0131\u015f\u0131nda yumu\u015fak kek, i\u00e7inde ise i\u00e7erisine \u00e7ok az limon eklenmi\u015f portakall\u0131 bir krema bulunuyor.<\/p>\n<p><img loading=\"lazy\" decoding=\"async\" class=\"size-full wp-image-7980 aligncenter\" style=\"margin: var(--p-media-margin) auto; font-size: 14px; font-family: 'Public Sans', system-ui, sans-serif;\" src=\"https:\/\/www.enucuzu.com\/blog\/wp-content\/uploads\/2024\/07\/57150388c84f485da96795dba2595422.webp\" alt=\"\" width=\"1200\" height=\"675\" srcset=\"https:\/\/www.enucuzu.com\/blog\/wp-content\/uploads\/2024\/07\/57150388c84f485da96795dba2595422.webp 1200w, https:\/\/www.enucuzu.com\/blog\/wp-content\/uploads\/2024\/07\/57150388c84f485da96795dba2595422-768x432.webp 768w, https:\/\/www.enucuzu.com\/blog\/wp-content\/uploads\/2024\/07\/57150388c84f485da96795dba2595422-150x84.webp 150w, https:\/\/www.enucuzu.com\/blog\/wp-content\/uploads\/2024\/07\/57150388c84f485da96795dba2595422-450x253.webp 450w\" sizes=\"(max-width: 1200px) 100vw, 1200px\" \/><\/p>\n<p>\u00c7ikolatal\u0131, vanilyal\u0131, limonlu versiyonlar\u0131 da bulunabiliyor.<\/p>\n<h3><span class=\"ez-toc-section\" id=\"Ovos_Moles\"><\/span><strong>Ovos Moles<\/strong><span class=\"ez-toc-section-end\"><\/span><\/h3>\n<p>Ovos Moles i\u00e7erisinde yumurta sar\u0131s\u0131, d\u0131\u015f\u0131na ise \u015fekerli bir hamur konularak yap\u0131l\u0131yor. Yumurta sar\u0131s\u0131 yerine \u00e7ikolata da konulabiliyor.<\/p>\n<h3><span class=\"ez-toc-section\" id=\"Porto_Sarabi\"><\/span><strong>Porto \u015earab\u0131<\/strong><span class=\"ez-toc-section-end\"><\/span><\/h3>\n<p>Porto\u2019da denildi\u011finde akla ilk gelenlerden biri Porto \u015faraplar\u0131d\u0131r. \u00d6zellikle, Avrupa \u00fclkelerinden \u015farap turizmi i\u00e7in bile Porto\u2019ya gelenler vard\u0131r.<\/p>\n<p>Porto, tarihten bug\u00fcne Douro Nehri\u2019nde \u00fcretilen \u015faraplar\u0131n ihracat edilmesi amac\u0131yla g\u00f6t\u00fcr\u00fcld\u00fc\u011f\u00fc limand\u0131r. Bu sebeple \u201cport wine\u201d yani Porto \u015farab\u0131 ad\u0131n\u0131 alm\u0131\u015ft\u0131r.<\/p>\n<p>Porto \u015faraplar\u0131n\u0131n tad\u0131 ve alkol oran\u0131 d\u00fcnyadaki di\u011fer \u015faraplara k\u0131yasla olduk\u00e7a farkl\u0131d\u0131r. Normal bir \u015faraba k\u0131yasla \u00e7ok \u015fekerli ve %20 seviyelerine kadar \u00e7\u0131kan alkol oran\u0131na sahiptir.<\/p>\n<p>Bir\u00e7ok alt kategoride s\u0131n\u0131fland\u0131r\u0131lsa da geneli itibari ile Tawny, Ruby, White olmak \u00fczere 3 ana kategoride s\u0131n\u0131fland\u0131r\u0131l\u0131yor.<\/p>\n<p>Ruby, Porto usul\u00fc ile yap\u0131lan klasik k\u0131rm\u0131z\u0131 \u00fcz\u00fcm \u015farab\u0131d\u0131r. Tawny ise daha sar\u0131mt\u0131rak bir \u00fcz\u00fcm \u015farab\u0131. White ise Porto usul\u00fc ile yap\u0131lan beyaz \u015farapt\u0131r.<\/p>\n<h3><span class=\"ez-toc-section\" id=\"Beirao_Likoru\"><\/span><strong>Beir\u00e3o Lik\u00f6r\u00fc<\/strong><span class=\"ez-toc-section-end\"><\/span><\/h3>\n<p>Beir\u00e3o Lik\u00f6r\u00fc, i\u00e7erisinde tar\u00e7\u0131n, kakule gibi \u00e7e\u015fitli, baharatlar\u0131n bulundu\u011fu bir lik\u00f6rd\u00fcr.<\/p>\n<h3><span class=\"ez-toc-section\" id=\"Ginjinha\"><\/span><strong>Ginjinha<\/strong><span class=\"ez-toc-section-end\"><\/span><\/h3>\n<p>Portekiz\u2019e \u00f6zg\u00fc bir vi\u015fne lik\u00f6r\u00fcd\u00fcr.<\/p>\n<h2><span class=\"ez-toc-section\" id=\"Porto_En_Iyi_Restoranlar_Listesi\"><\/span>Porto En \u0130yi Restoranlar Listesi<span class=\"ez-toc-section-end\"><\/span><\/h2>\n<ul>\n<li>Majestic Cafe<\/li>\n<li>Cafe Piolho<\/li>\n<li>Mal Cozinhado<\/li>\n<li>Chez Lapin<\/li>\n<li>Tokyo Sushi<\/li>\n<\/ul>\n<p><img loading=\"lazy\" decoding=\"async\" class=\"size-full wp-image-7981 aligncenter\" style=\"margin: var(--p-media-margin) auto; font-size: 14px; font-family: 'Public Sans', system-ui, sans-serif;\" src=\"https:\/\/www.enucuzu.com\/blog\/wp-content\/uploads\/2024\/07\/porto-majestic-cafe.webp\" alt=\"\" width=\"1200\" height=\"675\" srcset=\"https:\/\/www.enucuzu.com\/blog\/wp-content\/uploads\/2024\/07\/porto-majestic-cafe.webp 1200w, https:\/\/www.enucuzu.com\/blog\/wp-content\/uploads\/2024\/07\/porto-majestic-cafe-768x432.webp 768w, https:\/\/www.enucuzu.com\/blog\/wp-content\/uploads\/2024\/07\/porto-majestic-cafe-150x84.webp 150w, https:\/\/www.enucuzu.com\/blog\/wp-content\/uploads\/2024\/07\/porto-majestic-cafe-450x253.webp 450w\" sizes=\"(max-width: 1200px) 100vw, 1200px\" \/><\/p>\n<h3><span class=\"ez-toc-section\" id=\"Majestic_Cafe\"><\/span><strong>Majestic Cafe<\/strong><span class=\"ez-toc-section-end\"><\/span><\/h3>\n<ul>\n<li><strong>Google \u0130\u015fletme Puan\u0131:<\/strong> 4,2 \/ 5,0 (18.260)<\/li>\n<li><strong>Tripadvisor Puan\u0131:<\/strong> 4 \/ 5,0 (11.950)<\/li>\n<li><strong>Fiyatland\u0131rma:<\/strong> Porto Ortalamas\u0131n\u0131n \u00dczerinde<\/li>\n<\/ul>\n<p>Majestic Cafe, Porto\u2019nun ruhunu en iyi yans\u0131tan ve turistler taraf\u0131ndan en \u00e7ok tercih edilen restoranlar\u0131n ba\u015f\u0131nda geliyor. Hatta, J.K. Rowling, Porto\u2019da ya\u015fad\u0131\u011f\u0131 d\u00f6nemde bu kafeye gelirmi\u015f ve Harry Potter\u2019\u0131 yazarm\u0131\u015f.<\/p>\n<p>\u00d6\u011flen vakitlerinde daha kafe tarz\u0131 bir havaya sahip. Ayr\u0131ca, Porto\u2019da hatta Portekiz\u2019de bile Pastel de Nata\u2019y\u0131 en g\u00fczel yapan yerler aras\u0131nda yer al\u0131yor.<\/p>\n<p>Yaln\u0131z, olduk\u00e7a turistik bir yer oldu\u011fu i\u00e7in yemek fiyatlar\u0131 biraz y\u00fcksek olabilir.<\/p>\n<ul>\n<li><strong>Google Maps Ba\u011flant\u0131s\u0131:<\/strong> <a href=\"https:\/\/goo.gl\/maps\/K6LNXTyCFP8U35Jg9\">https:\/\/goo.gl\/maps\/K6LNXTyCFP8U35Jg9<\/a><\/li>\n<\/ul>\n<h3><span class=\"ez-toc-section\" id=\"Cafe_Piolho\"><\/span><strong>Cafe Piolho<\/strong><span class=\"ez-toc-section-end\"><\/span><\/h3>\n<ul>\n<li><strong>Google \u0130\u015fletme Puan\u0131:<\/strong> 4,2 \/ 5,0 (3.965)<\/li>\n<li><strong>Tripadvisor Puan\u0131:<\/strong> 3,5 \/ 5,0 (737)<\/li>\n<li><strong>Fiyatland\u0131rma:<\/strong> Porto Ortalamas\u0131n\u0131n Alt\u0131nda<\/li>\n<\/ul>\n<p>Porto\u2019nun ucuz ama fiyat-performans restoranlar\u0131 aras\u0131nda yer al\u0131yor. Ayr\u0131ca, yak\u0131n\u0131nda bulunan Adega barlar\u0131 \u00f6\u011frenciler taraf\u0131ndan da s\u0131kl\u0131kla ziyaret ediliyor.<\/p>\n<ul>\n<li><strong>Google Maps Ba\u011flant\u0131s\u0131:<\/strong> <a href=\"https:\/\/goo.gl\/maps\/aGQvpwmFBWLZiB8R6\">https:\/\/goo.gl\/maps\/aGQvpwmFBWLZiB8R6<\/a><\/li>\n<\/ul>\n<h3><span class=\"ez-toc-section\" id=\"Cafe_Restaurante_O_Afonso\"><\/span>Caf\u00e9 Restaurante O Afonso<span class=\"ez-toc-section-end\"><\/span><\/h3>\n<ul>\n<li><strong>Google \u0130\u015fletme Puan\u0131:<\/strong> 4,4 \/ 5,0 (2.310)<\/li>\n<li><strong>Tripadvisor Puan\u0131:<\/strong> 4 \/ 5,0 (521)<\/li>\n<li><strong>Fiyatland\u0131rma:<\/strong> Porto Ortalamas\u0131nda<\/li>\n<\/ul>\n<p>Porto\u2019nun yeme\u011fi olan franchesinha\u2019y\u0131 yiyebilece\u011finiz en iyi yerler aras\u0131nda<\/p>\n<ul>\n<li><strong>Google Maps Ba\u011flant\u0131s\u0131:<\/strong> <a href=\"https:\/\/goo.gl\/maps\/2TrA2LwPeWHSSBxd8\">https:\/\/goo.gl\/maps\/2TrA2LwPeWHSSBxd8<\/a><\/li>\n<\/ul>\n<h3><span class=\"ez-toc-section\" id=\"Santa_Francesinha\"><\/span>Santa Francesinha<span class=\"ez-toc-section-end\"><\/span><\/h3>\n<ul>\n<li><strong>Google \u0130\u015fletme Puan\u0131:<\/strong> 4,3 \/ 5,0 (3.154)<\/li>\n<li><strong>Tripadvisor Puan\u0131:<\/strong> 4 \/ 5,0 (962)<\/li>\n<li><strong>Fiyatland\u0131rma:<\/strong> Porto Ortalamas\u0131nda<\/li>\n<\/ul>\n<p>Porto\u2019nun yeme\u011fi olan franchesinha\u2019y\u0131 yiyebilece\u011finiz di\u011fer bir alternatif restoran.<\/p>\n<ul>\n<li><strong>Google Maps Ba\u011flant\u0131s\u0131:<\/strong> <a href=\"https:\/\/goo.gl\/maps\/GjmisrNkp7tA6kK6A\">https:\/\/goo.gl\/maps\/GjmisrNkp7tA6kK6A<\/a><\/li>\n<\/ul>\n<h3><span class=\"ez-toc-section\" id=\"Terra_Nova\"><\/span>Terra Nova<span class=\"ez-toc-section-end\"><\/span><\/h3>\n<ul>\n<li><strong>Google \u0130\u015fletme Puan\u0131:<\/strong> 4,3 \/ 5,0 (1.475)<\/li>\n<li><strong>Tripadvisor Puan\u0131:<\/strong> 4,5 \/ 5,0 (1.291)<\/li>\n<li><strong>Fiyatland\u0131rma:<\/strong> Porto Ortalamas\u0131nda<\/li>\n<\/ul>\n<p>Terra Nova, Ribeira b\u00f6lgesinde nehir k\u0131y\u0131s\u0131nda bulunan restoranlar aras\u0131ndad\u0131r. Ayr\u0131ca, nehir k\u0131y\u0131s\u0131na \u015feridi olan b\u00fct\u00fcn restoranlar Terra Nova ile hemen hemen ayn\u0131 kalitededir.<\/p>\n<ul>\n<li><strong>Google Maps Ba\u011flant\u0131s\u0131:<\/strong> <a href=\"https:\/\/goo.gl\/maps\/jFhzyGrQyE6Fskzf8\">https:\/\/goo.gl\/maps\/jFhzyGrQyE6Fskzf8<\/a><\/li>\n<\/ul>\n<h3><span class=\"ez-toc-section\" id=\"Tokyo_Sushi\"><\/span><strong>Tokyo Sushi<\/strong><span class=\"ez-toc-section-end\"><\/span><\/h3>\n<ul>\n<li><strong>Google \u0130\u015fletme Puan\u0131:<\/strong> 4,2 \/ 5,0 (3.515)<\/li>\n<li><strong>Tripadvisor Puan\u0131:<\/strong> 3,5 \/ 5,0 (208)<\/li>\n<li><strong>Fiyatland\u0131rma:<\/strong> Porto Ortalamas\u0131nda<\/li>\n<\/ul>\n<p>Porto\u2019da en ucuza sushi yenilebilecek restoranlardan aras\u0131nda. \u00d6yle ki 10 Euro civar\u0131nda bir fiyata s\u0131n\u0131rs\u0131z sushi yiyebilirsiniz.<\/p>\n<p>Ayr\u0131ca, Santa Catharina \u00e7evresinde de ucuza sushi yiyebilece\u011finiz restoranlar bulunuyor.<\/p>\n<ul>\n<li><strong>Google Maps Ba\u011flant\u0131s\u0131:<\/strong> <a href=\"https:\/\/goo.gl\/maps\/maJ4qecafKMUq41fA\">https:\/\/goo.gl\/maps\/maJ4qecafKMUq41fA<\/a><\/li>\n<\/ul>\n<h2><span class=\"ez-toc-section\" id=\"Seyahate_Iliski_Merak_Edilenler_SEO_Bolumu\"><\/span><strong>Seyahate \u0130li\u015fki Merak Edilenler (SEO B\u00f6l\u00fcm\u00fc)<\/strong><span class=\"ez-toc-section-end\"><\/span><\/h2>\n<p>En Ucuzu olarak sizler i\u00e7in Porto hakk\u0131nda merak edilenleri s\u0131ralad\u0131k.<\/p>\n<h3><span class=\"ez-toc-section\" id=\"Porto_Nerede_Bulunuyor\"><\/span><strong>Porto Nerede Bulunuyor?<\/strong><span class=\"ez-toc-section-end\"><\/span><\/h3>\n<p>Portekiz, \u0130spanya\u2019n\u0131n g\u00fcneyinde ve Akdeniz\u2019in ucunda Okyanus ile kesi\u015fti\u011fi yerde bulunuyor. Porto ise Portekiz\u2019in kuzeyinde yer al\u0131yor.<\/p>\n<p><iframe style=\"border: 0;\" src=\"https:\/\/www.google.com\/maps\/embed?pb=!1m14!1m8!1m3!1d192207.92966402025!2d-8.73095!3d41.1727381!3m2!1i1024!2i768!4f13.1!3m3!1m2!1s0xd2465abc4e153c1%3A0xa648d95640b114bc!2sPorto%2C%20Portekiz!5e0!3m2!1str!2str!4v1722250427967!5m2!1str!2str\" width=\"600\" height=\"450\" allowfullscreen=\"allowfullscreen\"><\/iframe><\/p>\n<h3><span class=\"ez-toc-section\" id=\"Portoya_En_Ucuz_Bilet_Nasil_Bulunur\"><\/span><strong>Porto\u2019ya En Ucuz Bilet Nas\u0131l Bulunur?<\/strong><span class=\"ez-toc-section-end\"><\/span><\/h3>\n<p>Porto, Akdeniz\u2019in \u00f6b\u00fcr ucunda oldu\u011fu i\u00e7in \u00fclkeye gidi\u015fin en kolay yolu u\u00e7ak bileti almakt\u0131r. U\u00e7ak bileti alman\u0131n en ucuz yolu olan <a href=\"https:\/\/enucuzu.com\/\">Enucuzu\u2019na<\/a> g\u00f6z at\u0131n.<\/p>\n<p>Ayr\u0131ca, Lizbon\u2019a daha ucuz u\u00e7ak bileti bulursan\u0131z, Lizbon\u2019dan Porto\u2019ya tren veya otob\u00fcsle de olduk\u00e7a ucuza varabilirsiniz ve yolculuk sadece 3 saat s\u00fcr\u00fcyor.<\/p>\n<p>&nbsp;<\/p>\n<h3><span class=\"ez-toc-section\" id=\"Ulkenin_Para_Birimi_Nedir\"><\/span><strong>\u00dclkenin Para Birimi Nedir?<\/strong><span class=\"ez-toc-section-end\"><\/span><\/h3>\n<p>Portekiz, Avrupa Birli\u011fi s\u0131n\u0131rlar\u0131 i\u00e7erisinde oldu\u011fu i\u00e7in Euro kullan\u0131yor.<\/p>\n<h3><span class=\"ez-toc-section\" id=\"Portoya_Ne_Zaman_Gidilir\"><\/span><strong>Porto\u2019ya Ne Zaman Gidilir?<\/strong><span class=\"ez-toc-section-end\"><\/span><\/h3>\n<p>Porto, di\u011fer Avrupa \u00fclkelerine k\u0131yasla g\u00fcneyde de olsa okyanus iklimi hakimdir. Bu sebeple, may\u0131s ay\u0131 ve sonras\u0131nda gidilmesi daha iyi olabilir. Yaz ay\u0131nda gitseniz bile ince bir ceket alabilirsiniz \u00e7\u00fcnk\u00fc geceye do\u011fru hava esintili ve hafif so\u011fuk olabilir.<\/p>\n<h3><span class=\"ez-toc-section\" id=\"Portoda_Nerede_Kalinir\"><\/span><strong>Porto\u2019da Nerede Kal\u0131n\u0131r?<\/strong><span class=\"ez-toc-section-end\"><\/span><\/h3>\n<p>Porto\u2019da kalmak i\u00e7in Aliados, Santa Catharina, Cedofeita, Ribeira gibi merkezleri tercih edebilirsiniz. Santa Catharina geneli itibari ile g\u00fcvenli olsa da gecenin ge\u00e7 saatlerine do\u011fru daha az g\u00fcvenli olabiliyor.<\/p>\n<h3><span class=\"ez-toc-section\" id=\"Seyahat_Icin_Kac_Gun_Gerekiyor\"><\/span><strong>Seyahat \u0130\u00e7in Ka\u00e7 G\u00fcn Gerekiyor?<\/strong><span class=\"ez-toc-section-end\"><\/span><\/h3>\n<p>Porto\u2019nun en b\u00fcy\u00fck avantaj\u0131 gezilecek hemen her yerin tek bir alanda toplanm\u0131\u015f olmas\u0131 bu sebeple Lizbon\u2019a veya ba\u015fka bir Avrupa \u015fehrine giderseniz ve Porto\u2019ya uygun bilet bulursan\u0131z 1-1.5 g\u00fcn bile yeterli olabilir.<\/p>\n<p>Yine de dikkatli bir \u015fekilde gezmeyi d\u00fc\u015f\u00fcn\u00fcyorsan\u0131z, gurme turu yapacaksan\u0131z ya da \u015fehrin ruhunu tamamen benimseyecekseniz 2-3 g\u00fcn gerekebilir.<\/p>\n<h3><span class=\"ez-toc-section\" id=\"Portoda_Sehir_Ici_Ulasim_Nasil\"><\/span>Porto\u2019da \u015eehir \u0130\u00e7i Ula\u015f\u0131m Nas\u0131l?<span class=\"ez-toc-section-end\"><\/span><\/h3>\n<p>Porto\u2019nun \u015fehir i\u00e7i ula\u015f\u0131m\u0131 geli\u015fmi\u015f Avrupa \u00fclkelerinden hi\u00e7 de geride kalm\u0131yor. Havaliman\u0131 da dahil \u015fehir i\u00e7i toplu ta\u015f\u0131ma a\u011f\u0131n\u0131 a\u015fa\u011f\u0131daki g\u00f6rselden g\u00f6r\u00fcnt\u00fcleyebilirsiniz:<\/p>\n<h3><span class=\"ez-toc-section\" id=\"Ucak_Bileti_Nasil_En_Ucuzuna_Alinir\"><\/span><strong>U\u00e7ak Bileti Nas\u0131l En Ucuzuna Al\u0131n\u0131r?<\/strong><span class=\"ez-toc-section-end\"><\/span><\/h3>\n<p>En Ucuzu\u2019na girerek arama butonuna gitmek istedi\u011finiz tarihi ve gitmek istedi\u011finiz ki\u015fi say\u0131s\u0131n\u0131 yaz\u0131n. Sonra, en ucuz bilet se\u00e7enekleri kar\u015f\u0131n\u0131za \u00e7\u0131kacak.<\/p>\n<p>\u0130\u015fte bu kadar basit!<\/p>\n<p><!-- notionvc: da3289a9-668c-4671-a080-261ac0441689 --><\/p>\n","protected":false},"excerpt":{"rendered":"<p>Porto Gezi Rehberi ile Porto Gezilecek Yerler, Yemekleri ve En \u0130yi Restoranlar listelerimize ula\u015fabilir, Porto seyahatiniz \u00f6ncesinde ve s\u0131ras\u0131nda yard\u0131mc\u0131 olabilecek p\u00fcf noktalar\u0131 \u00f6\u011frenebilirsiniz. Porto, Portekiz&#8217;in en b\u00fcy\u00fck 2. \u015fehri olmakla birlikte pek \u00e7oklar\u0131na g\u00f6re turistik anlamda hak etti\u011fi de\u011feri g\u00f6remeyen bir \u015fehirdir ancak bu nispeten az bilinirli\u011finin yan\u0131nda kesinlikle g\u00f6r\u00fclmesi gereken yerlere ev sahipli\u011fi<\/p>\n","protected":false},"author":1,"featured_media":7964,"comment_status":"open","ping_status":"open","sticky":false,"template":"","format":"standard","meta":{"footnotes":""},"categories":[1],"tags":[35,627,628,629,630,631,632],"yoast_head":"<!-- This site is optimized with the Yoast SEO plugin v24.5 - https:\/\/yoast.com\/wordpress\/plugins\/seo\/ -->\n<title>Porto Gezi Rehberi - Enucuzu Blog<\/title>\n<meta name=\"description\" content=\"Porto Gezi Rehberi ile Porto&#039;da gezilecek yerler, en iyi yemekler, en iyi restoranlar ve di\u011fer \u00e7e\u015fitli ipu\u00e7lar\u0131na ula\u015fabilirsiniz.\" \/>\n<meta name=\"robots\" content=\"index, follow, max-snippet:-1, max-image-preview:large, max-video-preview:-1\" \/>\n<link rel=\"canonical\" href=\"https:\/\/www.enucuzu.com\/blog\/porto-gezi-rehberi\" \/>\n<meta property=\"og:locale\" content=\"tr_TR\" \/>\n<meta property=\"og:type\" content=\"article\" \/>\n<meta property=\"og:title\" content=\"Porto Gezi Rehberi - Enucuzu Blog\" \/>\n<meta property=\"og:description\" content=\"Porto Gezi Rehberi ile Porto&#039;da gezilecek yerler, en iyi yemekler, en iyi restoranlar ve di\u011fer \u00e7e\u015fitli ipu\u00e7lar\u0131na ula\u015fabilirsiniz.\" \/>\n<meta property=\"og:url\" content=\"https:\/\/www.enucuzu.com\/blog\/porto-gezi-rehberi\" \/>\n<meta property=\"og:site_name\" content=\"Enucuzu Blog\" \/>\n<meta property=\"article:publisher\" content=\"https:\/\/www.facebook.com\/eenucuzucom\" \/>\n<meta property=\"article:published_time\" content=\"2024-07-29T10:56:59+00:00\" \/>\n<meta property=\"article:modified_time\" content=\"2024-07-29T11:02:31+00:00\" \/>\n<meta property=\"og:image\" content=\"https:\/\/www.enucuzu.com\/blog\/wp-content\/uploads\/2024\/07\/coverstory_portugal_GettyImages-533960357_HR.webp\" \/>\n\t<meta property=\"og:image:width\" content=\"1200\" \/>\n\t<meta property=\"og:image:height\" content=\"675\" \/>\n\t<meta property=\"og:image:type\" content=\"image\/webp\" \/>\n<meta name=\"author\" content=\"Enucuzu.com\" \/>\n<meta name=\"twitter:card\" content=\"summary_large_image\" \/>\n<meta name=\"twitter:creator\" content=\"@ComEnucuzu\" \/>\n<meta name=\"twitter:site\" content=\"@ComEnucuzu\" \/>\n<meta name=\"twitter:label1\" content=\"Yazan:\" \/>\n\t<meta name=\"twitter:data1\" content=\"Enucuzu.com\" \/>\n\t<meta name=\"twitter:label2\" content=\"Tahmini okuma s\u00fcresi\" \/>\n\t<meta name=\"twitter:data2\" content=\"18 dakika\" \/>\n<script type=\"application\/ld+json\" class=\"yoast-schema-graph\">{\"@context\":\"https:\/\/schema.org\",\"@graph\":[{\"@type\":\"Article\",\"@id\":\"https:\/\/www.enucuzu.com\/blog\/porto-gezi-rehberi#article\",\"isPartOf\":{\"@id\":\"https:\/\/www.enucuzu.com\/blog\/porto-gezi-rehberi\"},\"author\":{\"name\":\"Enucuzu.com\",\"@id\":\"https:\/\/www.enucuzu.com\/blog\/#\/schema\/person\/c8da9ab007d48619220989a1b3fc4c5d\"},\"headline\":\"Porto Gezi Rehberi\",\"datePublished\":\"2024-07-29T10:56:59+00:00\",\"dateModified\":\"2024-07-29T11:02:31+00:00\",\"mainEntityOfPage\":{\"@id\":\"https:\/\/www.enucuzu.com\/blog\/porto-gezi-rehberi\"},\"wordCount\":3243,\"commentCount\":0,\"publisher\":{\"@id\":\"https:\/\/www.enucuzu.com\/blog\/#organization\"},\"image\":{\"@id\":\"https:\/\/www.enucuzu.com\/blog\/porto-gezi-rehberi#primaryimage\"},\"thumbnailUrl\":\"https:\/\/www.enucuzu.com\/blog\/wp-content\/uploads\/2024\/07\/coverstory_portugal_GettyImages-533960357_HR.webp\",\"keywords\":[\"Gezi Rehberi\",\"Porto\",\"Porto Gezi Rehberi\",\"Porto Gezilecek Yerler\",\"Porto Restoranlar\u0131\",\"Porto Yemekleri\",\"Porto'da Ne Yenir?\"],\"articleSection\":[\"Rehber\"],\"inLanguage\":\"tr\",\"potentialAction\":[{\"@type\":\"CommentAction\",\"name\":\"Comment\",\"target\":[\"https:\/\/www.enucuzu.com\/blog\/porto-gezi-rehberi#respond\"]}]},{\"@type\":\"WebPage\",\"@id\":\"https:\/\/www.enucuzu.com\/blog\/porto-gezi-rehberi\",\"url\":\"https:\/\/www.enucuzu.com\/blog\/porto-gezi-rehberi\",\"name\":\"Porto Gezi Rehberi - Enucuzu Blog\",\"isPartOf\":{\"@id\":\"https:\/\/www.enucuzu.com\/blog\/#website\"},\"primaryImageOfPage\":{\"@id\":\"https:\/\/www.enucuzu.com\/blog\/porto-gezi-rehberi#primaryimage\"},\"image\":{\"@id\":\"https:\/\/www.enucuzu.com\/blog\/porto-gezi-rehberi#primaryimage\"},\"thumbnailUrl\":\"https:\/\/www.enucuzu.com\/blog\/wp-content\/uploads\/2024\/07\/coverstory_portugal_GettyImages-533960357_HR.webp\",\"datePublished\":\"2024-07-29T10:56:59+00:00\",\"dateModified\":\"2024-07-29T11:02:31+00:00\",\"description\":\"Porto Gezi Rehberi ile Porto'da gezilecek yerler, en iyi yemekler, en iyi restoranlar ve di\u011fer \u00e7e\u015fitli ipu\u00e7lar\u0131na ula\u015fabilirsiniz.\",\"breadcrumb\":{\"@id\":\"https:\/\/www.enucuzu.com\/blog\/porto-gezi-rehberi#breadcrumb\"},\"inLanguage\":\"tr\",\"potentialAction\":[{\"@type\":\"ReadAction\",\"target\":[\"https:\/\/www.enucuzu.com\/blog\/porto-gezi-rehberi\"]}]},{\"@type\":\"ImageObject\",\"inLanguage\":\"tr\",\"@id\":\"https:\/\/www.enucuzu.com\/blog\/porto-gezi-rehberi#primaryimage\",\"url\":\"https:\/\/www.enucuzu.com\/blog\/wp-content\/uploads\/2024\/07\/coverstory_portugal_GettyImages-533960357_HR.webp\",\"contentUrl\":\"https:\/\/www.enucuzu.com\/blog\/wp-content\/uploads\/2024\/07\/coverstory_portugal_GettyImages-533960357_HR.webp\",\"width\":1200,\"height\":675,\"caption\":\"Porto Gezi Rehberi\"},{\"@type\":\"BreadcrumbList\",\"@id\":\"https:\/\/www.enucuzu.com\/blog\/porto-gezi-rehberi#breadcrumb\",\"itemListElement\":[{\"@type\":\"ListItem\",\"position\":1,\"name\":\"Ana Sayfa\",\"item\":\"https:\/\/www.enucuzu.com\/blog\/\"},{\"@type\":\"ListItem\",\"position\":2,\"name\":\"Porto Gezi Rehberi\"}]},{\"@type\":\"WebSite\",\"@id\":\"https:\/\/www.enucuzu.com\/blog\/#website\",\"url\":\"https:\/\/www.enucuzu.com\/blog\/\",\"name\":\"Enucuzu Blog\",\"description\":\"\",\"publisher\":{\"@id\":\"https:\/\/www.enucuzu.com\/blog\/#organization\"},\"alternateName\":\"Enucuzu Blog\",\"potentialAction\":[{\"@type\":\"SearchAction\",\"target\":{\"@type\":\"EntryPoint\",\"urlTemplate\":\"https:\/\/www.enucuzu.com\/blog\/?s={search_term_string}\"},\"query-input\":{\"@type\":\"PropertyValueSpecification\",\"valueRequired\":true,\"valueName\":\"search_term_string\"}}],\"inLanguage\":\"tr\"},{\"@type\":\"Organization\",\"@id\":\"https:\/\/www.enucuzu.com\/blog\/#organization\",\"name\":\"Enucuzu.com\",\"alternateName\":\"Enucuzu\",\"url\":\"https:\/\/www.enucuzu.com\/blog\/\",\"logo\":{\"@type\":\"ImageObject\",\"inLanguage\":\"tr\",\"@id\":\"https:\/\/www.enucuzu.com\/blog\/#\/schema\/logo\/image\/\",\"url\":\"https:\/\/www.enucuzu.com\/blog\/wp-content\/uploads\/2023\/10\/enucuzu-com.webp\",\"contentUrl\":\"https:\/\/www.enucuzu.com\/blog\/wp-content\/uploads\/2023\/10\/enucuzu-com.webp\",\"width\":500,\"height\":500,\"caption\":\"Enucuzu.com\"},\"image\":{\"@id\":\"https:\/\/www.enucuzu.com\/blog\/#\/schema\/logo\/image\/\"},\"sameAs\":[\"https:\/\/www.facebook.com\/eenucuzucom\",\"https:\/\/x.com\/ComEnucuzu\",\"https:\/\/www.instagram.com\/enucuzu_com\/\"]},{\"@type\":\"Person\",\"@id\":\"https:\/\/www.enucuzu.com\/blog\/#\/schema\/person\/c8da9ab007d48619220989a1b3fc4c5d\",\"name\":\"Enucuzu.com\",\"image\":{\"@type\":\"ImageObject\",\"inLanguage\":\"tr\",\"@id\":\"https:\/\/www.enucuzu.com\/blog\/#\/schema\/person\/image\/\",\"url\":\"https:\/\/www.enucuzu.com\/blog\/wp-content\/uploads\/2023\/10\/enucuzu-com-profil-96x96.webp\",\"contentUrl\":\"https:\/\/www.enucuzu.com\/blog\/wp-content\/uploads\/2023\/10\/enucuzu-com-profil-96x96.webp\",\"caption\":\"Enucuzu.com\"},\"description\":\"Enucuzu.com ile en ucuz u\u00e7ak ve otob\u00fcs bileti kampanyalar\u0131n\u0131 takip edin, bir sonraki seyahatinizi \u015fimdiden planmaya ba\u015flay\u0131n!\",\"sameAs\":[\"http:\/\/www.enucuzu.com\/blog\"],\"url\":\"https:\/\/www.enucuzu.com\/blog\/yazar\/enucuzu-com\"}]}<\/script>\n<!-- \/ Yoast SEO plugin. -->","yoast_head_json":{"title":"Porto Gezi Rehberi - Enucuzu Blog","description":"Porto Gezi Rehberi ile Porto'da gezilecek yerler, en iyi yemekler, en iyi restoranlar ve di\u011fer \u00e7e\u015fitli ipu\u00e7lar\u0131na ula\u015fabilirsiniz.","robots":{"index":"index","follow":"follow","max-snippet":"max-snippet:-1","max-image-preview":"max-image-preview:large","max-video-preview":"max-video-preview:-1"},"canonical":"https:\/\/www.enucuzu.com\/blog\/porto-gezi-rehberi","og_locale":"tr_TR","og_type":"article","og_title":"Porto Gezi Rehberi - Enucuzu Blog","og_description":"Porto Gezi Rehberi ile Porto'da gezilecek yerler, en iyi yemekler, en iyi restoranlar ve di\u011fer \u00e7e\u015fitli ipu\u00e7lar\u0131na ula\u015fabilirsiniz.","og_url":"https:\/\/www.enucuzu.com\/blog\/porto-gezi-rehberi","og_site_name":"Enucuzu Blog","article_publisher":"https:\/\/www.facebook.com\/eenucuzucom","article_published_time":"2024-07-29T10:56:59+00:00","article_modified_time":"2024-07-29T11:02:31+00:00","og_image":[{"width":1200,"height":675,"url":"https:\/\/www.enucuzu.com\/blog\/wp-content\/uploads\/2024\/07\/coverstory_portugal_GettyImages-533960357_HR.webp","type":"image\/webp"}],"author":"Enucuzu.com","twitter_card":"summary_large_image","twitter_creator":"@ComEnucuzu","twitter_site":"@ComEnucuzu","twitter_misc":{"Yazan:":"Enucuzu.com","Tahmini okuma s\u00fcresi":"18 dakika"},"schema":{"@context":"https:\/\/schema.org","@graph":[{"@type":"Article","@id":"https:\/\/www.enucuzu.com\/blog\/porto-gezi-rehberi#article","isPartOf":{"@id":"https:\/\/www.enucuzu.com\/blog\/porto-gezi-rehberi"},"author":{"name":"Enucuzu.com","@id":"https:\/\/www.enucuzu.com\/blog\/#\/schema\/person\/c8da9ab007d48619220989a1b3fc4c5d"},"headline":"Porto Gezi Rehberi","datePublished":"2024-07-29T10:56:59+00:00","dateModified":"2024-07-29T11:02:31+00:00","mainEntityOfPage":{"@id":"https:\/\/www.enucuzu.com\/blog\/porto-gezi-rehberi"},"wordCount":3243,"commentCount":0,"publisher":{"@id":"https:\/\/www.enucuzu.com\/blog\/#organization"},"image":{"@id":"https:\/\/www.enucuzu.com\/blog\/porto-gezi-rehberi#primaryimage"},"thumbnailUrl":"https:\/\/www.enucuzu.com\/blog\/wp-content\/uploads\/2024\/07\/coverstory_portugal_GettyImages-533960357_HR.webp","keywords":["Gezi Rehberi","Porto","Porto Gezi Rehberi","Porto Gezilecek Yerler","Porto Restoranlar\u0131","Porto Yemekleri","Porto'da Ne Yenir?"],"articleSection":["Rehber"],"inLanguage":"tr","potentialAction":[{"@type":"CommentAction","name":"Comment","target":["https:\/\/www.enucuzu.com\/blog\/porto-gezi-rehberi#respond"]}]},{"@type":"WebPage","@id":"https:\/\/www.enucuzu.com\/blog\/porto-gezi-rehberi","url":"https:\/\/www.enucuzu.com\/blog\/porto-gezi-rehberi","name":"Porto Gezi Rehberi - Enucuzu Blog","isPartOf":{"@id":"https:\/\/www.enucuzu.com\/blog\/#website"},"primaryImageOfPage":{"@id":"https:\/\/www.enucuzu.com\/blog\/porto-gezi-rehberi#primaryimage"},"image":{"@id":"https:\/\/www.enucuzu.com\/blog\/porto-gezi-rehberi#primaryimage"},"thumbnailUrl":"https:\/\/www.enucuzu.com\/blog\/wp-content\/uploads\/2024\/07\/coverstory_portugal_GettyImages-533960357_HR.webp","datePublished":"2024-07-29T10:56:59+00:00","dateModified":"2024-07-29T11:02:31+00:00","description":"Porto Gezi Rehberi ile Porto'da gezilecek yerler, en iyi yemekler, en iyi restoranlar ve di\u011fer \u00e7e\u015fitli ipu\u00e7lar\u0131na ula\u015fabilirsiniz.","breadcrumb":{"@id":"https:\/\/www.enucuzu.com\/blog\/porto-gezi-rehberi#breadcrumb"},"inLanguage":"tr","potentialAction":[{"@type":"ReadAction","target":["https:\/\/www.enucuzu.com\/blog\/porto-gezi-rehberi"]}]},{"@type":"ImageObject","inLanguage":"tr","@id":"https:\/\/www.enucuzu.com\/blog\/porto-gezi-rehberi#primaryimage","url":"https:\/\/www.enucuzu.com\/blog\/wp-content\/uploads\/2024\/07\/coverstory_portugal_GettyImages-533960357_HR.webp","contentUrl":"https:\/\/www.enucuzu.com\/blog\/wp-content\/uploads\/2024\/07\/coverstory_portugal_GettyImages-533960357_HR.webp","width":1200,"height":675,"caption":"Porto Gezi Rehberi"},{"@type":"BreadcrumbList","@id":"https:\/\/www.enucuzu.com\/blog\/porto-gezi-rehberi#breadcrumb","itemListElement":[{"@type":"ListItem","position":1,"name":"Ana Sayfa","item":"https:\/\/www.enucuzu.com\/blog\/"},{"@type":"ListItem","position":2,"name":"Porto Gezi Rehberi"}]},{"@type":"WebSite","@id":"https:\/\/www.enucuzu.com\/blog\/#website","url":"https:\/\/www.enucuzu.com\/blog\/","name":"Enucuzu Blog","description":"","publisher":{"@id":"https:\/\/www.enucuzu.com\/blog\/#organization"},"alternateName":"Enucuzu Blog","potentialAction":[{"@type":"SearchAction","target":{"@type":"EntryPoint","urlTemplate":"https:\/\/www.enucuzu.com\/blog\/?s={search_term_string}"},"query-input":{"@type":"PropertyValueSpecification","valueRequired":true,"valueName":"search_term_string"}}],"inLanguage":"tr"},{"@type":"Organization","@id":"https:\/\/www.enucuzu.com\/blog\/#organization","name":"Enucuzu.com","alternateName":"Enucuzu","url":"https:\/\/www.enucuzu.com\/blog\/","logo":{"@type":"ImageObject","inLanguage":"tr","@id":"https:\/\/www.enucuzu.com\/blog\/#\/schema\/logo\/image\/","url":"https:\/\/www.enucuzu.com\/blog\/wp-content\/uploads\/2023\/10\/enucuzu-com.webp","contentUrl":"https:\/\/www.enucuzu.com\/blog\/wp-content\/uploads\/2023\/10\/enucuzu-com.webp","width":500,"height":500,"caption":"Enucuzu.com"},"image":{"@id":"https:\/\/www.enucuzu.com\/blog\/#\/schema\/logo\/image\/"},"sameAs":["https:\/\/www.facebook.com\/eenucuzucom","https:\/\/x.com\/ComEnucuzu","https:\/\/www.instagram.com\/enucuzu_com\/"]},{"@type":"Person","@id":"https:\/\/www.enucuzu.com\/blog\/#\/schema\/person\/c8da9ab007d48619220989a1b3fc4c5d","name":"Enucuzu.com","image":{"@type":"ImageObject","inLanguage":"tr","@id":"https:\/\/www.enucuzu.com\/blog\/#\/schema\/person\/image\/","url":"https:\/\/www.enucuzu.com\/blog\/wp-content\/uploads\/2023\/10\/enucuzu-com-profil-96x96.webp","contentUrl":"https:\/\/www.enucuzu.com\/blog\/wp-content\/uploads\/2023\/10\/enucuzu-com-profil-96x96.webp","caption":"Enucuzu.com"},"description":"Enucuzu.com ile en ucuz u\u00e7ak ve otob\u00fcs bileti kampanyalar\u0131n\u0131 takip edin, bir sonraki seyahatinizi \u015fimdiden planmaya ba\u015flay\u0131n!","sameAs":["http:\/\/www.enucuzu.com\/blog"],"url":"https:\/\/www.enucuzu.com\/blog\/yazar\/enucuzu-com"}]}},"_links":{"self":[{"href":"https:\/\/www.enucuzu.com\/blog\/wp-json\/wp\/v2\/posts\/7963"}],"collection":[{"href":"https:\/\/www.enucuzu.com\/blog\/wp-json\/wp\/v2\/posts"}],"about":[{"href":"https:\/\/www.enucuzu.com\/blog\/wp-json\/wp\/v2\/types\/post"}],"author":[{"embeddable":true,"href":"https:\/\/www.enucuzu.com\/blog\/wp-json\/wp\/v2\/users\/1"}],"replies":[{"embeddable":true,"href":"https:\/\/www.enucuzu.com\/blog\/wp-json\/wp\/v2\/comments?post=7963"}],"version-history":[{"count":4,"href":"https:\/\/www.enucuzu.com\/blog\/wp-json\/wp\/v2\/posts\/7963\/revisions"}],"predecessor-version":[{"id":7993,"href":"https:\/\/www.enucuzu.com\/blog\/wp-json\/wp\/v2\/posts\/7963\/revisions\/7993"}],"wp:featuredmedia":[{"embeddable":true,"href":"https:\/\/www.enucuzu.com\/blog\/wp-json\/wp\/v2\/media\/7964"}],"wp:attachment":[{"href":"https:\/\/www.enucuzu.com\/blog\/wp-json\/wp\/v2\/media?parent=7963"}],"wp:term":[{"taxonomy":"category","embeddable":true,"href":"https:\/\/www.enucuzu.com\/blog\/wp-json\/wp\/v2\/categories?post=7963"},{"taxonomy":"post_tag","embeddable":true,"href":"https:\/\/www.enucuzu.com\/blog\/wp-json\/wp\/v2\/tags?post=7963"}],"curies":[{"name":"wp","href":"https:\/\/api.w.org\/{rel}","templated":true}]}}