{"id":8375,"date":"2025-01-20T10:45:46","date_gmt":"2025-01-20T07:45:46","guid":{"rendered":"https:\/\/www.enucuzu.com\/blog\/?p=8375"},"modified":"2025-01-20T10:45:55","modified_gmt":"2025-01-20T07:45:55","slug":"oktoberfest-ekim-festivali","status":"publish","type":"post","link":"https:\/\/www.enucuzu.com\/blog\/oktoberfest-ekim-festivali","title":{"rendered":"Oktoberfest (Ekim Festivali) 2025 Nedir? Ne Zaman? (\u0130pu\u00e7lar\u0131)"},"content":{"rendered":"<p>T\u00fcrk\u00e7e&#8217;de <strong>Ekim Festivali<\/strong> olarak da bilinen <strong>Oktoberfest<\/strong> nedir, neden kutlan\u0131r, bu sene ne zaman kutlanacak ve kat\u0131lmadan \u00f6nce nelere dikkat edilmeli? Bu i\u00e7eri\u011fimizde Oktoberfest hakk\u0131nda merak edilen noktalar\u0131 ele alaca\u011f\u0131z.<\/p>\n<p>20 Eyl\u00fcl &#8211; 05 Ekim 2025 tarihleri aras\u0131nda kutlanacak olan Oktoberfest&#8217;e M\u00fcnih&#8217;te tan\u0131kl\u0131k etmek isterseniz Enucuzu.com \u00fczerinden <a href=\"https:\/\/www.enucuzu.com\/ucak-bileti\/munih\">M\u00fcnih u\u00e7ak bileti<\/a> tekliflerini kar\u015f\u0131la\u015ft\u0131rabilir, en ucuz u\u00e7ak biletini bularak ucuza, taksitli ve indirimli seyahatin tad\u0131n\u0131 \u00e7\u0131karabilirsiniz.<\/p>\n<div id=\"ez-toc-container\" class=\"ez-toc-v2_0_73 counter-hierarchy ez-toc-counter ez-toc-custom ez-toc-container-direction\">\n<div class=\"ez-toc-title-container\">\n<p class=\"ez-toc-title\" style=\"cursor:inherit\">\u0130\u00e7indekiler<\/p>\n<span class=\"ez-toc-title-toggle\"><a href=\"#\" class=\"ez-toc-pull-right ez-toc-btn ez-toc-btn-xs ez-toc-btn-default ez-toc-toggle\" aria-label=\"Toggle Table of Content\"><span class=\"ez-toc-js-icon-con\"><span class=\"\"><span class=\"eztoc-hide\" style=\"display:none;\">Toggle<\/span><span class=\"ez-toc-icon-toggle-span\"><svg style=\"fill: #151516;color:#151516\" xmlns=\"http:\/\/www.w3.org\/2000\/svg\" class=\"list-377408\" width=\"20px\" height=\"20px\" viewBox=\"0 0 24 24\" fill=\"none\"><path d=\"M6 6H4v2h2V6zm14 0H8v2h12V6zM4 11h2v2H4v-2zm16 0H8v2h12v-2zM4 16h2v2H4v-2zm16 0H8v2h12v-2z\" fill=\"currentColor\"><\/path><\/svg><svg style=\"fill: #151516;color:#151516\" class=\"arrow-unsorted-368013\" xmlns=\"http:\/\/www.w3.org\/2000\/svg\" width=\"10px\" height=\"10px\" viewBox=\"0 0 24 24\" version=\"1.2\" baseProfile=\"tiny\"><path d=\"M18.2 9.3l-6.2-6.3-6.2 6.3c-.2.2-.3.4-.3.7s.1.5.3.7c.2.2.4.3.7.3h11c.3 0 .5-.1.7-.3.2-.2.3-.5.3-.7s-.1-.5-.3-.7zM5.8 14.7l6.2 6.3 6.2-6.3c.2-.2.3-.5.3-.7s-.1-.5-.3-.7c-.2-.2-.4-.3-.7-.3h-11c-.3 0-.5.1-.7.3-.2.2-.3.5-.3.7s.1.5.3.7z\"\/><\/svg><\/span><\/span><\/span><\/a><\/span><\/div>\n<nav><ul class='ez-toc-list ez-toc-list-level-1 eztoc-toggle-hide-by-default' ><li class='ez-toc-page-1 ez-toc-heading-level-2'><a class=\"ez-toc-link ez-toc-heading-1\" href=\"https:\/\/www.enucuzu.com\/blog\/oktoberfest-ekim-festivali\/#Oktoberfest_Ekim_Festivali_Nedir\" title=\"Oktoberfest (Ekim Festivali) Nedir?\">Oktoberfest (Ekim Festivali) Nedir?<\/a><ul class='ez-toc-list-level-3' ><li class='ez-toc-heading-level-3'><a class=\"ez-toc-link ez-toc-heading-2\" href=\"https:\/\/www.enucuzu.com\/blog\/oktoberfest-ekim-festivali\/#Oktoberfest_Ekim_Festivali_2025_Ne_Zaman\" title=\"Oktoberfest (Ekim Festivali) 2025 Ne Zaman?\">Oktoberfest (Ekim Festivali) 2025 Ne Zaman?<\/a><\/li><li class='ez-toc-page-1 ez-toc-heading-level-3'><a class=\"ez-toc-link ez-toc-heading-3\" href=\"https:\/\/www.enucuzu.com\/blog\/oktoberfest-ekim-festivali\/#Oktoberfest_Ekim_Festivali_Katilim_Ipuclari\" title=\"Oktoberfest (Ekim Festivali) Kat\u0131l\u0131m \u0130pu\u00e7lar\u0131\">Oktoberfest (Ekim Festivali) Kat\u0131l\u0131m \u0130pu\u00e7lar\u0131<\/a><\/li><\/ul><\/li><\/ul><\/nav><\/div>\n<h2><span class=\"ez-toc-section\" id=\"Oktoberfest_Ekim_Festivali_Nedir\"><\/span>Oktoberfest (Ekim Festivali) Nedir?<span class=\"ez-toc-section-end\"><\/span><\/h2>\n<p><strong>Ekim Festivali<\/strong> olarak da bilinen <strong>Oktoberfest<\/strong>, ilk olarak 12 Ekim 1810 tarihinde d\u00fczenlenen ve Almanya&#8217;n\u0131n Bavyera eyaletine ba\u011fl\u0131 M\u00fcnih&#8217;teki Theresienwiese&#8217;te kutlanan gelenekselle\u015fmi\u015f bir festivaldir.<\/p>\n<p>\u0130lk Oktoberfest, Saksonya &#8211; Hildburghausen Prensesi <strong>Therese<\/strong> ile <strong>I. Ludwig<\/strong> aras\u0131ndaki kraliyet d\u00fc\u011f\u00fcn\u00fcn\u00fc kutlamak ve yeni ele ge\u00e7irilen topraklardaki halklar\u0131 kayna\u015ft\u0131rmak i\u00e7in d\u00fczenlenmi\u015fti.<\/p>\n<figure id=\"attachment_8378\" aria-describedby=\"caption-attachment-8378\" style=\"width: 1200px\" class=\"wp-caption aligncenter\"><img fetchpriority=\"high\" decoding=\"async\" class=\"size-full wp-image-8378\" src=\"https:\/\/www.enucuzu.com\/blog\/wp-content\/uploads\/2024\/09\/oktoberfest-ekim-festivali-tarihi.webp\" alt=\"Oktoberfest (Ekim Festivali) Nedir?\" width=\"1200\" height=\"675\" srcset=\"https:\/\/www.enucuzu.com\/blog\/wp-content\/uploads\/2024\/09\/oktoberfest-ekim-festivali-tarihi.webp 1200w, https:\/\/www.enucuzu.com\/blog\/wp-content\/uploads\/2024\/09\/oktoberfest-ekim-festivali-tarihi-768x432.webp 768w, https:\/\/www.enucuzu.com\/blog\/wp-content\/uploads\/2024\/09\/oktoberfest-ekim-festivali-tarihi-150x84.webp 150w, https:\/\/www.enucuzu.com\/blog\/wp-content\/uploads\/2024\/09\/oktoberfest-ekim-festivali-tarihi-450x253.webp 450w\" sizes=\"(max-width: 1200px) 100vw, 1200px\" \/><figcaption id=\"caption-attachment-8378\" class=\"wp-caption-text\">1811 kutlamalar\u0131 s\u0131ras\u0131nda Theresienwiese&#8217;te d\u00fczenlenen bir at ya\u0131r\u0131\u015f\u0131<\/figcaption><\/figure>\n<p>Oktoberfest, daha sonraki y\u0131llarda da tekrarlanarak y\u00fczlerce y\u0131ld\u0131r s\u00fcrmekte olan ve g\u00fcn\u00fcm\u00fczde her y\u0131l d\u00fcnyan\u0131n d\u00f6rt bir yan\u0131ndaki milyonlarca ki\u015finin kat\u0131ld\u0131\u011f\u0131 geleneksel bir festival haline evrildi.<\/p>\n<p>Oktoberfest kutlamalar\u0131 s\u0131ras\u0131nda ge\u00e7it t\u00f6reni, konserler, ayinler ve partiler gibi \u00e7ok say\u0131da etkinlik d\u00fczenlenir, oyunlar ve danslar sergilenir.<\/p>\n<p>Oktoberfest&#8217;in en ikonik simgelerinden biri de lager t\u00fcr\u00fc Bavyera biralar\u0131n\u0131n tad\u0131na bakabilece\u011finiz birka\u00e7 b\u00fcy\u00fck ve di\u011fer her t\u00fcrden \u015feyin bulundu\u011fu di\u011fer y\u00fczlerce k\u00fc\u00e7\u00fck \u00e7ad\u0131rd\u0131r.<\/p>\n<p>G\u00fcn\u00fcm\u00fczde M\u00fcnih&#8217;teki Ekim Festivali&#8217;ne d\u00fcnyan\u0131n d\u00f6rt bir yan\u0131ndan alt\u0131 milyonu a\u015fk\u0131n ki\u015fi kat\u0131lmakta ve kutlamalar s\u0131ras\u0131nda 7.580.000 litreden fazla bira t\u00fcketilmektedir.<\/p>\n<p><img decoding=\"async\" src=\"https:\/\/www.enucuzu.com\/blog\/wp-content\/uploads\/2024\/09\/oktoberfest-ekim-festivali-nedir.webp\" alt=\"Oktoberfest (Ekim Festivali) Nedir?\" \/><\/p>\n<h3><span class=\"ez-toc-section\" id=\"Oktoberfest_Ekim_Festivali_2025_Ne_Zaman\"><\/span>Oktoberfest (Ekim Festivali) 2025 Ne Zaman?<span class=\"ez-toc-section-end\"><\/span><\/h3>\n<p>Bu sene 189.&#8217;su d\u00fczenlenecek olan Oktoberfest (Ekim Festivali) kutlamalar\u0131 <strong>20 Eyl\u00fcl 2025 Cumartesi<\/strong> g\u00fcn\u00fc ba\u015flayacak ve <strong>05 Ekim 2025 Pazar<\/strong> g\u00fcn\u00fc sona erecek.<\/p>\n<p>Oktoberfest ismi Ekim Festivali anlam\u0131na gelse de kutlamalar genellikle Eyl\u00fcl ay\u0131n\u0131n sonunda ba\u015flar ve genellikle 16 ila 18 g\u00fcn kadar s\u00fcrer.<\/p>\n<p>Oktoberfest direkt olarak belirli bir tarihe ba\u011fl\u0131 olmad\u0131\u011f\u0131ndan kutlamalar\u0131n ba\u015flang\u0131\u00e7 ve biti\u015f tarihleri her sene de\u011fi\u015fiklik g\u00f6sterir ancak beklenen biti\u015f tarihi 3 Ekim&#8217;den \u00f6ncesine denk gelecek olursa kutlamalar 1990 y\u0131l\u0131nda Almanya&#8217;n\u0131n yeniden birle\u015fmesini temsil eden Alman Birli\u011fi G\u00fcn\u00fc olan 3 Ekim tarihine dek uzat\u0131l\u0131r.<\/p>\n<p>Oktoberfest&#8217;in ilk g\u00fcn\u00fc M\u00fcnih&#8217;in belediye ba\u015fkan\u0131n\u0131n ilk f\u0131\u00e7\u0131y\u0131 doldurup &#8220;<em>O&#8217;zapft is!<\/em>&#8221; yani &#8220;<em>Bu dolduruldu!<\/em>&#8221; diye ba\u011f\u0131rmas\u0131 ile ba\u015flar.<\/p>\n<p>2026 y\u0131l\u0131 i\u00e7in Oktoberfest (Ekim Festivali) tarihleri ise <strong>19 Eyl\u00fcl 2026 Cumartesi &#8211; 04 Ekim 2026 Pazar<\/strong> olarak belirlenmi\u015ftir.<\/p>\n<figure id=\"attachment_8380\" aria-describedby=\"caption-attachment-8380\" style=\"width: 1200px\" class=\"wp-caption aligncenter\"><img decoding=\"async\" class=\"size-full wp-image-8380\" src=\"https:\/\/www.enucuzu.com\/blog\/wp-content\/uploads\/2024\/09\/oktoberfest-ekim-festivali-ne-zaman.webp\" alt=\"Oktoberfest (Ekim Festivali) 2024 Ne Zaman?\" width=\"1200\" height=\"675\" srcset=\"https:\/\/www.enucuzu.com\/blog\/wp-content\/uploads\/2024\/09\/oktoberfest-ekim-festivali-ne-zaman.webp 1200w, https:\/\/www.enucuzu.com\/blog\/wp-content\/uploads\/2024\/09\/oktoberfest-ekim-festivali-ne-zaman-768x432.webp 768w, https:\/\/www.enucuzu.com\/blog\/wp-content\/uploads\/2024\/09\/oktoberfest-ekim-festivali-ne-zaman-150x84.webp 150w, https:\/\/www.enucuzu.com\/blog\/wp-content\/uploads\/2024\/09\/oktoberfest-ekim-festivali-ne-zaman-450x253.webp 450w\" sizes=\"(max-width: 1200px) 100vw, 1200px\" \/><figcaption id=\"caption-attachment-8380\" class=\"wp-caption-text\">Augustiner Festzelt bira \u00e7ad\u0131r\u0131ndan bir g\u00f6r\u00fcnt\u00fc<\/figcaption><\/figure>\n<h3><span class=\"ez-toc-section\" id=\"Oktoberfest_Ekim_Festivali_Katilim_Ipuclari\"><\/span>Oktoberfest (Ekim Festivali) Kat\u0131l\u0131m \u0130pu\u00e7lar\u0131<span class=\"ez-toc-section-end\"><\/span><\/h3>\n<p>Oktoberfest&#8217;te Bavyera biras\u0131n\u0131n ve Bavyera mutfa\u011f\u0131n\u0131n tad\u0131na bakabilmek i\u00e7in \u00e7ad\u0131rlardan birinde oturman\u0131z gerekmektedir ancak milyonlarca kat\u0131l\u0131mc\u0131n\u0131n aksine s\u0131n\u0131rl\u0131 say\u0131da koltuk ve masa oldu\u011fundan bu masalardan birini elde edebilmek i\u00e7in ya daha az yo\u011fun saatleri tercih etmeniz ya da \u00f6ncesinde bir bira \u00e7ad\u0131r\u0131ndan rezervasyon yapman\u0131z gerekmektedir.<\/p>\n<p>Her \u00e7ad\u0131r\u0131n rezervasyon ko\u015fullar\u0131 ve m\u00fcsaitlikleri farkl\u0131d\u0131r ve her birini ayr\u0131 ayr\u0131 kontrol etmek sizin a\u00e7\u0131n\u0131zdan yararl\u0131 olabilir.<\/p>\n<p>Unutmaman\u0131z gereken nokta rezervasyonun do\u011frudan herhangi bir \u00e7ad\u0131r sahibinden yap\u0131lmas\u0131 gerekti\u011fidir \u00e7\u00fcnk\u00fc \u00fc\u00e7\u00fcnc\u00fc taraf sat\u0131c\u0131lardan yap\u0131lan rezervasyonlar yasal de\u011fildir ve b\u00fcy\u00fck bir ihtimalle doland\u0131r\u0131c\u0131l\u0131k ile sonu\u00e7lan\u0131r.<\/p>\n<p>Bu \u00e7ad\u0131rlardan baz\u0131lar\u0131 hala faks ve hatta posta gibi daha eski ileti\u015fim bi\u00e7imlerini tercih etmekte olsa da baz\u0131lar\u0131 modern ileti\u015fim kanallar\u0131na ayak uydurmu\u015f durumdad\u0131r. Neyse ki mevcut bira \u00e7ad\u0131rlar\u0131n\u0131n (ve mevcutsa) rezervasyon sayfalar\u0131n\u0131n bir listesini sizler i\u00e7in derledik:<\/p>\n<ul>\n<li><a href=\"https:\/\/reservierung.paulanerfestzelt.de\/reservation\/\">Paulaner Festzelt (Winzerer F\u00e4hndl)<\/a><\/li>\n<li><a href=\"https:\/\/festhalle-schottenhamel.de\/en\/reservation\/\">Schottenhamel<\/a><\/li>\n<li><a href=\"https:\/\/www.hb-festzelt.de\/reservierungen.html\">Hofbr\u00e4u Festzelt<\/a><\/li>\n<li><a href=\"https:\/\/hacker-festzelt.de\/reservierung\/\">Hacker-Festzelt<\/a><\/li>\n<li><a href=\"https:\/\/www.festhalle-augustiner.com\/reservierung\/\">Augustiner Festzelt<\/a><\/li>\n<li><a href=\"https:\/\/www.loewenbraeuzelt.de\/reservierungen\/\">L\u00f6wenbr\u00e4u-Festhalle<\/a><\/li>\n<li>Pschorr-Br\u00e4urosl<\/li>\n<li><a href=\"https:\/\/www.armbrustschuetzenzelt.de\/reservierung\/reservierungsanfrage\/\">Armbrustsch\u00fctzenzelt<\/a><\/li>\n<li><a href=\"https:\/\/www.ochsenbraterei.de\/reservierungen\/\">Ochsenbraterei (Spatenbr\u00e4u-Festhalle)<\/a><\/li>\n<li><a href=\"https:\/\/schuetzen-festzelt.de\/de\/reservierung.html\">Sch\u00fctzen-Festzelt<\/a><\/li>\n<li><a href=\"http:\/\/marstall-oktoberfest.com\/reservation.htm\">Marstall<\/a><\/li>\n<li><a href=\"https:\/\/www.fischer-vroni.de\/de\/reservierung.html\">Fischer Vroni<\/a><\/li>\n<li><a href=\"https:\/\/www.feinkost-kaefer.de\/pages\/widerrufsbelehrung\">K\u00e4fer\u2019s Wies\u2019n-Sch\u00e4nke<\/a><\/li>\n<li><a href=\"https:\/\/www.weinzelt.com\/de\/\">Weinzelt<\/a><\/li>\n<\/ul>\n<p>Oktoberfest s\u0131ras\u0131nda bira \u00e7ad\u0131rlar\u0131 hafta i\u00e7i <strong>10:00 &#8211; 22:30<\/strong> ve hafta sonu <strong>09:00 &#8211; 22:30<\/strong> saatleri aras\u0131nda a\u00e7\u0131kt\u0131r ancak (istisnai olarak) K\u00e4fer\u2019s Wies\u2019n-Sch\u00e4nke ve Weinzelt i\u00e7in kapan\u0131\u015f saati <strong>01:00<\/strong> olarak uygulanmaktad\u0131r.<\/p>\n<p><img decoding=\"async\" class=\"size-full wp-image-8384 aligncenter\" src=\"https:\/\/www.enucuzu.com\/blog\/wp-content\/uploads\/2024\/09\/oktoberfest-ekim-festivali-ipuclari-oneriler.webp\" alt=\"Oktoberfest (Ekim Festivali) Kat\u0131l\u0131m \u0130pu\u00e7lar\u0131\" width=\"1200\" height=\"675\" srcset=\"https:\/\/www.enucuzu.com\/blog\/wp-content\/uploads\/2024\/09\/oktoberfest-ekim-festivali-ipuclari-oneriler.webp 1200w, https:\/\/www.enucuzu.com\/blog\/wp-content\/uploads\/2024\/09\/oktoberfest-ekim-festivali-ipuclari-oneriler-768x432.webp 768w, https:\/\/www.enucuzu.com\/blog\/wp-content\/uploads\/2024\/09\/oktoberfest-ekim-festivali-ipuclari-oneriler-150x84.webp 150w, https:\/\/www.enucuzu.com\/blog\/wp-content\/uploads\/2024\/09\/oktoberfest-ekim-festivali-ipuclari-oneriler-450x253.webp 450w\" sizes=\"(max-width: 1200px) 100vw, 1200px\" \/><\/p>\n<p>Hangi bira \u00e7ad\u0131r\u0131na kat\u0131lmak istedi\u011finize karar verdikten sonra ilgili \u00e7ad\u0131r i\u00e7in belirli tarih ve saat aral\u0131\u011f\u0131na rezervasyon talebinde bulunabilirsiniz.<\/p>\n<p>Oktoberfest olduk\u00e7a pop\u00fcler bir festival oldu\u011fu i\u00e7in hafta sonu ve ak\u015fam saatleri gibi daha yo\u011fun saatlerde rezervasyonlar aylar \u00f6ncesinde dolabilir ve Augustiner gibi baz\u0131 \u00e7ad\u0131rlar daha \u00e7ok tercih edildikleri i\u00e7in oralarda m\u00fcsait rezervasyon bulmak daha da zor olabilir.<\/p>\n<p>Bu arada \u00e7o\u011fu \u00e7ad\u0131rda rezervasyonlar\u0131n ki\u015fi ba\u015f\u0131na de\u011fil masa ba\u015f\u0131na yap\u0131ld\u0131\u011f\u0131 unutulmamal\u0131d\u0131r. Bu durumda tek ba\u015f\u0131n\u0131za olsan\u0131z da tek bir koltuk yerine 8 ya da 10 ki\u015filik bir masa kiralaman\u0131z gerekebilir. Rezervasyonlar g\u00fcn\u00fcn belirli bir b\u00f6l\u00fcm\u00fc (genellikle d\u00f6rt saatlik zaman dilimleri) i\u00e7in ge\u00e7erlidir.<\/p>\n<p>Oktoberfest rezervasyonlar\u0131 \u00fccretsiz olsa da rezervasyon s\u0131ras\u0131nda yiyecek ve i\u00e7ecek kuponlar\u0131n\u0131n sat\u0131n al\u0131nmas\u0131 gerekir ki bu da \u00f6rt\u00fcl\u00fc bir \u00fccretlendirme uyguland\u0131\u011f\u0131 anlam\u0131na gelir ancak bunun kar\u015f\u0131l\u0131\u011f\u0131nda belirli miktarda bira, tavuk ve \u00e7ad\u0131ra \u00f6zel baz\u0131 ikramlar al\u0131rs\u0131n\u0131z.<\/p>\n<figure id=\"attachment_8383\" aria-describedby=\"caption-attachment-8383\" style=\"width: 1200px\" class=\"wp-caption aligncenter\"><img loading=\"lazy\" decoding=\"async\" class=\"size-full wp-image-8383\" src=\"https:\/\/www.enucuzu.com\/blog\/wp-content\/uploads\/2024\/09\/oktoberfest-ekim-festivali-ipuclari.-1webp.webp\" alt=\"Oktoberfest (Ekim Festivali) Kat\u0131l\u0131m \u0130pu\u00e7lar\u0131\" width=\"1200\" height=\"675\" srcset=\"https:\/\/www.enucuzu.com\/blog\/wp-content\/uploads\/2024\/09\/oktoberfest-ekim-festivali-ipuclari.-1webp.webp 1200w, https:\/\/www.enucuzu.com\/blog\/wp-content\/uploads\/2024\/09\/oktoberfest-ekim-festivali-ipuclari.-1webp-768x432.webp 768w, https:\/\/www.enucuzu.com\/blog\/wp-content\/uploads\/2024\/09\/oktoberfest-ekim-festivali-ipuclari.-1webp-150x84.webp 150w, https:\/\/www.enucuzu.com\/blog\/wp-content\/uploads\/2024\/09\/oktoberfest-ekim-festivali-ipuclari.-1webp-450x253.webp 450w\" sizes=\"(max-width: 1200px) 100vw, 1200px\" \/><figcaption id=\"caption-attachment-8383\" class=\"wp-caption-text\">Geleneksel lederhosen and dirndl tarz\u0131 giyim<\/figcaption><\/figure>\n<p>Oktoberfest ruhunu tam olarak hissetmek ve ya\u015famak isterseniz kad\u0131nlar aras\u0131nda <strong>dirndl<\/strong> ve erkekler aras\u0131nda <strong>lederhosen<\/strong> tarz\u0131nda giyinmek yayg\u0131nd\u0131r.<\/p>\n<p>Oktoberfest&#8217;teki bira \u00e7ad\u0131rlar\u0131nda servis edilen biralar, festivale \u00f6zel olarak geleneksel kurallara s\u0131k\u0131ca ba\u011fl\u0131 kal\u0131narak haz\u0131rlanan geleneksel Marzen tarz\u0131 Lager t\u00fcr\u00fc birad\u0131r.<\/p>\n<p>Alt\u0131 bira fabrikas\u0131n\u0131n her biri kendi biras\u0131n\u0131 yapar ve her bira \u00e7ad\u0131r\u0131nda yaln\u0131zca bir t\u00fcr bira bulunur. (\u00d6rne\u011fin Hofbr\u00e4u \u00e7ad\u0131r\u0131nda Hofbr\u00e4u Oktoberfest ve Paulaner \u00e7ad\u0131r\u0131nda Paulaner Oktoberfest vb.)<\/p>\n<p>Biralar, b\u00fcy\u00fck kupalarda litrelik olarak sat\u0131l\u0131r, b\u00fcy\u00fck ve a\u011f\u0131rd\u0131r. Bira d\u0131\u015f\u0131nda \u015farap, soda ve di\u011fer alkols\u00fcz i\u00e7ecekleri de bulabilirsiniz.<\/p>\n<p>Oktoberfest&#8217;e kat\u0131lmakla ilgileniyorsan\u0131z plan\u0131n\u0131z\u0131 \u00f6nceden kesinle\u015ftirmenizi ve rezervasyon s\u00fcrecini aylar \u00f6nce planlaman\u0131z\u0131 \u00f6neririz \u00e7\u00fcnk\u00fc rezervasyon atamalar\u0131 aylar \u00f6ncesinde ba\u015flar.<\/p>\n<p><strong>20 Eyl\u00fcl 2025 Cumartesi<\/strong> g\u00fcn\u00fc ba\u015flayacak ve <strong>05 Ekim 2025 Pazar<\/strong> g\u00fcn\u00fc sona erecek olan Oktoberfest&#8217;e M\u00fcnih&#8217;te tan\u0131kl\u0131k etmek isterseniz Enucuzu.com \u00fczerinden <a href=\"https:\/\/www.enucuzu.com\/ucak-bileti\/munih\">M\u00fcnih u\u00e7ak bileti<\/a> tekliflerini kar\u015f\u0131la\u015ft\u0131rabilir, en ucuz u\u00e7ak biletini bularak ucuza, taksitli ve indirimli seyahatin tad\u0131n\u0131 \u00e7\u0131karabilirsiniz.<\/p>\n","protected":false},"excerpt":{"rendered":"<p>T\u00fcrk\u00e7e&#8217;de Ekim Festivali olarak da bilinen Oktoberfest nedir, neden kutlan\u0131r, bu sene ne zaman kutlanacak ve kat\u0131lmadan \u00f6nce nelere dikkat edilmeli? Bu i\u00e7eri\u011fimizde Oktoberfest hakk\u0131nda merak edilen noktalar\u0131 ele alaca\u011f\u0131z. 20 Eyl\u00fcl &#8211; 05 Ekim 2025 tarihleri aras\u0131nda kutlanacak olan Oktoberfest&#8217;e M\u00fcnih&#8217;te tan\u0131kl\u0131k etmek isterseniz Enucuzu.com \u00fczerinden M\u00fcnih u\u00e7ak bileti tekliflerini kar\u015f\u0131la\u015ft\u0131rabilir, en ucuz u\u00e7ak<\/p>\n","protected":false},"author":1,"featured_media":8385,"comment_status":"open","ping_status":"open","sticky":false,"template":"","format":"standard","meta":{"footnotes":""},"categories":[1],"tags":[733,732],"yoast_head":"<!-- This site is optimized with the Yoast SEO plugin v24.5 - https:\/\/yoast.com\/wordpress\/plugins\/seo\/ -->\n<title>Oktoberfest (Ekim Festivali) 2025 Nedir? Ne Zaman? (\u0130pu\u00e7lar\u0131) - Enucuzu Blog<\/title>\n<meta name=\"description\" content=\"Ekim Festivali olarak da bilinen Oktoberfest nedir, neden kutlan\u0131r, bu sene ne zaman kutlanacak ve kat\u0131l\u0131mc\u0131lar nelere dikkat etmeli?\" \/>\n<meta name=\"robots\" content=\"index, follow, max-snippet:-1, max-image-preview:large, max-video-preview:-1\" \/>\n<link rel=\"canonical\" href=\"https:\/\/www.enucuzu.com\/blog\/oktoberfest-ekim-festivali\" \/>\n<meta property=\"og:locale\" content=\"tr_TR\" \/>\n<meta property=\"og:type\" content=\"article\" \/>\n<meta property=\"og:title\" content=\"Oktoberfest (Ekim Festivali) 2025 Nedir? Ne Zaman? (\u0130pu\u00e7lar\u0131) - Enucuzu Blog\" \/>\n<meta property=\"og:description\" content=\"Ekim Festivali olarak da bilinen Oktoberfest nedir, neden kutlan\u0131r, bu sene ne zaman kutlanacak ve kat\u0131l\u0131mc\u0131lar nelere dikkat etmeli?\" \/>\n<meta property=\"og:url\" content=\"https:\/\/www.enucuzu.com\/blog\/oktoberfest-ekim-festivali\" \/>\n<meta property=\"og:site_name\" content=\"Enucuzu Blog\" \/>\n<meta property=\"article:publisher\" content=\"https:\/\/www.facebook.com\/eenucuzucom\" \/>\n<meta property=\"article:published_time\" content=\"2025-01-20T07:45:46+00:00\" \/>\n<meta property=\"article:modified_time\" content=\"2025-01-20T07:45:55+00:00\" \/>\n<meta property=\"og:image\" content=\"https:\/\/www.enucuzu.com\/blog\/wp-content\/uploads\/2024\/09\/oktoberfest-ekim-festivali-nedir-ne-zaman.webp\" \/>\n\t<meta property=\"og:image:width\" content=\"1200\" \/>\n\t<meta property=\"og:image:height\" content=\"675\" \/>\n\t<meta property=\"og:image:type\" content=\"image\/webp\" \/>\n<meta name=\"author\" content=\"Enucuzu.com\" \/>\n<meta name=\"twitter:card\" content=\"summary_large_image\" \/>\n<meta name=\"twitter:creator\" content=\"@ComEnucuzu\" \/>\n<meta name=\"twitter:site\" content=\"@ComEnucuzu\" \/>\n<meta name=\"twitter:label1\" content=\"Yazan:\" \/>\n\t<meta name=\"twitter:data1\" content=\"Enucuzu.com\" \/>\n\t<meta name=\"twitter:label2\" content=\"Tahmini okuma s\u00fcresi\" \/>\n\t<meta name=\"twitter:data2\" content=\"7 dakika\" \/>\n<script type=\"application\/ld+json\" class=\"yoast-schema-graph\">{\"@context\":\"https:\/\/schema.org\",\"@graph\":[{\"@type\":\"Article\",\"@id\":\"https:\/\/www.enucuzu.com\/blog\/oktoberfest-ekim-festivali#article\",\"isPartOf\":{\"@id\":\"https:\/\/www.enucuzu.com\/blog\/oktoberfest-ekim-festivali\"},\"author\":{\"name\":\"Enucuzu.com\",\"@id\":\"https:\/\/www.enucuzu.com\/blog\/#\/schema\/person\/c8da9ab007d48619220989a1b3fc4c5d\"},\"headline\":\"Oktoberfest (Ekim Festivali) 2025 Nedir? Ne Zaman? (\u0130pu\u00e7lar\u0131)\",\"datePublished\":\"2025-01-20T07:45:46+00:00\",\"dateModified\":\"2025-01-20T07:45:55+00:00\",\"mainEntityOfPage\":{\"@id\":\"https:\/\/www.enucuzu.com\/blog\/oktoberfest-ekim-festivali\"},\"wordCount\":1155,\"commentCount\":0,\"publisher\":{\"@id\":\"https:\/\/www.enucuzu.com\/blog\/#organization\"},\"image\":{\"@id\":\"https:\/\/www.enucuzu.com\/blog\/oktoberfest-ekim-festivali#primaryimage\"},\"thumbnailUrl\":\"https:\/\/www.enucuzu.com\/blog\/wp-content\/uploads\/2024\/09\/oktoberfest-ekim-festivali-nedir-ne-zaman.webp\",\"keywords\":[\"Ekim Festivali\",\"Oktoberfest\"],\"articleSection\":[\"Rehber\"],\"inLanguage\":\"tr\",\"potentialAction\":[{\"@type\":\"CommentAction\",\"name\":\"Comment\",\"target\":[\"https:\/\/www.enucuzu.com\/blog\/oktoberfest-ekim-festivali#respond\"]}]},{\"@type\":\"WebPage\",\"@id\":\"https:\/\/www.enucuzu.com\/blog\/oktoberfest-ekim-festivali\",\"url\":\"https:\/\/www.enucuzu.com\/blog\/oktoberfest-ekim-festivali\",\"name\":\"Oktoberfest (Ekim Festivali) 2025 Nedir? Ne Zaman? (\u0130pu\u00e7lar\u0131) - Enucuzu Blog\",\"isPartOf\":{\"@id\":\"https:\/\/www.enucuzu.com\/blog\/#website\"},\"primaryImageOfPage\":{\"@id\":\"https:\/\/www.enucuzu.com\/blog\/oktoberfest-ekim-festivali#primaryimage\"},\"image\":{\"@id\":\"https:\/\/www.enucuzu.com\/blog\/oktoberfest-ekim-festivali#primaryimage\"},\"thumbnailUrl\":\"https:\/\/www.enucuzu.com\/blog\/wp-content\/uploads\/2024\/09\/oktoberfest-ekim-festivali-nedir-ne-zaman.webp\",\"datePublished\":\"2025-01-20T07:45:46+00:00\",\"dateModified\":\"2025-01-20T07:45:55+00:00\",\"description\":\"Ekim Festivali olarak da bilinen Oktoberfest nedir, neden kutlan\u0131r, bu sene ne zaman kutlanacak ve kat\u0131l\u0131mc\u0131lar nelere dikkat etmeli?\",\"breadcrumb\":{\"@id\":\"https:\/\/www.enucuzu.com\/blog\/oktoberfest-ekim-festivali#breadcrumb\"},\"inLanguage\":\"tr\",\"potentialAction\":[{\"@type\":\"ReadAction\",\"target\":[\"https:\/\/www.enucuzu.com\/blog\/oktoberfest-ekim-festivali\"]}]},{\"@type\":\"ImageObject\",\"inLanguage\":\"tr\",\"@id\":\"https:\/\/www.enucuzu.com\/blog\/oktoberfest-ekim-festivali#primaryimage\",\"url\":\"https:\/\/www.enucuzu.com\/blog\/wp-content\/uploads\/2024\/09\/oktoberfest-ekim-festivali-nedir-ne-zaman.webp\",\"contentUrl\":\"https:\/\/www.enucuzu.com\/blog\/wp-content\/uploads\/2024\/09\/oktoberfest-ekim-festivali-nedir-ne-zaman.webp\",\"width\":1200,\"height\":675,\"caption\":\"Oktoberfest (Ekim Festivali) Nedir? Ne Zaman? (\u0130pu\u00e7lar\u0131)\"},{\"@type\":\"BreadcrumbList\",\"@id\":\"https:\/\/www.enucuzu.com\/blog\/oktoberfest-ekim-festivali#breadcrumb\",\"itemListElement\":[{\"@type\":\"ListItem\",\"position\":1,\"name\":\"Ana Sayfa\",\"item\":\"https:\/\/www.enucuzu.com\/blog\/\"},{\"@type\":\"ListItem\",\"position\":2,\"name\":\"Oktoberfest (Ekim Festivali) 2025 Nedir? Ne Zaman? (\u0130pu\u00e7lar\u0131)\"}]},{\"@type\":\"WebSite\",\"@id\":\"https:\/\/www.enucuzu.com\/blog\/#website\",\"url\":\"https:\/\/www.enucuzu.com\/blog\/\",\"name\":\"Enucuzu Blog\",\"description\":\"\",\"publisher\":{\"@id\":\"https:\/\/www.enucuzu.com\/blog\/#organization\"},\"alternateName\":\"Enucuzu Blog\",\"potentialAction\":[{\"@type\":\"SearchAction\",\"target\":{\"@type\":\"EntryPoint\",\"urlTemplate\":\"https:\/\/www.enucuzu.com\/blog\/?s={search_term_string}\"},\"query-input\":{\"@type\":\"PropertyValueSpecification\",\"valueRequired\":true,\"valueName\":\"search_term_string\"}}],\"inLanguage\":\"tr\"},{\"@type\":\"Organization\",\"@id\":\"https:\/\/www.enucuzu.com\/blog\/#organization\",\"name\":\"Enucuzu.com\",\"alternateName\":\"Enucuzu\",\"url\":\"https:\/\/www.enucuzu.com\/blog\/\",\"logo\":{\"@type\":\"ImageObject\",\"inLanguage\":\"tr\",\"@id\":\"https:\/\/www.enucuzu.com\/blog\/#\/schema\/logo\/image\/\",\"url\":\"https:\/\/www.enucuzu.com\/blog\/wp-content\/uploads\/2023\/10\/enucuzu-com.webp\",\"contentUrl\":\"https:\/\/www.enucuzu.com\/blog\/wp-content\/uploads\/2023\/10\/enucuzu-com.webp\",\"width\":500,\"height\":500,\"caption\":\"Enucuzu.com\"},\"image\":{\"@id\":\"https:\/\/www.enucuzu.com\/blog\/#\/schema\/logo\/image\/\"},\"sameAs\":[\"https:\/\/www.facebook.com\/eenucuzucom\",\"https:\/\/x.com\/ComEnucuzu\",\"https:\/\/www.instagram.com\/enucuzu_com\/\"]},{\"@type\":\"Person\",\"@id\":\"https:\/\/www.enucuzu.com\/blog\/#\/schema\/person\/c8da9ab007d48619220989a1b3fc4c5d\",\"name\":\"Enucuzu.com\",\"image\":{\"@type\":\"ImageObject\",\"inLanguage\":\"tr\",\"@id\":\"https:\/\/www.enucuzu.com\/blog\/#\/schema\/person\/image\/\",\"url\":\"https:\/\/www.enucuzu.com\/blog\/wp-content\/uploads\/2023\/10\/enucuzu-com-profil-96x96.webp\",\"contentUrl\":\"https:\/\/www.enucuzu.com\/blog\/wp-content\/uploads\/2023\/10\/enucuzu-com-profil-96x96.webp\",\"caption\":\"Enucuzu.com\"},\"description\":\"Enucuzu.com ile en ucuz u\u00e7ak ve otob\u00fcs bileti kampanyalar\u0131n\u0131 takip edin, bir sonraki seyahatinizi \u015fimdiden planmaya ba\u015flay\u0131n!\",\"sameAs\":[\"http:\/\/www.enucuzu.com\/blog\"],\"url\":\"https:\/\/www.enucuzu.com\/blog\/yazar\/enucuzu-com\"}]}<\/script>\n<!-- \/ Yoast SEO plugin. -->","yoast_head_json":{"title":"Oktoberfest (Ekim Festivali) 2025 Nedir? Ne Zaman? (\u0130pu\u00e7lar\u0131) - Enucuzu Blog","description":"Ekim Festivali olarak da bilinen Oktoberfest nedir, neden kutlan\u0131r, bu sene ne zaman kutlanacak ve kat\u0131l\u0131mc\u0131lar nelere dikkat etmeli?","robots":{"index":"index","follow":"follow","max-snippet":"max-snippet:-1","max-image-preview":"max-image-preview:large","max-video-preview":"max-video-preview:-1"},"canonical":"https:\/\/www.enucuzu.com\/blog\/oktoberfest-ekim-festivali","og_locale":"tr_TR","og_type":"article","og_title":"Oktoberfest (Ekim Festivali) 2025 Nedir? Ne Zaman? (\u0130pu\u00e7lar\u0131) - Enucuzu Blog","og_description":"Ekim Festivali olarak da bilinen Oktoberfest nedir, neden kutlan\u0131r, bu sene ne zaman kutlanacak ve kat\u0131l\u0131mc\u0131lar nelere dikkat etmeli?","og_url":"https:\/\/www.enucuzu.com\/blog\/oktoberfest-ekim-festivali","og_site_name":"Enucuzu Blog","article_publisher":"https:\/\/www.facebook.com\/eenucuzucom","article_published_time":"2025-01-20T07:45:46+00:00","article_modified_time":"2025-01-20T07:45:55+00:00","og_image":[{"width":1200,"height":675,"url":"https:\/\/www.enucuzu.com\/blog\/wp-content\/uploads\/2024\/09\/oktoberfest-ekim-festivali-nedir-ne-zaman.webp","type":"image\/webp"}],"author":"Enucuzu.com","twitter_card":"summary_large_image","twitter_creator":"@ComEnucuzu","twitter_site":"@ComEnucuzu","twitter_misc":{"Yazan:":"Enucuzu.com","Tahmini okuma s\u00fcresi":"7 dakika"},"schema":{"@context":"https:\/\/schema.org","@graph":[{"@type":"Article","@id":"https:\/\/www.enucuzu.com\/blog\/oktoberfest-ekim-festivali#article","isPartOf":{"@id":"https:\/\/www.enucuzu.com\/blog\/oktoberfest-ekim-festivali"},"author":{"name":"Enucuzu.com","@id":"https:\/\/www.enucuzu.com\/blog\/#\/schema\/person\/c8da9ab007d48619220989a1b3fc4c5d"},"headline":"Oktoberfest (Ekim Festivali) 2025 Nedir? Ne Zaman? (\u0130pu\u00e7lar\u0131)","datePublished":"2025-01-20T07:45:46+00:00","dateModified":"2025-01-20T07:45:55+00:00","mainEntityOfPage":{"@id":"https:\/\/www.enucuzu.com\/blog\/oktoberfest-ekim-festivali"},"wordCount":1155,"commentCount":0,"publisher":{"@id":"https:\/\/www.enucuzu.com\/blog\/#organization"},"image":{"@id":"https:\/\/www.enucuzu.com\/blog\/oktoberfest-ekim-festivali#primaryimage"},"thumbnailUrl":"https:\/\/www.enucuzu.com\/blog\/wp-content\/uploads\/2024\/09\/oktoberfest-ekim-festivali-nedir-ne-zaman.webp","keywords":["Ekim Festivali","Oktoberfest"],"articleSection":["Rehber"],"inLanguage":"tr","potentialAction":[{"@type":"CommentAction","name":"Comment","target":["https:\/\/www.enucuzu.com\/blog\/oktoberfest-ekim-festivali#respond"]}]},{"@type":"WebPage","@id":"https:\/\/www.enucuzu.com\/blog\/oktoberfest-ekim-festivali","url":"https:\/\/www.enucuzu.com\/blog\/oktoberfest-ekim-festivali","name":"Oktoberfest (Ekim Festivali) 2025 Nedir? Ne Zaman? (\u0130pu\u00e7lar\u0131) - Enucuzu Blog","isPartOf":{"@id":"https:\/\/www.enucuzu.com\/blog\/#website"},"primaryImageOfPage":{"@id":"https:\/\/www.enucuzu.com\/blog\/oktoberfest-ekim-festivali#primaryimage"},"image":{"@id":"https:\/\/www.enucuzu.com\/blog\/oktoberfest-ekim-festivali#primaryimage"},"thumbnailUrl":"https:\/\/www.enucuzu.com\/blog\/wp-content\/uploads\/2024\/09\/oktoberfest-ekim-festivali-nedir-ne-zaman.webp","datePublished":"2025-01-20T07:45:46+00:00","dateModified":"2025-01-20T07:45:55+00:00","description":"Ekim Festivali olarak da bilinen Oktoberfest nedir, neden kutlan\u0131r, bu sene ne zaman kutlanacak ve kat\u0131l\u0131mc\u0131lar nelere dikkat etmeli?","breadcrumb":{"@id":"https:\/\/www.enucuzu.com\/blog\/oktoberfest-ekim-festivali#breadcrumb"},"inLanguage":"tr","potentialAction":[{"@type":"ReadAction","target":["https:\/\/www.enucuzu.com\/blog\/oktoberfest-ekim-festivali"]}]},{"@type":"ImageObject","inLanguage":"tr","@id":"https:\/\/www.enucuzu.com\/blog\/oktoberfest-ekim-festivali#primaryimage","url":"https:\/\/www.enucuzu.com\/blog\/wp-content\/uploads\/2024\/09\/oktoberfest-ekim-festivali-nedir-ne-zaman.webp","contentUrl":"https:\/\/www.enucuzu.com\/blog\/wp-content\/uploads\/2024\/09\/oktoberfest-ekim-festivali-nedir-ne-zaman.webp","width":1200,"height":675,"caption":"Oktoberfest (Ekim Festivali) Nedir? Ne Zaman? (\u0130pu\u00e7lar\u0131)"},{"@type":"BreadcrumbList","@id":"https:\/\/www.enucuzu.com\/blog\/oktoberfest-ekim-festivali#breadcrumb","itemListElement":[{"@type":"ListItem","position":1,"name":"Ana Sayfa","item":"https:\/\/www.enucuzu.com\/blog\/"},{"@type":"ListItem","position":2,"name":"Oktoberfest (Ekim Festivali) 2025 Nedir? Ne Zaman? (\u0130pu\u00e7lar\u0131)"}]},{"@type":"WebSite","@id":"https:\/\/www.enucuzu.com\/blog\/#website","url":"https:\/\/www.enucuzu.com\/blog\/","name":"Enucuzu Blog","description":"","publisher":{"@id":"https:\/\/www.enucuzu.com\/blog\/#organization"},"alternateName":"Enucuzu Blog","potentialAction":[{"@type":"SearchAction","target":{"@type":"EntryPoint","urlTemplate":"https:\/\/www.enucuzu.com\/blog\/?s={search_term_string}"},"query-input":{"@type":"PropertyValueSpecification","valueRequired":true,"valueName":"search_term_string"}}],"inLanguage":"tr"},{"@type":"Organization","@id":"https:\/\/www.enucuzu.com\/blog\/#organization","name":"Enucuzu.com","alternateName":"Enucuzu","url":"https:\/\/www.enucuzu.com\/blog\/","logo":{"@type":"ImageObject","inLanguage":"tr","@id":"https:\/\/www.enucuzu.com\/blog\/#\/schema\/logo\/image\/","url":"https:\/\/www.enucuzu.com\/blog\/wp-content\/uploads\/2023\/10\/enucuzu-com.webp","contentUrl":"https:\/\/www.enucuzu.com\/blog\/wp-content\/uploads\/2023\/10\/enucuzu-com.webp","width":500,"height":500,"caption":"Enucuzu.com"},"image":{"@id":"https:\/\/www.enucuzu.com\/blog\/#\/schema\/logo\/image\/"},"sameAs":["https:\/\/www.facebook.com\/eenucuzucom","https:\/\/x.com\/ComEnucuzu","https:\/\/www.instagram.com\/enucuzu_com\/"]},{"@type":"Person","@id":"https:\/\/www.enucuzu.com\/blog\/#\/schema\/person\/c8da9ab007d48619220989a1b3fc4c5d","name":"Enucuzu.com","image":{"@type":"ImageObject","inLanguage":"tr","@id":"https:\/\/www.enucuzu.com\/blog\/#\/schema\/person\/image\/","url":"https:\/\/www.enucuzu.com\/blog\/wp-content\/uploads\/2023\/10\/enucuzu-com-profil-96x96.webp","contentUrl":"https:\/\/www.enucuzu.com\/blog\/wp-content\/uploads\/2023\/10\/enucuzu-com-profil-96x96.webp","caption":"Enucuzu.com"},"description":"Enucuzu.com ile en ucuz u\u00e7ak ve otob\u00fcs bileti kampanyalar\u0131n\u0131 takip edin, bir sonraki seyahatinizi \u015fimdiden planmaya ba\u015flay\u0131n!","sameAs":["http:\/\/www.enucuzu.com\/blog"],"url":"https:\/\/www.enucuzu.com\/blog\/yazar\/enucuzu-com"}]}},"_links":{"self":[{"href":"https:\/\/www.enucuzu.com\/blog\/wp-json\/wp\/v2\/posts\/8375"}],"collection":[{"href":"https:\/\/www.enucuzu.com\/blog\/wp-json\/wp\/v2\/posts"}],"about":[{"href":"https:\/\/www.enucuzu.com\/blog\/wp-json\/wp\/v2\/types\/post"}],"author":[{"embeddable":true,"href":"https:\/\/www.enucuzu.com\/blog\/wp-json\/wp\/v2\/users\/1"}],"replies":[{"embeddable":true,"href":"https:\/\/www.enucuzu.com\/blog\/wp-json\/wp\/v2\/comments?post=8375"}],"version-history":[{"count":8,"href":"https:\/\/www.enucuzu.com\/blog\/wp-json\/wp\/v2\/posts\/8375\/revisions"}],"predecessor-version":[{"id":8958,"href":"https:\/\/www.enucuzu.com\/blog\/wp-json\/wp\/v2\/posts\/8375\/revisions\/8958"}],"wp:featuredmedia":[{"embeddable":true,"href":"https:\/\/www.enucuzu.com\/blog\/wp-json\/wp\/v2\/media\/8385"}],"wp:attachment":[{"href":"https:\/\/www.enucuzu.com\/blog\/wp-json\/wp\/v2\/media?parent=8375"}],"wp:term":[{"taxonomy":"category","embeddable":true,"href":"https:\/\/www.enucuzu.com\/blog\/wp-json\/wp\/v2\/categories?post=8375"},{"taxonomy":"post_tag","embeddable":true,"href":"https:\/\/www.enucuzu.com\/blog\/wp-json\/wp\/v2\/tags?post=8375"}],"curies":[{"name":"wp","href":"https:\/\/api.w.org\/{rel}","templated":true}]}}