{"id":9250,"date":"2025-03-04T11:58:11","date_gmt":"2025-03-04T08:58:11","guid":{"rendered":"https:\/\/www.enucuzu.com\/blog\/?p=9250"},"modified":"2025-03-04T11:58:58","modified_gmt":"2025-03-04T08:58:58","slug":"izmir-saat-kulesi","status":"publish","type":"post","link":"https:\/\/www.enucuzu.com\/blog\/izmir-saat-kulesi","title":{"rendered":"\u0130zmir Saat Kulesi: \u00d6zellikleri, Tarihi, Konumu"},"content":{"rendered":"<p>\u0130zmir&#8217;in en \u00f6nemli sembollerinden biri olan \u0130zmir Saat Kulesi, \u0130zmir&#8217;e ilk kez gidenler i\u00e7in g\u00f6r\u00fclmesi gereken yerlerden biridir.<\/p>\n<p>Bu i\u00e7eri\u011fimizde <b>\u0130zmir Saat Kulesi <\/b>ziyaretiniz \u00f6ncesinde ihtiya\u00e7 duyabilece\u011finiz baz\u0131 \u00f6nemli noktalar\u0131 ve bilgileri sizler i\u00e7in derledik. Peki \u0130zmir Saat Kulesi nerede, nas\u0131l gidilir, neden ve ne zaman in\u015fa edildi, \u00f6nemi ve \u00f6zellikleri nedir?<\/p>\n<p>Seyahat etmek istedi\u011finiz konum neresi olursa olsun Enucuzu.com, ba\u015fta u\u00e7ak bileti, otob\u00fcs bileti, otel rezervasyonu ve ara\u00e7 kiralama olmak \u00fczere t\u00fcm seyahat ihtiya\u00e7lar\u0131n\u0131z\u0131 tek bir platform \u00fczerinden kar\u015f\u0131laman\u0131za ve onlarca farkl\u0131 se\u00e7enek aras\u0131ndan en uygun opsiyonu bularak ucuza, taksitli ve indirimli seyahat etmenize yard\u0131mc\u0131 olur. Siz de seyahat ederken tasarruf etmek i\u00e7in hemen Enucuzu.com&#8217;u ziyaret edin ve \u00f6zel indirimlerden yararlan\u0131n!<\/p>\n<p>\u0130zmir Saat Kulesi ziyaretiniz i\u00e7in en ucuz fiyatlarla rezervasyon yapmak i\u00e7in <a href=\"https:\/\/www.enucuzu.com\/ucak-bileti\/izmir\">\u0130zmir u\u00e7ak bileti<\/a> ve <a href=\"https:\/\/www.enucuzu.com\/otobus-bileti\/izmir\">\u0130zmir otob\u00fcs bileti<\/a> sayfalar\u0131m\u0131z\u0131 inceleyebilirsiniz.<\/p>\n<div id=\"ez-toc-container\" class=\"ez-toc-v2_0_73 counter-hierarchy ez-toc-counter ez-toc-custom ez-toc-container-direction\">\n<div class=\"ez-toc-title-container\">\n<p class=\"ez-toc-title\" style=\"cursor:inherit\">\u0130\u00e7indekiler<\/p>\n<span class=\"ez-toc-title-toggle\"><a href=\"#\" class=\"ez-toc-pull-right ez-toc-btn ez-toc-btn-xs ez-toc-btn-default ez-toc-toggle\" aria-label=\"Toggle Table of Content\"><span class=\"ez-toc-js-icon-con\"><span class=\"\"><span class=\"eztoc-hide\" style=\"display:none;\">Toggle<\/span><span class=\"ez-toc-icon-toggle-span\"><svg style=\"fill: #151516;color:#151516\" xmlns=\"http:\/\/www.w3.org\/2000\/svg\" class=\"list-377408\" width=\"20px\" height=\"20px\" viewBox=\"0 0 24 24\" fill=\"none\"><path d=\"M6 6H4v2h2V6zm14 0H8v2h12V6zM4 11h2v2H4v-2zm16 0H8v2h12v-2zM4 16h2v2H4v-2zm16 0H8v2h12v-2z\" fill=\"currentColor\"><\/path><\/svg><svg style=\"fill: #151516;color:#151516\" class=\"arrow-unsorted-368013\" xmlns=\"http:\/\/www.w3.org\/2000\/svg\" width=\"10px\" height=\"10px\" viewBox=\"0 0 24 24\" version=\"1.2\" baseProfile=\"tiny\"><path d=\"M18.2 9.3l-6.2-6.3-6.2 6.3c-.2.2-.3.4-.3.7s.1.5.3.7c.2.2.4.3.7.3h11c.3 0 .5-.1.7-.3.2-.2.3-.5.3-.7s-.1-.5-.3-.7zM5.8 14.7l6.2 6.3 6.2-6.3c.2-.2.3-.5.3-.7s-.1-.5-.3-.7c-.2-.2-.4-.3-.7-.3h-11c-.3 0-.5.1-.7.3-.2.2-.3.5-.3.7s.1.5.3.7z\"\/><\/svg><\/span><\/span><\/span><\/a><\/span><\/div>\n<nav><ul class='ez-toc-list ez-toc-list-level-1 eztoc-toggle-hide-by-default' ><li class='ez-toc-page-1 ez-toc-heading-level-2'><a class=\"ez-toc-link ez-toc-heading-1\" href=\"https:\/\/www.enucuzu.com\/blog\/izmir-saat-kulesi\/#Izmir_Saat_Kulesi_Hakkinda\" title=\"\u0130zmir Saat Kulesi Hakk\u0131nda\">\u0130zmir Saat Kulesi Hakk\u0131nda<\/a><ul class='ez-toc-list-level-3' ><li class='ez-toc-heading-level-3'><a class=\"ez-toc-link ez-toc-heading-2\" href=\"https:\/\/www.enucuzu.com\/blog\/izmir-saat-kulesi\/#Izmir_Saat_Kulesi_Ziyaret_Kosullari\" title=\"\u0130zmir Saat Kulesi Ziyaret Ko\u015fullar\u0131\">\u0130zmir Saat Kulesi Ziyaret Ko\u015fullar\u0131<\/a><\/li><li class='ez-toc-page-1 ez-toc-heading-level-3'><a class=\"ez-toc-link ez-toc-heading-3\" href=\"https:\/\/www.enucuzu.com\/blog\/izmir-saat-kulesi\/#Izmir_Saat_Kulesi_Nerede\" title=\"\u0130zmir Saat Kulesi Nerede?\">\u0130zmir Saat Kulesi Nerede?<\/a><\/li><\/ul><\/li><\/ul><\/nav><\/div>\n<h2><span class=\"ez-toc-section\" id=\"Izmir_Saat_Kulesi_Hakkinda\"><\/span>\u0130zmir Saat Kulesi Hakk\u0131nda<span class=\"ez-toc-section-end\"><\/span><\/h2>\n<ul>\n<li><strong>\u0130zmir Saat Kulesi Nedir?<\/strong> Osmanl\u0131 \u0130mparatorlu\u011fu d\u00f6neminde kalma bir saat kulesidir.<\/li>\n<li><strong>\u0130zmir Saat Kulesi Hangi Saatlerde A\u00e7\u0131k?<\/strong> \u0130zmir Saat Kulesi her zaman ziyaret edilebilir ancak i\u00e7ine girilemez.<\/li>\n<li><strong>\u0130zmir Saat Kulesi Nerede?<\/strong> \u0130zmir&#8217;in Konak il\u00e7esine ba\u011fl\u0131 Konak Meydan\u0131&#8217;ndad\u0131r.<\/li>\n<\/ul>\n<p><strong>\u0130zmir Saat Kulesi<\/strong>, II. Abd\u00fclhamid&#8217;in tahta \u00e7\u0131k\u0131\u015f\u0131n\u0131n 25. y\u0131l d\u00f6n\u00fcm\u00fcn\u00fc kutlamak i\u00e7in Osmanl\u0131 \u0130mparatorlu\u011fu&#8217;nun d\u00f6rt bir yan\u0131na in\u015fa edilmi\u015f \u00e7ok say\u0131da eserden biridir.<\/p>\n<p><img fetchpriority=\"high\" decoding=\"async\" class=\"size-medium wp-image-9254 aligncenter\" src=\"https:\/\/www.enucuzu.com\/blog\/wp-content\/uploads\/2025\/03\/izmir-saat-kulesi-1-1045x675.webp\" alt=\"\u0130zmir Saat Kulesi\" width=\"1045\" height=\"675\" srcset=\"https:\/\/www.enucuzu.com\/blog\/wp-content\/uploads\/2025\/03\/izmir-saat-kulesi-1-1045x675.webp 1045w, https:\/\/www.enucuzu.com\/blog\/wp-content\/uploads\/2025\/03\/izmir-saat-kulesi-1-768x496.webp 768w, https:\/\/www.enucuzu.com\/blog\/wp-content\/uploads\/2025\/03\/izmir-saat-kulesi-1-150x97.webp 150w, https:\/\/www.enucuzu.com\/blog\/wp-content\/uploads\/2025\/03\/izmir-saat-kulesi-1-450x291.webp 450w, https:\/\/www.enucuzu.com\/blog\/wp-content\/uploads\/2025\/03\/izmir-saat-kulesi-1.webp 1200w\" sizes=\"(max-width: 1045px) 100vw, 1045px\" \/><\/p>\n<p>Kule, \u0130zmir&#8217;in Konak il\u00e7esine ba\u011fl\u0131 Konak Meydan\u0131&#8217;na in\u015fa edilmi\u015ftir. O d\u00f6nemlerde kule ve meydan denize daha yak\u0131n olsa da sonraki d\u00f6nemlerde ger\u00e7ekle\u015ftirilen deniz dolguland\u0131rma \u00e7al\u0131\u015fmalar\u0131n\u0131n ard\u0131ndan daha i\u00e7eride kalm\u0131\u015ft\u0131r.<\/p>\n<figure id=\"attachment_9252\" aria-describedby=\"caption-attachment-9252\" style=\"width: 1200px\" class=\"wp-caption aligncenter\"><img decoding=\"async\" class=\"wp-image-9252 size-full\" src=\"https:\/\/www.enucuzu.com\/blog\/wp-content\/uploads\/2025\/03\/izmir-saat-kulesi-gecmis.webp\" alt=\"\u0130zmir Saat Kulesi Hakk\u0131nda\" width=\"1200\" height=\"675\" srcset=\"https:\/\/www.enucuzu.com\/blog\/wp-content\/uploads\/2025\/03\/izmir-saat-kulesi-gecmis.webp 1200w, https:\/\/www.enucuzu.com\/blog\/wp-content\/uploads\/2025\/03\/izmir-saat-kulesi-gecmis-768x432.webp 768w, https:\/\/www.enucuzu.com\/blog\/wp-content\/uploads\/2025\/03\/izmir-saat-kulesi-gecmis-150x84.webp 150w, https:\/\/www.enucuzu.com\/blog\/wp-content\/uploads\/2025\/03\/izmir-saat-kulesi-gecmis-450x253.webp 450w\" sizes=\"(max-width: 1200px) 100vw, 1200px\" \/><figcaption id=\"caption-attachment-9252\" class=\"wp-caption-text\">\u0130zmir Saat Kulesi Eski Hali ve Konumu<\/figcaption><\/figure>\n<p>\u0130zmir Saat Kulesi, Frans\u0131z mimar Raymond Charles P\u00e9r\u00e9 taraf\u0131ndan tasarlanm\u0131\u015f ve 1 Eyl\u00fcl 1900 tarihinde temeli at\u0131ld\u0131ktan sonra II. Abd\u00fclhamid&#8217;in tahta \u00e7\u0131k\u0131\u015f tarihi olan 1 Eyl\u00fcl 1901 tarihinde ger\u00e7ekle\u015ftirilen t\u00f6renle a\u00e7\u0131lm\u0131\u015ft\u0131r.<\/p>\n<p>(P\u00e9r\u00e9, ayn\u0131 zamanda ba\u015fta Kar\u015f\u0131yaka il\u00e7esindeki St. Helen Kilisesi de olmak \u00fczere \u0130zmir&#8217;in d\u00f6rt bir yan\u0131ndaki \u00e7ok say\u0131da \u00f6nemli esere imza atm\u0131\u015ft\u0131r.)<\/p>\n<p>81 metrekare taban \u00fczerine kurulu olan \u0130zmir Saat Kulesi sekizgen bir tasar\u0131ma sahiptir ve zemininde d\u00f6rt adet \u00e7e\u015fme, tepesinde her biri 75 cm \u00e7apa sahip d\u00f6rt saat ve en \u00fcstte tek bir \u00e7an bulunmaktad\u0131r.<\/p>\n<p><img decoding=\"async\" class=\"size-medium wp-image-9255 aligncenter\" src=\"https:\/\/www.enucuzu.com\/blog\/wp-content\/uploads\/2025\/03\/izmir-clock-tower-1014x675.jpg\" alt=\"\u0130zmir Saat Kulesi\" width=\"1014\" height=\"675\" srcset=\"https:\/\/www.enucuzu.com\/blog\/wp-content\/uploads\/2025\/03\/izmir-clock-tower-1014x675.jpg 1014w, https:\/\/www.enucuzu.com\/blog\/wp-content\/uploads\/2025\/03\/izmir-clock-tower-768x511.jpg 768w, https:\/\/www.enucuzu.com\/blog\/wp-content\/uploads\/2025\/03\/izmir-clock-tower-150x100.jpg 150w, https:\/\/www.enucuzu.com\/blog\/wp-content\/uploads\/2025\/03\/izmir-clock-tower-450x300.jpg 450w, https:\/\/www.enucuzu.com\/blog\/wp-content\/uploads\/2025\/03\/izmir-clock-tower.jpg 1200w\" sizes=\"(max-width: 1014px) 100vw, 1014px\" \/><\/p>\n<p>4 katl\u0131 kulenin y\u00fcksekli\u011fi 25 metre civar\u0131nda olup platformunda beyaz mermer, di\u011fer b\u00f6l\u00fcmlerinde ise kesme ta\u015f kullan\u0131lm\u0131\u015ft\u0131r.<\/p>\n<figure id=\"attachment_9253\" aria-describedby=\"caption-attachment-9253\" style=\"width: 1200px\" class=\"wp-caption aligncenter\"><img loading=\"lazy\" decoding=\"async\" class=\"wp-image-9253 size-full\" src=\"https:\/\/www.enucuzu.com\/blog\/wp-content\/uploads\/2025\/03\/izmir-saat-kulesi-3.webp\" alt=\"\u0130zmir Saat Kulesi Nedir\" width=\"1200\" height=\"675\" srcset=\"https:\/\/www.enucuzu.com\/blog\/wp-content\/uploads\/2025\/03\/izmir-saat-kulesi-3.webp 1200w, https:\/\/www.enucuzu.com\/blog\/wp-content\/uploads\/2025\/03\/izmir-saat-kulesi-3-768x432.webp 768w, https:\/\/www.enucuzu.com\/blog\/wp-content\/uploads\/2025\/03\/izmir-saat-kulesi-3-150x84.webp 150w, https:\/\/www.enucuzu.com\/blog\/wp-content\/uploads\/2025\/03\/izmir-saat-kulesi-3-450x253.webp 450w\" sizes=\"(max-width: 1200px) 100vw, 1200px\" \/><figcaption id=\"caption-attachment-9253\" class=\"wp-caption-text\">\u0130zmir Saat Kulesi \u00c7izimi (3D Basitle\u015ftirilmi\u015f)<\/figcaption><\/figure>\n<p>Kulenin orijinal tasar\u0131m\u0131nda II. Abd\u00fclhamid&#8217;in iktidar\u0131n\u0131 yans\u0131tan \u00e7e\u015fitli semboller ile Osmanl\u0131 \u0130mparatorlu\u011fu&#8217;nu yans\u0131tan armalar ve tu\u011fralar bulunsa da Cumhuriyet d\u00f6neminde bu semboller kaz\u0131narak yerlerine ay y\u0131ld\u0131z sembolleri i\u015flenmi\u015ftir.<\/p>\n<p>2019 y\u0131l\u0131nda birka\u00e7 ay s\u00fcren yenileme ve g\u00fc\u00e7lendirme \u00e7al\u0131\u015fmalar\u0131na tabi tutulan kule, (ge\u00e7mi\u015fte) 1928 y\u0131l\u0131nda meydana gelen 6,4 ve 1974 y\u0131l\u0131nda meydana gelen 5,8 b\u00fcy\u00fckl\u00fc\u011f\u00fcndeki depremlerde \u00f6nemli derecede hasar alm\u0131\u015ft\u0131r.<\/p>\n<p>\u0130zmir Saat Kulesi, in\u015fas\u0131ndan bu yana \u0130zmir&#8217;in en \u00f6nemli sembollerinden biri haline gelmi\u015ftir. \u0130zmir B\u00fcy\u00fck\u015fehir Belediyesi&#8217;nin resmi ambleminde kullan\u0131lan \u0130zmir Saat Kulesi, bir d\u00f6nem T\u00fcrk liras\u0131n\u0131n arka y\u00fcz\u00fcnde de kullan\u0131lm\u0131\u015ft\u0131r. Kulenin 1:25 \u00f6l\u00e7ekli bir modeli \u0130stanbul&#8217;daki Miniat\u00fcrk&#8217;te sergilenmektedir.<\/p>\n<h3><span class=\"ez-toc-section\" id=\"Izmir_Saat_Kulesi_Ziyaret_Kosullari\"><\/span>\u0130zmir Saat Kulesi Ziyaret Ko\u015fullar\u0131<span class=\"ez-toc-section-end\"><\/span><\/h3>\n<p>\u0130zmir Saat Kulesi, halka a\u00e7\u0131k bir alanda oldu\u011fundan her zaman ziyaret edilebilir ancak kulenin i\u00e7ine giri\u015f yap\u0131lmas\u0131na izin verilmemektedir.<\/p>\n<h3><span class=\"ez-toc-section\" id=\"Izmir_Saat_Kulesi_Nerede\"><\/span>\u0130zmir Saat Kulesi Nerede?<span class=\"ez-toc-section-end\"><\/span><\/h3>\n<p>\u0130zmir Saat Kulesi, \u0130zmir&#8217;in Konak il\u00e7esine ba\u011fl\u0131 Konak Meydan\u0131&#8217;ndad\u0131r. Konak Camii, \u0130lk Kur\u015fun An\u0131t\u0131 ve Kemeralt\u0131 \u00c7ar\u015f\u0131s\u0131&#8217;na olduk\u00e7a yak\u0131nd\u0131r.<\/p>\n<p><iframe style=\"border: 0;\" src=\"https:\/\/www.google.com\/maps\/embed?pb=!1m18!1m12!1m3!1d3125.976663819233!2d27.12612507635368!3d38.418904174794655!2m3!1f0!2f0!3f0!3m2!1i1024!2i768!4f13.1!3m3!1m2!1s0x14bbd8e22ff7592d%3A0xc3bdd7b1feef0b7a!2sKonak%2C%20%C4%B0zmir%20Saat%20Kulesi%2C%2035360%20Konak%2F%C4%B0zmir!5e0!3m2!1str!2str!4v1741078060642!5m2!1str!2str\" width=\"600\" height=\"450\" allowfullscreen=\"allowfullscreen\"><\/iframe><\/p>\n<p>Seyahat etmek istedi\u011finiz konum neresi olursa olsun Enucuzu.com, ba\u015fta u\u00e7ak bileti, otob\u00fcs bileti, otel rezervasyonu ve ara\u00e7 kiralama olmak \u00fczere t\u00fcm seyahat ihtiya\u00e7lar\u0131n\u0131z\u0131 tek bir platform \u00fczerinden kar\u015f\u0131laman\u0131za ve onlarca farkl\u0131 se\u00e7enek aras\u0131ndan en uygun opsiyonu bularak ucuza, taksitli ve indirimli seyahat etmenize yard\u0131mc\u0131 olur. Siz de seyahat ederken tasarruf etmek i\u00e7in hemen Enucuzu.com&#8217;u ziyaret edin ve \u00f6zel indirimlerden yararlan\u0131n!<\/p>\n<p>\u0130zmir Saat Kulesi ziyaretiniz i\u00e7in en ucuz fiyatlarla rezervasyon yapmak i\u00e7in <a href=\"https:\/\/www.enucuzu.com\/ucak-bileti\/izmir\">\u0130zmir u\u00e7ak bileti<\/a> ve <a href=\"https:\/\/www.enucuzu.com\/otobus-bileti\/izmir\">\u0130zmir otob\u00fcs bileti<\/a> sayfalar\u0131m\u0131z\u0131 inceleyebilirsiniz.<\/p>\n","protected":false},"excerpt":{"rendered":"<p>\u0130zmir&#8217;in en \u00f6nemli sembollerinden biri olan \u0130zmir Saat Kulesi, \u0130zmir&#8217;e ilk kez gidenler i\u00e7in g\u00f6r\u00fclmesi gereken yerlerden biridir. Bu i\u00e7eri\u011fimizde \u0130zmir Saat Kulesi ziyaretiniz \u00f6ncesinde ihtiya\u00e7 duyabilece\u011finiz baz\u0131 \u00f6nemli noktalar\u0131 ve bilgileri sizler i\u00e7in derledik. Peki \u0130zmir Saat Kulesi nerede, nas\u0131l gidilir, neden ve ne zaman in\u015fa edildi, \u00f6nemi ve \u00f6zellikleri nedir? Seyahat etmek istedi\u011finiz<\/p>\n","protected":false},"author":1,"featured_media":9257,"comment_status":"open","ping_status":"open","sticky":false,"template":"","format":"standard","meta":{"footnotes":""},"categories":[1],"tags":[370,871,873,872],"yoast_head":"<!-- This site is optimized with the Yoast SEO plugin v24.5 - https:\/\/yoast.com\/wordpress\/plugins\/seo\/ -->\n<title>\u0130zmir Saat Kulesi: \u00d6zellikleri, Tarihi, Konumu - Enucuzu Blog<\/title>\n<meta name=\"robots\" content=\"index, follow, max-snippet:-1, max-image-preview:large, max-video-preview:-1\" \/>\n<link rel=\"canonical\" href=\"https:\/\/www.enucuzu.com\/blog\/izmir-saat-kulesi\" \/>\n<meta property=\"og:locale\" content=\"tr_TR\" \/>\n<meta property=\"og:type\" content=\"article\" \/>\n<meta property=\"og:title\" content=\"\u0130zmir Saat Kulesi: \u00d6zellikleri, Tarihi, Konumu - Enucuzu Blog\" \/>\n<meta property=\"og:description\" content=\"\u0130zmir&#8217;in en \u00f6nemli sembollerinden biri olan \u0130zmir Saat Kulesi, \u0130zmir&#8217;e ilk kez gidenler i\u00e7in g\u00f6r\u00fclmesi gereken yerlerden biridir. Bu i\u00e7eri\u011fimizde \u0130zmir Saat Kulesi ziyaretiniz \u00f6ncesinde ihtiya\u00e7 duyabilece\u011finiz baz\u0131 \u00f6nemli noktalar\u0131 ve bilgileri sizler i\u00e7in derledik. Peki \u0130zmir Saat Kulesi nerede, nas\u0131l gidilir, neden ve ne zaman in\u015fa edildi, \u00f6nemi ve \u00f6zellikleri nedir? Seyahat etmek istedi\u011finiz\" \/>\n<meta property=\"og:url\" content=\"https:\/\/www.enucuzu.com\/blog\/izmir-saat-kulesi\" \/>\n<meta property=\"og:site_name\" content=\"Enucuzu Blog\" \/>\n<meta property=\"article:publisher\" content=\"https:\/\/www.facebook.com\/eenucuzucom\" \/>\n<meta property=\"article:published_time\" content=\"2025-03-04T08:58:11+00:00\" \/>\n<meta property=\"article:modified_time\" content=\"2025-03-04T08:58:58+00:00\" \/>\n<meta property=\"og:image\" content=\"https:\/\/www.enucuzu.com\/blog\/wp-content\/uploads\/2025\/03\/izmir-saat-kulesi.webp\" \/>\n\t<meta property=\"og:image:width\" content=\"1200\" \/>\n\t<meta property=\"og:image:height\" content=\"675\" \/>\n\t<meta property=\"og:image:type\" content=\"image\/webp\" \/>\n<meta name=\"author\" content=\"Enucuzu.com\" \/>\n<meta name=\"twitter:card\" content=\"summary_large_image\" \/>\n<meta name=\"twitter:creator\" content=\"@ComEnucuzu\" \/>\n<meta name=\"twitter:site\" content=\"@ComEnucuzu\" \/>\n<meta name=\"twitter:label1\" content=\"Yazan:\" \/>\n\t<meta name=\"twitter:data1\" content=\"Enucuzu.com\" \/>\n\t<meta name=\"twitter:label2\" content=\"Tahmini okuma s\u00fcresi\" \/>\n\t<meta name=\"twitter:data2\" content=\"5 dakika\" \/>\n<script type=\"application\/ld+json\" class=\"yoast-schema-graph\">{\"@context\":\"https:\/\/schema.org\",\"@graph\":[{\"@type\":\"Article\",\"@id\":\"https:\/\/www.enucuzu.com\/blog\/izmir-saat-kulesi#article\",\"isPartOf\":{\"@id\":\"https:\/\/www.enucuzu.com\/blog\/izmir-saat-kulesi\"},\"author\":{\"name\":\"Enucuzu.com\",\"@id\":\"https:\/\/www.enucuzu.com\/blog\/#\/schema\/person\/c8da9ab007d48619220989a1b3fc4c5d\"},\"headline\":\"\u0130zmir Saat Kulesi: \u00d6zellikleri, Tarihi, Konumu\",\"datePublished\":\"2025-03-04T08:58:11+00:00\",\"dateModified\":\"2025-03-04T08:58:58+00:00\",\"mainEntityOfPage\":{\"@id\":\"https:\/\/www.enucuzu.com\/blog\/izmir-saat-kulesi\"},\"wordCount\":770,\"commentCount\":0,\"publisher\":{\"@id\":\"https:\/\/www.enucuzu.com\/blog\/#organization\"},\"image\":{\"@id\":\"https:\/\/www.enucuzu.com\/blog\/izmir-saat-kulesi#primaryimage\"},\"thumbnailUrl\":\"https:\/\/www.enucuzu.com\/blog\/wp-content\/uploads\/2025\/03\/izmir-saat-kulesi.webp\",\"keywords\":[\"\u0130zmir\",\"\u0130zmir Saat Kulesi\",\"Konak\",\"Saat Kulesi\"],\"articleSection\":[\"Rehber\"],\"inLanguage\":\"tr\",\"potentialAction\":[{\"@type\":\"CommentAction\",\"name\":\"Comment\",\"target\":[\"https:\/\/www.enucuzu.com\/blog\/izmir-saat-kulesi#respond\"]}]},{\"@type\":\"WebPage\",\"@id\":\"https:\/\/www.enucuzu.com\/blog\/izmir-saat-kulesi\",\"url\":\"https:\/\/www.enucuzu.com\/blog\/izmir-saat-kulesi\",\"name\":\"\u0130zmir Saat Kulesi: \u00d6zellikleri, Tarihi, Konumu - Enucuzu Blog\",\"isPartOf\":{\"@id\":\"https:\/\/www.enucuzu.com\/blog\/#website\"},\"primaryImageOfPage\":{\"@id\":\"https:\/\/www.enucuzu.com\/blog\/izmir-saat-kulesi#primaryimage\"},\"image\":{\"@id\":\"https:\/\/www.enucuzu.com\/blog\/izmir-saat-kulesi#primaryimage\"},\"thumbnailUrl\":\"https:\/\/www.enucuzu.com\/blog\/wp-content\/uploads\/2025\/03\/izmir-saat-kulesi.webp\",\"datePublished\":\"2025-03-04T08:58:11+00:00\",\"dateModified\":\"2025-03-04T08:58:58+00:00\",\"breadcrumb\":{\"@id\":\"https:\/\/www.enucuzu.com\/blog\/izmir-saat-kulesi#breadcrumb\"},\"inLanguage\":\"tr\",\"potentialAction\":[{\"@type\":\"ReadAction\",\"target\":[\"https:\/\/www.enucuzu.com\/blog\/izmir-saat-kulesi\"]}]},{\"@type\":\"ImageObject\",\"inLanguage\":\"tr\",\"@id\":\"https:\/\/www.enucuzu.com\/blog\/izmir-saat-kulesi#primaryimage\",\"url\":\"https:\/\/www.enucuzu.com\/blog\/wp-content\/uploads\/2025\/03\/izmir-saat-kulesi.webp\",\"contentUrl\":\"https:\/\/www.enucuzu.com\/blog\/wp-content\/uploads\/2025\/03\/izmir-saat-kulesi.webp\",\"width\":1200,\"height\":675,\"caption\":\"\u0130zmir Saat Kulesi: \u00d6zellikleri, Tarihi, Konumu\"},{\"@type\":\"BreadcrumbList\",\"@id\":\"https:\/\/www.enucuzu.com\/blog\/izmir-saat-kulesi#breadcrumb\",\"itemListElement\":[{\"@type\":\"ListItem\",\"position\":1,\"name\":\"Ana Sayfa\",\"item\":\"https:\/\/www.enucuzu.com\/blog\/\"},{\"@type\":\"ListItem\",\"position\":2,\"name\":\"\u0130zmir Saat Kulesi: \u00d6zellikleri, Tarihi, Konumu\"}]},{\"@type\":\"WebSite\",\"@id\":\"https:\/\/www.enucuzu.com\/blog\/#website\",\"url\":\"https:\/\/www.enucuzu.com\/blog\/\",\"name\":\"Enucuzu Blog\",\"description\":\"\",\"publisher\":{\"@id\":\"https:\/\/www.enucuzu.com\/blog\/#organization\"},\"alternateName\":\"Enucuzu Blog\",\"potentialAction\":[{\"@type\":\"SearchAction\",\"target\":{\"@type\":\"EntryPoint\",\"urlTemplate\":\"https:\/\/www.enucuzu.com\/blog\/?s={search_term_string}\"},\"query-input\":{\"@type\":\"PropertyValueSpecification\",\"valueRequired\":true,\"valueName\":\"search_term_string\"}}],\"inLanguage\":\"tr\"},{\"@type\":\"Organization\",\"@id\":\"https:\/\/www.enucuzu.com\/blog\/#organization\",\"name\":\"Enucuzu.com\",\"alternateName\":\"Enucuzu\",\"url\":\"https:\/\/www.enucuzu.com\/blog\/\",\"logo\":{\"@type\":\"ImageObject\",\"inLanguage\":\"tr\",\"@id\":\"https:\/\/www.enucuzu.com\/blog\/#\/schema\/logo\/image\/\",\"url\":\"https:\/\/www.enucuzu.com\/blog\/wp-content\/uploads\/2023\/10\/enucuzu-com.webp\",\"contentUrl\":\"https:\/\/www.enucuzu.com\/blog\/wp-content\/uploads\/2023\/10\/enucuzu-com.webp\",\"width\":500,\"height\":500,\"caption\":\"Enucuzu.com\"},\"image\":{\"@id\":\"https:\/\/www.enucuzu.com\/blog\/#\/schema\/logo\/image\/\"},\"sameAs\":[\"https:\/\/www.facebook.com\/eenucuzucom\",\"https:\/\/x.com\/ComEnucuzu\",\"https:\/\/www.instagram.com\/enucuzu_com\/\"]},{\"@type\":\"Person\",\"@id\":\"https:\/\/www.enucuzu.com\/blog\/#\/schema\/person\/c8da9ab007d48619220989a1b3fc4c5d\",\"name\":\"Enucuzu.com\",\"image\":{\"@type\":\"ImageObject\",\"inLanguage\":\"tr\",\"@id\":\"https:\/\/www.enucuzu.com\/blog\/#\/schema\/person\/image\/\",\"url\":\"https:\/\/www.enucuzu.com\/blog\/wp-content\/uploads\/2023\/10\/enucuzu-com-profil-96x96.webp\",\"contentUrl\":\"https:\/\/www.enucuzu.com\/blog\/wp-content\/uploads\/2023\/10\/enucuzu-com-profil-96x96.webp\",\"caption\":\"Enucuzu.com\"},\"description\":\"Enucuzu.com ile en ucuz u\u00e7ak ve otob\u00fcs bileti kampanyalar\u0131n\u0131 takip edin, bir sonraki seyahatinizi \u015fimdiden planmaya ba\u015flay\u0131n!\",\"sameAs\":[\"http:\/\/www.enucuzu.com\/blog\"],\"url\":\"https:\/\/www.enucuzu.com\/blog\/yazar\/enucuzu-com\"}]}<\/script>\n<!-- \/ Yoast SEO plugin. -->","yoast_head_json":{"title":"\u0130zmir Saat Kulesi: \u00d6zellikleri, Tarihi, Konumu - Enucuzu Blog","robots":{"index":"index","follow":"follow","max-snippet":"max-snippet:-1","max-image-preview":"max-image-preview:large","max-video-preview":"max-video-preview:-1"},"canonical":"https:\/\/www.enucuzu.com\/blog\/izmir-saat-kulesi","og_locale":"tr_TR","og_type":"article","og_title":"\u0130zmir Saat Kulesi: \u00d6zellikleri, Tarihi, Konumu - Enucuzu Blog","og_description":"\u0130zmir&#8217;in en \u00f6nemli sembollerinden biri olan \u0130zmir Saat Kulesi, \u0130zmir&#8217;e ilk kez gidenler i\u00e7in g\u00f6r\u00fclmesi gereken yerlerden biridir. Bu i\u00e7eri\u011fimizde \u0130zmir Saat Kulesi ziyaretiniz \u00f6ncesinde ihtiya\u00e7 duyabilece\u011finiz baz\u0131 \u00f6nemli noktalar\u0131 ve bilgileri sizler i\u00e7in derledik. Peki \u0130zmir Saat Kulesi nerede, nas\u0131l gidilir, neden ve ne zaman in\u015fa edildi, \u00f6nemi ve \u00f6zellikleri nedir? Seyahat etmek istedi\u011finiz","og_url":"https:\/\/www.enucuzu.com\/blog\/izmir-saat-kulesi","og_site_name":"Enucuzu Blog","article_publisher":"https:\/\/www.facebook.com\/eenucuzucom","article_published_time":"2025-03-04T08:58:11+00:00","article_modified_time":"2025-03-04T08:58:58+00:00","og_image":[{"width":1200,"height":675,"url":"https:\/\/www.enucuzu.com\/blog\/wp-content\/uploads\/2025\/03\/izmir-saat-kulesi.webp","type":"image\/webp"}],"author":"Enucuzu.com","twitter_card":"summary_large_image","twitter_creator":"@ComEnucuzu","twitter_site":"@ComEnucuzu","twitter_misc":{"Yazan:":"Enucuzu.com","Tahmini okuma s\u00fcresi":"5 dakika"},"schema":{"@context":"https:\/\/schema.org","@graph":[{"@type":"Article","@id":"https:\/\/www.enucuzu.com\/blog\/izmir-saat-kulesi#article","isPartOf":{"@id":"https:\/\/www.enucuzu.com\/blog\/izmir-saat-kulesi"},"author":{"name":"Enucuzu.com","@id":"https:\/\/www.enucuzu.com\/blog\/#\/schema\/person\/c8da9ab007d48619220989a1b3fc4c5d"},"headline":"\u0130zmir Saat Kulesi: \u00d6zellikleri, Tarihi, Konumu","datePublished":"2025-03-04T08:58:11+00:00","dateModified":"2025-03-04T08:58:58+00:00","mainEntityOfPage":{"@id":"https:\/\/www.enucuzu.com\/blog\/izmir-saat-kulesi"},"wordCount":770,"commentCount":0,"publisher":{"@id":"https:\/\/www.enucuzu.com\/blog\/#organization"},"image":{"@id":"https:\/\/www.enucuzu.com\/blog\/izmir-saat-kulesi#primaryimage"},"thumbnailUrl":"https:\/\/www.enucuzu.com\/blog\/wp-content\/uploads\/2025\/03\/izmir-saat-kulesi.webp","keywords":["\u0130zmir","\u0130zmir Saat Kulesi","Konak","Saat Kulesi"],"articleSection":["Rehber"],"inLanguage":"tr","potentialAction":[{"@type":"CommentAction","name":"Comment","target":["https:\/\/www.enucuzu.com\/blog\/izmir-saat-kulesi#respond"]}]},{"@type":"WebPage","@id":"https:\/\/www.enucuzu.com\/blog\/izmir-saat-kulesi","url":"https:\/\/www.enucuzu.com\/blog\/izmir-saat-kulesi","name":"\u0130zmir Saat Kulesi: \u00d6zellikleri, Tarihi, Konumu - Enucuzu Blog","isPartOf":{"@id":"https:\/\/www.enucuzu.com\/blog\/#website"},"primaryImageOfPage":{"@id":"https:\/\/www.enucuzu.com\/blog\/izmir-saat-kulesi#primaryimage"},"image":{"@id":"https:\/\/www.enucuzu.com\/blog\/izmir-saat-kulesi#primaryimage"},"thumbnailUrl":"https:\/\/www.enucuzu.com\/blog\/wp-content\/uploads\/2025\/03\/izmir-saat-kulesi.webp","datePublished":"2025-03-04T08:58:11+00:00","dateModified":"2025-03-04T08:58:58+00:00","breadcrumb":{"@id":"https:\/\/www.enucuzu.com\/blog\/izmir-saat-kulesi#breadcrumb"},"inLanguage":"tr","potentialAction":[{"@type":"ReadAction","target":["https:\/\/www.enucuzu.com\/blog\/izmir-saat-kulesi"]}]},{"@type":"ImageObject","inLanguage":"tr","@id":"https:\/\/www.enucuzu.com\/blog\/izmir-saat-kulesi#primaryimage","url":"https:\/\/www.enucuzu.com\/blog\/wp-content\/uploads\/2025\/03\/izmir-saat-kulesi.webp","contentUrl":"https:\/\/www.enucuzu.com\/blog\/wp-content\/uploads\/2025\/03\/izmir-saat-kulesi.webp","width":1200,"height":675,"caption":"\u0130zmir Saat Kulesi: \u00d6zellikleri, Tarihi, Konumu"},{"@type":"BreadcrumbList","@id":"https:\/\/www.enucuzu.com\/blog\/izmir-saat-kulesi#breadcrumb","itemListElement":[{"@type":"ListItem","position":1,"name":"Ana Sayfa","item":"https:\/\/www.enucuzu.com\/blog\/"},{"@type":"ListItem","position":2,"name":"\u0130zmir Saat Kulesi: \u00d6zellikleri, Tarihi, Konumu"}]},{"@type":"WebSite","@id":"https:\/\/www.enucuzu.com\/blog\/#website","url":"https:\/\/www.enucuzu.com\/blog\/","name":"Enucuzu Blog","description":"","publisher":{"@id":"https:\/\/www.enucuzu.com\/blog\/#organization"},"alternateName":"Enucuzu Blog","potentialAction":[{"@type":"SearchAction","target":{"@type":"EntryPoint","urlTemplate":"https:\/\/www.enucuzu.com\/blog\/?s={search_term_string}"},"query-input":{"@type":"PropertyValueSpecification","valueRequired":true,"valueName":"search_term_string"}}],"inLanguage":"tr"},{"@type":"Organization","@id":"https:\/\/www.enucuzu.com\/blog\/#organization","name":"Enucuzu.com","alternateName":"Enucuzu","url":"https:\/\/www.enucuzu.com\/blog\/","logo":{"@type":"ImageObject","inLanguage":"tr","@id":"https:\/\/www.enucuzu.com\/blog\/#\/schema\/logo\/image\/","url":"https:\/\/www.enucuzu.com\/blog\/wp-content\/uploads\/2023\/10\/enucuzu-com.webp","contentUrl":"https:\/\/www.enucuzu.com\/blog\/wp-content\/uploads\/2023\/10\/enucuzu-com.webp","width":500,"height":500,"caption":"Enucuzu.com"},"image":{"@id":"https:\/\/www.enucuzu.com\/blog\/#\/schema\/logo\/image\/"},"sameAs":["https:\/\/www.facebook.com\/eenucuzucom","https:\/\/x.com\/ComEnucuzu","https:\/\/www.instagram.com\/enucuzu_com\/"]},{"@type":"Person","@id":"https:\/\/www.enucuzu.com\/blog\/#\/schema\/person\/c8da9ab007d48619220989a1b3fc4c5d","name":"Enucuzu.com","image":{"@type":"ImageObject","inLanguage":"tr","@id":"https:\/\/www.enucuzu.com\/blog\/#\/schema\/person\/image\/","url":"https:\/\/www.enucuzu.com\/blog\/wp-content\/uploads\/2023\/10\/enucuzu-com-profil-96x96.webp","contentUrl":"https:\/\/www.enucuzu.com\/blog\/wp-content\/uploads\/2023\/10\/enucuzu-com-profil-96x96.webp","caption":"Enucuzu.com"},"description":"Enucuzu.com ile en ucuz u\u00e7ak ve otob\u00fcs bileti kampanyalar\u0131n\u0131 takip edin, bir sonraki seyahatinizi \u015fimdiden planmaya ba\u015flay\u0131n!","sameAs":["http:\/\/www.enucuzu.com\/blog"],"url":"https:\/\/www.enucuzu.com\/blog\/yazar\/enucuzu-com"}]}},"_links":{"self":[{"href":"https:\/\/www.enucuzu.com\/blog\/wp-json\/wp\/v2\/posts\/9250"}],"collection":[{"href":"https:\/\/www.enucuzu.com\/blog\/wp-json\/wp\/v2\/posts"}],"about":[{"href":"https:\/\/www.enucuzu.com\/blog\/wp-json\/wp\/v2\/types\/post"}],"author":[{"embeddable":true,"href":"https:\/\/www.enucuzu.com\/blog\/wp-json\/wp\/v2\/users\/1"}],"replies":[{"embeddable":true,"href":"https:\/\/www.enucuzu.com\/blog\/wp-json\/wp\/v2\/comments?post=9250"}],"version-history":[{"count":4,"href":"https:\/\/www.enucuzu.com\/blog\/wp-json\/wp\/v2\/posts\/9250\/revisions"}],"predecessor-version":[{"id":9259,"href":"https:\/\/www.enucuzu.com\/blog\/wp-json\/wp\/v2\/posts\/9250\/revisions\/9259"}],"wp:featuredmedia":[{"embeddable":true,"href":"https:\/\/www.enucuzu.com\/blog\/wp-json\/wp\/v2\/media\/9257"}],"wp:attachment":[{"href":"https:\/\/www.enucuzu.com\/blog\/wp-json\/wp\/v2\/media?parent=9250"}],"wp:term":[{"taxonomy":"category","embeddable":true,"href":"https:\/\/www.enucuzu.com\/blog\/wp-json\/wp\/v2\/categories?post=9250"},{"taxonomy":"post_tag","embeddable":true,"href":"https:\/\/www.enucuzu.com\/blog\/wp-json\/wp\/v2\/tags?post=9250"}],"curies":[{"name":"wp","href":"https:\/\/api.w.org\/{rel}","templated":true}]}}