{"id":9378,"date":"2025-03-26T13:45:17","date_gmt":"2025-03-26T10:45:17","guid":{"rendered":"https:\/\/www.enucuzu.com\/blog\/?p=9378"},"modified":"2025-03-26T13:46:19","modified_gmt":"2025-03-26T10:46:19","slug":"van-ferit-melen-havalimani-ulasim-rehberi","status":"publish","type":"post","link":"https:\/\/www.enucuzu.com\/blog\/van-ferit-melen-havalimani-ulasim-rehberi","title":{"rendered":"Van Ferit Melen Havaliman\u0131 Ula\u015f\u0131m Rehberi"},"content":{"rendered":"<p>Van, T\u00fcrkiye\u2019nin en b\u00fcy\u00fck g\u00f6l\u00fcne sahip olmas\u0131n\u0131n yan\u0131 s\u0131ra tarihi mekanlar\u0131, kahvalt\u0131s\u0131 ve elbette kedisi ile olduk\u00e7a pop\u00fcler bir \u015fehrimizdir.<\/p>\n<p>Bir sonraki Van seyahatinizde havaliman\u0131ndan \u015fehir merkezine ve \u015fehir merkezinden havaliman\u0131na nas\u0131l gidebilece\u011finizi <strong>Van Ferit Melen Havaliman\u0131 Ula\u015f\u0131m Rehberi<\/strong> ile \u00f6\u011frenebilirsiniz.<\/p>\n<p><a href=\"https:\/\/www.enucuzu.com\/\" target=\"_blank\" rel=\"noopener\">Enucuzu<\/a>, ba\u015fta u\u00e7ak bileti, otob\u00fcs bileti ve otel rezervasyonu olmak \u00fczere t\u00fcm seyahat ihtiya\u00e7lar\u0131n\u0131z\u0131 tek bir platform \u00fczerinden kar\u015f\u0131laman\u0131za ve onlarca farkl\u0131 se\u00e7enek aras\u0131ndan en uygun opsiyonu bularak ucuza, taksitli ve indirimli seyahat etmenize yard\u0131mc\u0131 olur.<\/p>\n<div id=\"ez-toc-container\" class=\"ez-toc-v2_0_73 counter-hierarchy ez-toc-counter ez-toc-custom ez-toc-container-direction\">\n<div class=\"ez-toc-title-container\">\n<p class=\"ez-toc-title\" style=\"cursor:inherit\">\u0130\u00e7indekiler<\/p>\n<span class=\"ez-toc-title-toggle\"><a href=\"#\" class=\"ez-toc-pull-right ez-toc-btn ez-toc-btn-xs ez-toc-btn-default ez-toc-toggle\" aria-label=\"Toggle Table of Content\"><span class=\"ez-toc-js-icon-con\"><span class=\"\"><span class=\"eztoc-hide\" style=\"display:none;\">Toggle<\/span><span class=\"ez-toc-icon-toggle-span\"><svg style=\"fill: #151516;color:#151516\" xmlns=\"http:\/\/www.w3.org\/2000\/svg\" class=\"list-377408\" width=\"20px\" height=\"20px\" viewBox=\"0 0 24 24\" fill=\"none\"><path d=\"M6 6H4v2h2V6zm14 0H8v2h12V6zM4 11h2v2H4v-2zm16 0H8v2h12v-2zM4 16h2v2H4v-2zm16 0H8v2h12v-2z\" fill=\"currentColor\"><\/path><\/svg><svg style=\"fill: #151516;color:#151516\" class=\"arrow-unsorted-368013\" xmlns=\"http:\/\/www.w3.org\/2000\/svg\" width=\"10px\" height=\"10px\" viewBox=\"0 0 24 24\" version=\"1.2\" baseProfile=\"tiny\"><path d=\"M18.2 9.3l-6.2-6.3-6.2 6.3c-.2.2-.3.4-.3.7s.1.5.3.7c.2.2.4.3.7.3h11c.3 0 .5-.1.7-.3.2-.2.3-.5.3-.7s-.1-.5-.3-.7zM5.8 14.7l6.2 6.3 6.2-6.3c.2-.2.3-.5.3-.7s-.1-.5-.3-.7c-.2-.2-.4-.3-.7-.3h-11c-.3 0-.5.1-.7.3-.2.2-.3.5-.3.7s.1.5.3.7z\"\/><\/svg><\/span><\/span><\/span><\/a><\/span><\/div>\n<nav><ul class='ez-toc-list ez-toc-list-level-1 eztoc-toggle-hide-by-default' ><li class='ez-toc-page-1 ez-toc-heading-level-2'><a class=\"ez-toc-link ez-toc-heading-1\" href=\"https:\/\/www.enucuzu.com\/blog\/van-ferit-melen-havalimani-ulasim-rehberi\/#Vandaki_Havalimanlari\" title=\"Van&#8217;daki Havalimanlar\u0131\">Van&#8217;daki Havalimanlar\u0131<\/a><\/li><li class='ez-toc-page-1 ez-toc-heading-level-2'><a class=\"ez-toc-link ez-toc-heading-2\" href=\"https:\/\/www.enucuzu.com\/blog\/van-ferit-melen-havalimani-ulasim-rehberi\/#Van_Sehir_Merkezinden_Van_Havalimanina_Ulasim\" title=\"Van \u015eehir Merkezinden Van Havaliman\u0131&#8217;na Ula\u015f\u0131m\">Van \u015eehir Merkezinden Van Havaliman\u0131&#8217;na Ula\u015f\u0131m<\/a><ul class='ez-toc-list-level-3' ><li class='ez-toc-heading-level-3'><a class=\"ez-toc-link ez-toc-heading-3\" href=\"https:\/\/www.enucuzu.com\/blog\/van-ferit-melen-havalimani-ulasim-rehberi\/#Araba_ile\" title=\"Araba ile\">Araba ile<\/a><\/li><li class='ez-toc-page-1 ez-toc-heading-level-3'><a class=\"ez-toc-link ez-toc-heading-4\" href=\"https:\/\/www.enucuzu.com\/blog\/van-ferit-melen-havalimani-ulasim-rehberi\/#Otobus_ile\" title=\"Otob\u00fcs ile\">Otob\u00fcs ile<\/a><\/li><\/ul><\/li><li class='ez-toc-page-1 ez-toc-heading-level-2'><a class=\"ez-toc-link ez-toc-heading-5\" href=\"https:\/\/www.enucuzu.com\/blog\/van-ferit-melen-havalimani-ulasim-rehberi\/#Van_Havalimanindan_Van_Sehir_Merkezine_Ulasim\" title=\"Van Havaliman\u0131&#8217;ndan Van \u015eehir Merkezine Ula\u015f\u0131m\">Van Havaliman\u0131&#8217;ndan Van \u015eehir Merkezine Ula\u015f\u0131m<\/a><ul class='ez-toc-list-level-3' ><li class='ez-toc-heading-level-3'><a class=\"ez-toc-link ez-toc-heading-6\" href=\"https:\/\/www.enucuzu.com\/blog\/van-ferit-melen-havalimani-ulasim-rehberi\/#Araba_ile-2\" title=\"Araba ile\">Araba ile<\/a><\/li><li class='ez-toc-page-1 ez-toc-heading-level-3'><a class=\"ez-toc-link ez-toc-heading-7\" href=\"https:\/\/www.enucuzu.com\/blog\/van-ferit-melen-havalimani-ulasim-rehberi\/#Otobus_ile-2\" title=\"Otob\u00fcs ile\">Otob\u00fcs ile<\/a><\/li><\/ul><\/li><li class='ez-toc-page-1 ez-toc-heading-level-2'><a class=\"ez-toc-link ez-toc-heading-8\" href=\"https:\/\/www.enucuzu.com\/blog\/van-ferit-melen-havalimani-ulasim-rehberi\/#Sonuc\" title=\"Sonu\u00e7\">Sonu\u00e7<\/a><\/li><\/ul><\/nav><\/div>\n<h2><span class=\"ez-toc-section\" id=\"Vandaki_Havalimanlari\"><\/span>Van&#8217;daki Havalimanlar\u0131<span class=\"ez-toc-section-end\"><\/span><\/h2>\n<p>Van&#8217;daki hava yolu ula\u015f\u0131m\u0131 <strong>Van Ferit Melen Havaliman\u0131 (VAN)<\/strong> \u00fczerinden sa\u011flanmaktad\u0131r.<\/p>\n<p><img fetchpriority=\"high\" decoding=\"async\" class=\"size-full wp-image-9379 aligncenter\" src=\"https:\/\/www.enucuzu.com\/blog\/wp-content\/uploads\/2025\/03\/van-havalimanlari.webp\" alt=\"Van'daki Havalimanlar\u0131\" width=\"1200\" height=\"675\" srcset=\"https:\/\/www.enucuzu.com\/blog\/wp-content\/uploads\/2025\/03\/van-havalimanlari.webp 1200w, https:\/\/www.enucuzu.com\/blog\/wp-content\/uploads\/2025\/03\/van-havalimanlari-768x432.webp 768w, https:\/\/www.enucuzu.com\/blog\/wp-content\/uploads\/2025\/03\/van-havalimanlari-150x84.webp 150w, https:\/\/www.enucuzu.com\/blog\/wp-content\/uploads\/2025\/03\/van-havalimanlari-450x253.webp 450w\" sizes=\"(max-width: 1200px) 100vw, 1200px\" \/><\/p>\n<p>Van Ferit Melen Havaliman\u0131, Van \u015fehir merkezine <strong>5,0 km<\/strong> uzakl\u0131kta olup bu iki nokta aras\u0131ndaki ula\u015f\u0131m trafik yo\u011funlu\u011funa ba\u011fl\u0131 olarak ortalama <strong>10 dakika<\/strong> kadar s\u00fcrmektedir.<\/p>\n<p>Van Ferit Melen Havaliman\u0131&#8217;ndan kalkan ve Van Ferit Melen Havaliman\u0131&#8217;na inen u\u00e7u\u015flar\u0131n \u00f6nemli bir b\u00f6l\u00fcm\u00fc \u0130stanbul, Ankara, \u0130zmir ve Adana olmak \u00fczere yurt i\u00e7i hatlard\u0131r. Siz de tek t\u0131kla <strong><a href=\"https:\/\/www.enucuzu.com\/ucak-bileti\/van\" target=\"_blank\" rel=\"noopener\">Van Ferit Melen Havaliman\u0131 U\u00e7ak Bileti<\/a><\/strong> almak i\u00e7in Enucuzu.com&#8217;u kullanabilirsiniz.<\/p>\n<p><img decoding=\"async\" class=\"size-full wp-image-9382 aligncenter\" src=\"https:\/\/www.enucuzu.com\/blog\/wp-content\/uploads\/2025\/03\/van-havalimani-ulasim-rehberi-1.webp\" alt=\"Van \u015eehir Merkezinden Van Havaliman\u0131'na Ula\u015f\u0131m\" width=\"1200\" height=\"675\" srcset=\"https:\/\/www.enucuzu.com\/blog\/wp-content\/uploads\/2025\/03\/van-havalimani-ulasim-rehberi-1.webp 1200w, https:\/\/www.enucuzu.com\/blog\/wp-content\/uploads\/2025\/03\/van-havalimani-ulasim-rehberi-1-768x432.webp 768w, https:\/\/www.enucuzu.com\/blog\/wp-content\/uploads\/2025\/03\/van-havalimani-ulasim-rehberi-1-150x84.webp 150w, https:\/\/www.enucuzu.com\/blog\/wp-content\/uploads\/2025\/03\/van-havalimani-ulasim-rehberi-1-450x253.webp 450w\" sizes=\"(max-width: 1200px) 100vw, 1200px\" \/><\/p>\n<h2><span class=\"ez-toc-section\" id=\"Van_Sehir_Merkezinden_Van_Havalimanina_Ulasim\"><\/span>Van \u015eehir Merkezinden Van Havaliman\u0131&#8217;na Ula\u015f\u0131m<span class=\"ez-toc-section-end\"><\/span><\/h2>\n<p>Van \u015fehir merkezinden Van Ferit Melen Havaliman\u0131&#8217;na ula\u015f\u0131m araba, \u015fehir i\u00e7i otob\u00fcs, taksi ve ara\u00e7 kiralama y\u00f6ntemleri ile sa\u011flanabilmektedir.<\/p>\n<h3><span class=\"ez-toc-section\" id=\"Araba_ile\"><\/span><strong>Araba ile<\/strong><span class=\"ez-toc-section-end\"><\/span><\/h3>\n<ul>\n<li><strong>S\u00fcre:<\/strong> 10 dakika<\/li>\n<li><strong>Tahmini \u00dccret:<\/strong> &#8211;<\/li>\n<li><strong>\u00d6deme Y\u00f6ntemi:<\/strong> &#8211;<\/li>\n<\/ul>\n<p>Van Ferit Melen Havaliman\u0131, Van \u015fehir merkezine ortalama <strong>5 km<\/strong> uzakl\u0131ktad\u0131r. Araba ile (trafik durumuna ba\u011fl\u0131 olarak) yakla\u015f\u0131k <strong>10 dakika<\/strong> i\u00e7inde Van Ferit Melen Havaliman\u0131&#8217;na ula\u015fabilirsiniz.<\/p>\n<p>Tahmini s\u00fcre mevcut trafik s\u0131k\u0131\u015f\u0131kl\u0131\u011f\u0131na ve yol \u00e7al\u0131\u015fmalar\u0131na ba\u011fl\u0131 oldu\u011fu i\u00e7in l\u00fctfen seyahatiniz \u00f6ncesinde g\u00fcncel trafik durumunu ve yol \u00e7al\u0131\u015fmalar\u0131n\u0131 kontrol edin.<\/p>\n<p>Van&#8217;da kiral\u0131k araca m\u0131 ihtiyac\u0131n\u0131z var? Siz de Enucuzu.com&#8217;un yeni Ara\u00e7 Kiralama mod\u00fcl\u00fc ile onlarca farkl\u0131 markadan tek t\u0131kla teklif al\u0131n, ihtiya\u00e7lar\u0131n\u0131z i\u00e7in en uygun se\u00e7ene\u011fi kolayca bularak ucuza, taksitli ve indirimli seyahatin tad\u0131n\u0131 \u00e7\u0131kar\u0131n. \u015eimdi en ucuz fiyatlarla <a href=\"https:\/\/www.enucuzu.com\/arac-kiralama\" target=\"_blank\" rel=\"noopener\">Van Ara\u00e7 Kiralama<\/a> se\u00e7eneklerine g\u00f6z at\u0131n!<\/p>\n<h3><span class=\"ez-toc-section\" id=\"Otobus_ile\"><\/span>Otob\u00fcs ile<span class=\"ez-toc-section-end\"><\/span><\/h3>\n<ul>\n<li><strong>S\u00fcre:<\/strong> 20 dakika<\/li>\n<li><strong>Tahmini \u00dccret:<\/strong> 15,00 &#8211; 20,00 TL<\/li>\n<li><strong>\u00d6deme Y\u00f6ntemi:<\/strong> Belvan Kart, Banka \/ Kredi Kart\u0131<\/li>\n<\/ul>\n<p>Van \u015fehir merkezinden Van Ferit Melen Havaliman\u0131\u2019na d\u00fczenli sefer yapmakta olan bir otob\u00fcs hatt\u0131 bulunmaktad\u0131r.<\/p>\n<p>351 numaral\u0131 hatt\u0131n durak bilgileri \u015fu \u015fekildedir: Havaliman\u0131 &#8211; DS\u0130 17. B\u00f6lge M\u00fcd\u00fcrl\u00fc\u011f\u00fc &#8211; \u0130pekyolu Cad. &#8211; \u00c7atak Dura\u011f\u0131 &#8211; Eski Emniyet Kav\u015fa\u011f\u0131 &#8211; Ezberciler \u0130\u015f Merkezi &#8211; K\u00fclt\u00fcr Saray\u0131 &#8211; Zaferler \u0130O\u00d6 &#8211; Depolama Alan\u0131 &#8211; K\u00fclt\u00fcr Saray\u0131 &#8211; Ezberciler \u0130\u015f Merkezi &#8211; Mara\u015f Caddesi &#8211; Eski Emniyet Kav\u015fa\u011f\u0131 &#8211; \u0130pekyolu Cad. &#8211; \u00c7atak Dura\u011f\u0131 &#8211; DS\u0130 17. B\u00f6lge M\u00fcd\u00fcrl\u00fc\u011f\u00fc Havaliman\u0131<\/p>\n<p><em>* Yukar\u0131da belirtilen kalk\u0131\u015f duraklar\u0131 ve \u00fccretlendirmesi Van B\u00fcy\u00fck\u015fehir Belediyesi&#8217;nin operasyonel s\u00fcre\u00e7leri kapsam\u0131nda d\u00f6nemsel olarak de\u011fi\u015fiklik g\u00f6sterebilir. L\u00fctfen olas\u0131 aksakl\u0131klardan ka\u00e7\u0131nmak i\u00e7in Van B\u00fcy\u00fck\u015fehir Belediyesi&#8217;nden bilgi edinin.<\/em><\/p>\n<p>Yukar\u0131daki se\u00e7eneklere ek olarak ara\u00e7 kiralama ve transfer gibi alternatif ula\u015f\u0131m y\u00f6ntemlerini de kullanabilirsiniz. Van Ferit Melen Havaliman\u0131&#8217;nda birden fazla ara\u00e7 kiralama markas\u0131 hizmet vermektedir.<\/p>\n<p><img decoding=\"async\" class=\"size-full wp-image-9383 aligncenter\" src=\"https:\/\/www.enucuzu.com\/blog\/wp-content\/uploads\/2025\/03\/van-havalimani-ulasim-rehberi-2.webp\" alt=\"Van Havaliman\u0131'ndan Van \u015eehir Merkezine Ula\u015f\u0131m\" width=\"1200\" height=\"675\" srcset=\"https:\/\/www.enucuzu.com\/blog\/wp-content\/uploads\/2025\/03\/van-havalimani-ulasim-rehberi-2.webp 1200w, https:\/\/www.enucuzu.com\/blog\/wp-content\/uploads\/2025\/03\/van-havalimani-ulasim-rehberi-2-768x432.webp 768w, https:\/\/www.enucuzu.com\/blog\/wp-content\/uploads\/2025\/03\/van-havalimani-ulasim-rehberi-2-150x84.webp 150w, https:\/\/www.enucuzu.com\/blog\/wp-content\/uploads\/2025\/03\/van-havalimani-ulasim-rehberi-2-450x253.webp 450w\" sizes=\"(max-width: 1200px) 100vw, 1200px\" \/><\/p>\n<h2><span class=\"ez-toc-section\" id=\"Van_Havalimanindan_Van_Sehir_Merkezine_Ulasim\"><\/span>Van Havaliman\u0131&#8217;ndan Van \u015eehir Merkezine Ula\u015f\u0131m<span class=\"ez-toc-section-end\"><\/span><\/h2>\n<p>Van Ferit Melen Havaliman\u0131&#8217;ndan Van \u015fehir merkezine ula\u015f\u0131m araba, \u015fehir i\u00e7i otob\u00fcs, taksi ve ara\u00e7 kiralama y\u00f6ntemleri ile sa\u011flanabilmektedir.<\/p>\n<h3><span class=\"ez-toc-section\" id=\"Araba_ile-2\"><\/span><strong>Araba ile<\/strong><span class=\"ez-toc-section-end\"><\/span><\/h3>\n<ul>\n<li><strong>S\u00fcre:<\/strong> 10 dakika<\/li>\n<li><strong>Tahmini \u00dccret:<\/strong> &#8211;<\/li>\n<li><strong>\u00d6deme Y\u00f6ntemi:<\/strong> &#8211;<\/li>\n<\/ul>\n<p>Van Ferit Melen Havaliman\u0131, Van \u015fehir merkezine ortalama <strong>5 km<\/strong> uzakl\u0131ktad\u0131r. Araba ile (trafik durumuna ba\u011fl\u0131 olarak) yakla\u015f\u0131k <strong>10 dakika<\/strong> i\u00e7inde Van \u015fehir merkezine ula\u015fabilirsiniz.<\/p>\n<p>Tahmini s\u00fcre mevcut trafik s\u0131k\u0131\u015f\u0131kl\u0131\u011f\u0131na ve yol \u00e7al\u0131\u015fmalar\u0131na ba\u011fl\u0131 oldu\u011fu i\u00e7in l\u00fctfen seyahatiniz \u00f6ncesinde g\u00fcncel trafik durumunu ve yol \u00e7al\u0131\u015fmalar\u0131n\u0131 kontrol edin.<\/p>\n<p>Van&#8217;da kiral\u0131k araca m\u0131 ihtiyac\u0131n\u0131z var? Siz de Enucuzu.com&#8217;un yeni Ara\u00e7 Kiralama mod\u00fcl\u00fc ile onlarca farkl\u0131 markadan tek t\u0131kla teklif al\u0131n, ihtiya\u00e7lar\u0131n\u0131z i\u00e7in en uygun se\u00e7ene\u011fi kolayca bularak ucuza, taksitli ve indirimli seyahatin tad\u0131n\u0131 \u00e7\u0131kar\u0131n. \u015eimdi en ucuz fiyatlarla <a href=\"https:\/\/www.enucuzu.com\/arac-kiralama\" target=\"_blank\" rel=\"noopener\">Van Ara\u00e7 Kiralama<\/a> se\u00e7eneklerine g\u00f6z at\u0131n!<\/p>\n<h3><span class=\"ez-toc-section\" id=\"Otobus_ile-2\"><\/span>Otob\u00fcs ile<span class=\"ez-toc-section-end\"><\/span><\/h3>\n<ul>\n<li><strong>S\u00fcre:<\/strong> 20 dakika<\/li>\n<li><strong>Tahmini \u00dccret:<\/strong> 15,00 &#8211; 20,00 TL<\/li>\n<li><strong>\u00d6deme Y\u00f6ntemi:<\/strong> Belvan Kart, Banka \/ Kredi Kart\u0131<\/li>\n<\/ul>\n<p>Van Ferit Melen Havaliman\u0131\u2019ndan Van \u015fehir merkezine d\u00fczenli sefer yapmakta olan bir otob\u00fcs hatt\u0131 bulunmaktad\u0131r.<\/p>\n<p>351 numaral\u0131 hatt\u0131n durak bilgileri \u015fu \u015fekildedir: Havaliman\u0131 &#8211; DS\u0130 17. B\u00f6lge M\u00fcd\u00fcrl\u00fc\u011f\u00fc &#8211; \u0130pekyolu Cad. &#8211; \u00c7atak Dura\u011f\u0131 &#8211; Eski Emniyet Kav\u015fa\u011f\u0131 &#8211; Ezberciler \u0130\u015f Merkezi &#8211; K\u00fclt\u00fcr Saray\u0131 &#8211; Zaferler \u0130O\u00d6 &#8211; Depolama Alan\u0131 &#8211; K\u00fclt\u00fcr Saray\u0131 &#8211; Ezberciler \u0130\u015f Merkezi &#8211; Mara\u015f Caddesi &#8211; Eski Emniyet Kav\u015fa\u011f\u0131 &#8211; \u0130pekyolu Cad. &#8211; \u00c7atak Dura\u011f\u0131 &#8211; DS\u0130 17. B\u00f6lge M\u00fcd\u00fcrl\u00fc\u011f\u00fc Havaliman\u0131<\/p>\n<p><em>* Yukar\u0131da belirtilen kalk\u0131\u015f duraklar\u0131 ve \u00fccretlendirmesi Van B\u00fcy\u00fck\u015fehir Belediyesi&#8217;nin operasyonel s\u00fcre\u00e7leri kapsam\u0131nda d\u00f6nemsel olarak de\u011fi\u015fiklik g\u00f6sterebilir. L\u00fctfen olas\u0131 aksakl\u0131klardan ka\u00e7\u0131nmak i\u00e7in Van B\u00fcy\u00fck\u015fehir Belediyesi&#8217;nden bilgi edinin.<\/em><\/p>\n<p>Yukar\u0131daki se\u00e7eneklere ek olarak ara\u00e7 kiralama ve transfer gibi alternatif ula\u015f\u0131m y\u00f6ntemlerini de kullanabilirsiniz. Van \u015fehir merkezinde birden fazla ara\u00e7 kiralama markas\u0131 hizmet vermektedir.<\/p>\n<h2><span class=\"ez-toc-section\" id=\"Sonuc\"><\/span>Sonu\u00e7<span class=\"ez-toc-section-end\"><\/span><\/h2>\n<p>Bu i\u00e7eri\u011fimizde <strong>Van Ferit Melen Havaliman\u0131 Ula\u015f\u0131m Rehberi<\/strong> ile kar\u015f\u0131n\u0131zdayd\u0131k.<\/p>\n<p><img loading=\"lazy\" decoding=\"async\" class=\"size-full wp-image-7955 aligncenter\" src=\"https:\/\/www.enucuzu.com\/blog\/wp-content\/uploads\/2024\/07\/en-ucuz-ucak-bileti-satan-platform.webp\" alt=\"Bonus - En Ucuz U\u00e7ak Bileti Satan Platform: Enucuzu.com\" width=\"1200\" height=\"575\" srcset=\"https:\/\/www.enucuzu.com\/blog\/wp-content\/uploads\/2024\/07\/en-ucuz-ucak-bileti-satan-platform.webp 1200w, https:\/\/www.enucuzu.com\/blog\/wp-content\/uploads\/2024\/07\/en-ucuz-ucak-bileti-satan-platform-768x368.webp 768w, https:\/\/www.enucuzu.com\/blog\/wp-content\/uploads\/2024\/07\/en-ucuz-ucak-bileti-satan-platform-150x72.webp 150w, https:\/\/www.enucuzu.com\/blog\/wp-content\/uploads\/2024\/07\/en-ucuz-ucak-bileti-satan-platform-450x216.webp 450w\" sizes=\"(max-width: 1200px) 100vw, 1200px\" \/><\/p>\n<p>Enucuzu, ba\u015fta u\u00e7ak bileti, otob\u00fcs bileti ve otel rezervasyonu olmak \u00fczere t\u00fcm seyahat ihtiya\u00e7lar\u0131n\u0131z\u0131 tek bir platform \u00fczerinden kar\u015f\u0131laman\u0131za ve onlarca farkl\u0131 se\u00e7enek aras\u0131ndan en uygun opsiyonu bularak ucuza, taksitli ve indirimli seyahat etmenize yard\u0131mc\u0131 olur.<\/p>\n<p>Enucuzu.com, <strong><a href=\"https:\/\/www.enucuzu.com\/ucak-bileti\/van\" target=\"_blank\" rel=\"noopener\">Van U\u00e7ak Bileti<\/a><\/strong> arad\u0131\u011f\u0131n\u0131zda Van Ferit Melen Havaliman\u0131&#8217;na u\u00e7u\u015f ger\u00e7ekle\u015ftiren t\u00fcm havayolu \u015firketlerinin u\u00e7u\u015flar\u0131n\u0131 derler ve <strong>mevcut t\u00fcm se\u00e7enekleri tek bir ekranda ucuzdan pahal\u0131ya do\u011fru<\/strong> s\u0131ralar. B\u00f6ylece farkl\u0131 havayolu \u015firketlerinin fiyatlar\u0131n\u0131 tek tek kar\u015f\u0131la\u015ft\u0131rmak zorunda kalmaz; ucuza, taksitli ve indirimli seyahatin tad\u0131n\u0131 \u00e7\u0131kar\u0131rs\u0131n\u0131z.<\/p>\n","protected":false},"excerpt":{"rendered":"<p>Van, T\u00fcrkiye\u2019nin en b\u00fcy\u00fck g\u00f6l\u00fcne sahip olmas\u0131n\u0131n yan\u0131 s\u0131ra tarihi mekanlar\u0131, kahvalt\u0131s\u0131 ve elbette kedisi ile olduk\u00e7a pop\u00fcler bir \u015fehrimizdir. Bir sonraki Van seyahatinizde havaliman\u0131ndan \u015fehir merkezine ve \u015fehir merkezinden havaliman\u0131na nas\u0131l gidebilece\u011finizi Van Ferit Melen Havaliman\u0131 Ula\u015f\u0131m Rehberi ile \u00f6\u011frenebilirsiniz. Enucuzu, ba\u015fta u\u00e7ak bileti, otob\u00fcs bileti ve otel rezervasyonu olmak \u00fczere t\u00fcm seyahat ihtiya\u00e7lar\u0131n\u0131z\u0131<\/p>\n","protected":false},"author":1,"featured_media":9381,"comment_status":"open","ping_status":"open","sticky":false,"template":"","format":"standard","meta":{"footnotes":""},"categories":[1],"tags":[908,240,195,905,907,906],"yoast_head":"<!-- This site is optimized with the Yoast SEO plugin v24.5 - https:\/\/yoast.com\/wordpress\/plugins\/seo\/ -->\n<title>Van Ferit Melen Havaliman\u0131 Ula\u015f\u0131m Rehberi - Enucuzu Blog<\/title>\n<meta name=\"robots\" content=\"index, follow, max-snippet:-1, max-image-preview:large, max-video-preview:-1\" \/>\n<link rel=\"canonical\" href=\"https:\/\/www.enucuzu.com\/blog\/van-ferit-melen-havalimani-ulasim-rehberi\" \/>\n<meta property=\"og:locale\" content=\"tr_TR\" \/>\n<meta property=\"og:type\" content=\"article\" \/>\n<meta property=\"og:title\" content=\"Van Ferit Melen Havaliman\u0131 Ula\u015f\u0131m Rehberi - Enucuzu Blog\" \/>\n<meta property=\"og:description\" content=\"Van, T\u00fcrkiye\u2019nin en b\u00fcy\u00fck g\u00f6l\u00fcne sahip olmas\u0131n\u0131n yan\u0131 s\u0131ra tarihi mekanlar\u0131, kahvalt\u0131s\u0131 ve elbette kedisi ile olduk\u00e7a pop\u00fcler bir \u015fehrimizdir. Bir sonraki Van seyahatinizde havaliman\u0131ndan \u015fehir merkezine ve \u015fehir merkezinden havaliman\u0131na nas\u0131l gidebilece\u011finizi Van Ferit Melen Havaliman\u0131 Ula\u015f\u0131m Rehberi ile \u00f6\u011frenebilirsiniz. Enucuzu, ba\u015fta u\u00e7ak bileti, otob\u00fcs bileti ve otel rezervasyonu olmak \u00fczere t\u00fcm seyahat ihtiya\u00e7lar\u0131n\u0131z\u0131\" \/>\n<meta property=\"og:url\" content=\"https:\/\/www.enucuzu.com\/blog\/van-ferit-melen-havalimani-ulasim-rehberi\" \/>\n<meta property=\"og:site_name\" content=\"Enucuzu Blog\" \/>\n<meta property=\"article:publisher\" content=\"https:\/\/www.facebook.com\/eenucuzucom\" \/>\n<meta property=\"article:published_time\" content=\"2025-03-26T10:45:17+00:00\" \/>\n<meta property=\"article:modified_time\" content=\"2025-03-26T10:46:19+00:00\" \/>\n<meta property=\"og:image\" content=\"https:\/\/www.enucuzu.com\/blog\/wp-content\/uploads\/2025\/03\/van-havalimani-ulasim-rehberi.webp\" \/>\n\t<meta property=\"og:image:width\" content=\"1200\" \/>\n\t<meta property=\"og:image:height\" content=\"675\" \/>\n\t<meta property=\"og:image:type\" content=\"image\/webp\" \/>\n<meta name=\"author\" content=\"Enucuzu.com\" \/>\n<meta name=\"twitter:card\" content=\"summary_large_image\" \/>\n<meta name=\"twitter:creator\" content=\"@ComEnucuzu\" \/>\n<meta name=\"twitter:site\" content=\"@ComEnucuzu\" \/>\n<meta name=\"twitter:label1\" content=\"Yazan:\" \/>\n\t<meta name=\"twitter:data1\" content=\"Enucuzu.com\" \/>\n\t<meta name=\"twitter:label2\" content=\"Tahmini okuma s\u00fcresi\" \/>\n\t<meta name=\"twitter:data2\" content=\"6 dakika\" \/>\n<script type=\"application\/ld+json\" class=\"yoast-schema-graph\">{\"@context\":\"https:\/\/schema.org\",\"@graph\":[{\"@type\":\"Article\",\"@id\":\"https:\/\/www.enucuzu.com\/blog\/van-ferit-melen-havalimani-ulasim-rehberi#article\",\"isPartOf\":{\"@id\":\"https:\/\/www.enucuzu.com\/blog\/van-ferit-melen-havalimani-ulasim-rehberi\"},\"author\":{\"name\":\"Enucuzu.com\",\"@id\":\"https:\/\/www.enucuzu.com\/blog\/#\/schema\/person\/c8da9ab007d48619220989a1b3fc4c5d\"},\"headline\":\"Van Ferit Melen Havaliman\u0131 Ula\u015f\u0131m Rehberi\",\"datePublished\":\"2025-03-26T10:45:17+00:00\",\"dateModified\":\"2025-03-26T10:46:19+00:00\",\"mainEntityOfPage\":{\"@id\":\"https:\/\/www.enucuzu.com\/blog\/van-ferit-melen-havalimani-ulasim-rehberi\"},\"wordCount\":1052,\"commentCount\":0,\"publisher\":{\"@id\":\"https:\/\/www.enucuzu.com\/blog\/#organization\"},\"image\":{\"@id\":\"https:\/\/www.enucuzu.com\/blog\/van-ferit-melen-havalimani-ulasim-rehberi#primaryimage\"},\"thumbnailUrl\":\"https:\/\/www.enucuzu.com\/blog\/wp-content\/uploads\/2025\/03\/van-havalimani-ulasim-rehberi.webp\",\"keywords\":[\"Ferit Melen\",\"Havaliman\u0131\",\"Ula\u015f\u0131m\",\"Van\",\"Van Ferit Melen Havaliman\u0131\",\"Van Havaliman\u0131\"],\"articleSection\":[\"Rehber\"],\"inLanguage\":\"tr\",\"potentialAction\":[{\"@type\":\"CommentAction\",\"name\":\"Comment\",\"target\":[\"https:\/\/www.enucuzu.com\/blog\/van-ferit-melen-havalimani-ulasim-rehberi#respond\"]}]},{\"@type\":\"WebPage\",\"@id\":\"https:\/\/www.enucuzu.com\/blog\/van-ferit-melen-havalimani-ulasim-rehberi\",\"url\":\"https:\/\/www.enucuzu.com\/blog\/van-ferit-melen-havalimani-ulasim-rehberi\",\"name\":\"Van Ferit Melen Havaliman\u0131 Ula\u015f\u0131m Rehberi - Enucuzu Blog\",\"isPartOf\":{\"@id\":\"https:\/\/www.enucuzu.com\/blog\/#website\"},\"primaryImageOfPage\":{\"@id\":\"https:\/\/www.enucuzu.com\/blog\/van-ferit-melen-havalimani-ulasim-rehberi#primaryimage\"},\"image\":{\"@id\":\"https:\/\/www.enucuzu.com\/blog\/van-ferit-melen-havalimani-ulasim-rehberi#primaryimage\"},\"thumbnailUrl\":\"https:\/\/www.enucuzu.com\/blog\/wp-content\/uploads\/2025\/03\/van-havalimani-ulasim-rehberi.webp\",\"datePublished\":\"2025-03-26T10:45:17+00:00\",\"dateModified\":\"2025-03-26T10:46:19+00:00\",\"breadcrumb\":{\"@id\":\"https:\/\/www.enucuzu.com\/blog\/van-ferit-melen-havalimani-ulasim-rehberi#breadcrumb\"},\"inLanguage\":\"tr\",\"potentialAction\":[{\"@type\":\"ReadAction\",\"target\":[\"https:\/\/www.enucuzu.com\/blog\/van-ferit-melen-havalimani-ulasim-rehberi\"]}]},{\"@type\":\"ImageObject\",\"inLanguage\":\"tr\",\"@id\":\"https:\/\/www.enucuzu.com\/blog\/van-ferit-melen-havalimani-ulasim-rehberi#primaryimage\",\"url\":\"https:\/\/www.enucuzu.com\/blog\/wp-content\/uploads\/2025\/03\/van-havalimani-ulasim-rehberi.webp\",\"contentUrl\":\"https:\/\/www.enucuzu.com\/blog\/wp-content\/uploads\/2025\/03\/van-havalimani-ulasim-rehberi.webp\",\"width\":1200,\"height\":675,\"caption\":\"Van Ferit Melen Havaliman\u0131 Ula\u015f\u0131m Rehberi\"},{\"@type\":\"BreadcrumbList\",\"@id\":\"https:\/\/www.enucuzu.com\/blog\/van-ferit-melen-havalimani-ulasim-rehberi#breadcrumb\",\"itemListElement\":[{\"@type\":\"ListItem\",\"position\":1,\"name\":\"Ana Sayfa\",\"item\":\"https:\/\/www.enucuzu.com\/blog\/\"},{\"@type\":\"ListItem\",\"position\":2,\"name\":\"Van Ferit Melen Havaliman\u0131 Ula\u015f\u0131m Rehberi\"}]},{\"@type\":\"WebSite\",\"@id\":\"https:\/\/www.enucuzu.com\/blog\/#website\",\"url\":\"https:\/\/www.enucuzu.com\/blog\/\",\"name\":\"Enucuzu Blog\",\"description\":\"\",\"publisher\":{\"@id\":\"https:\/\/www.enucuzu.com\/blog\/#organization\"},\"alternateName\":\"Enucuzu Blog\",\"potentialAction\":[{\"@type\":\"SearchAction\",\"target\":{\"@type\":\"EntryPoint\",\"urlTemplate\":\"https:\/\/www.enucuzu.com\/blog\/?s={search_term_string}\"},\"query-input\":{\"@type\":\"PropertyValueSpecification\",\"valueRequired\":true,\"valueName\":\"search_term_string\"}}],\"inLanguage\":\"tr\"},{\"@type\":\"Organization\",\"@id\":\"https:\/\/www.enucuzu.com\/blog\/#organization\",\"name\":\"Enucuzu.com\",\"alternateName\":\"Enucuzu\",\"url\":\"https:\/\/www.enucuzu.com\/blog\/\",\"logo\":{\"@type\":\"ImageObject\",\"inLanguage\":\"tr\",\"@id\":\"https:\/\/www.enucuzu.com\/blog\/#\/schema\/logo\/image\/\",\"url\":\"https:\/\/www.enucuzu.com\/blog\/wp-content\/uploads\/2023\/10\/enucuzu-com.webp\",\"contentUrl\":\"https:\/\/www.enucuzu.com\/blog\/wp-content\/uploads\/2023\/10\/enucuzu-com.webp\",\"width\":500,\"height\":500,\"caption\":\"Enucuzu.com\"},\"image\":{\"@id\":\"https:\/\/www.enucuzu.com\/blog\/#\/schema\/logo\/image\/\"},\"sameAs\":[\"https:\/\/www.facebook.com\/eenucuzucom\",\"https:\/\/x.com\/ComEnucuzu\",\"https:\/\/www.instagram.com\/enucuzu_com\/\"]},{\"@type\":\"Person\",\"@id\":\"https:\/\/www.enucuzu.com\/blog\/#\/schema\/person\/c8da9ab007d48619220989a1b3fc4c5d\",\"name\":\"Enucuzu.com\",\"image\":{\"@type\":\"ImageObject\",\"inLanguage\":\"tr\",\"@id\":\"https:\/\/www.enucuzu.com\/blog\/#\/schema\/person\/image\/\",\"url\":\"https:\/\/www.enucuzu.com\/blog\/wp-content\/uploads\/2023\/10\/enucuzu-com-profil-96x96.webp\",\"contentUrl\":\"https:\/\/www.enucuzu.com\/blog\/wp-content\/uploads\/2023\/10\/enucuzu-com-profil-96x96.webp\",\"caption\":\"Enucuzu.com\"},\"description\":\"Enucuzu.com ile en ucuz u\u00e7ak ve otob\u00fcs bileti kampanyalar\u0131n\u0131 takip edin, bir sonraki seyahatinizi \u015fimdiden planmaya ba\u015flay\u0131n!\",\"sameAs\":[\"http:\/\/www.enucuzu.com\/blog\"],\"url\":\"https:\/\/www.enucuzu.com\/blog\/yazar\/enucuzu-com\"}]}<\/script>\n<!-- \/ Yoast SEO plugin. -->","yoast_head_json":{"title":"Van Ferit Melen Havaliman\u0131 Ula\u015f\u0131m Rehberi - Enucuzu Blog","robots":{"index":"index","follow":"follow","max-snippet":"max-snippet:-1","max-image-preview":"max-image-preview:large","max-video-preview":"max-video-preview:-1"},"canonical":"https:\/\/www.enucuzu.com\/blog\/van-ferit-melen-havalimani-ulasim-rehberi","og_locale":"tr_TR","og_type":"article","og_title":"Van Ferit Melen Havaliman\u0131 Ula\u015f\u0131m Rehberi - Enucuzu Blog","og_description":"Van, T\u00fcrkiye\u2019nin en b\u00fcy\u00fck g\u00f6l\u00fcne sahip olmas\u0131n\u0131n yan\u0131 s\u0131ra tarihi mekanlar\u0131, kahvalt\u0131s\u0131 ve elbette kedisi ile olduk\u00e7a pop\u00fcler bir \u015fehrimizdir. Bir sonraki Van seyahatinizde havaliman\u0131ndan \u015fehir merkezine ve \u015fehir merkezinden havaliman\u0131na nas\u0131l gidebilece\u011finizi Van Ferit Melen Havaliman\u0131 Ula\u015f\u0131m Rehberi ile \u00f6\u011frenebilirsiniz. Enucuzu, ba\u015fta u\u00e7ak bileti, otob\u00fcs bileti ve otel rezervasyonu olmak \u00fczere t\u00fcm seyahat ihtiya\u00e7lar\u0131n\u0131z\u0131","og_url":"https:\/\/www.enucuzu.com\/blog\/van-ferit-melen-havalimani-ulasim-rehberi","og_site_name":"Enucuzu Blog","article_publisher":"https:\/\/www.facebook.com\/eenucuzucom","article_published_time":"2025-03-26T10:45:17+00:00","article_modified_time":"2025-03-26T10:46:19+00:00","og_image":[{"width":1200,"height":675,"url":"https:\/\/www.enucuzu.com\/blog\/wp-content\/uploads\/2025\/03\/van-havalimani-ulasim-rehberi.webp","type":"image\/webp"}],"author":"Enucuzu.com","twitter_card":"summary_large_image","twitter_creator":"@ComEnucuzu","twitter_site":"@ComEnucuzu","twitter_misc":{"Yazan:":"Enucuzu.com","Tahmini okuma s\u00fcresi":"6 dakika"},"schema":{"@context":"https:\/\/schema.org","@graph":[{"@type":"Article","@id":"https:\/\/www.enucuzu.com\/blog\/van-ferit-melen-havalimani-ulasim-rehberi#article","isPartOf":{"@id":"https:\/\/www.enucuzu.com\/blog\/van-ferit-melen-havalimani-ulasim-rehberi"},"author":{"name":"Enucuzu.com","@id":"https:\/\/www.enucuzu.com\/blog\/#\/schema\/person\/c8da9ab007d48619220989a1b3fc4c5d"},"headline":"Van Ferit Melen Havaliman\u0131 Ula\u015f\u0131m Rehberi","datePublished":"2025-03-26T10:45:17+00:00","dateModified":"2025-03-26T10:46:19+00:00","mainEntityOfPage":{"@id":"https:\/\/www.enucuzu.com\/blog\/van-ferit-melen-havalimani-ulasim-rehberi"},"wordCount":1052,"commentCount":0,"publisher":{"@id":"https:\/\/www.enucuzu.com\/blog\/#organization"},"image":{"@id":"https:\/\/www.enucuzu.com\/blog\/van-ferit-melen-havalimani-ulasim-rehberi#primaryimage"},"thumbnailUrl":"https:\/\/www.enucuzu.com\/blog\/wp-content\/uploads\/2025\/03\/van-havalimani-ulasim-rehberi.webp","keywords":["Ferit Melen","Havaliman\u0131","Ula\u015f\u0131m","Van","Van Ferit Melen Havaliman\u0131","Van Havaliman\u0131"],"articleSection":["Rehber"],"inLanguage":"tr","potentialAction":[{"@type":"CommentAction","name":"Comment","target":["https:\/\/www.enucuzu.com\/blog\/van-ferit-melen-havalimani-ulasim-rehberi#respond"]}]},{"@type":"WebPage","@id":"https:\/\/www.enucuzu.com\/blog\/van-ferit-melen-havalimani-ulasim-rehberi","url":"https:\/\/www.enucuzu.com\/blog\/van-ferit-melen-havalimani-ulasim-rehberi","name":"Van Ferit Melen Havaliman\u0131 Ula\u015f\u0131m Rehberi - Enucuzu Blog","isPartOf":{"@id":"https:\/\/www.enucuzu.com\/blog\/#website"},"primaryImageOfPage":{"@id":"https:\/\/www.enucuzu.com\/blog\/van-ferit-melen-havalimani-ulasim-rehberi#primaryimage"},"image":{"@id":"https:\/\/www.enucuzu.com\/blog\/van-ferit-melen-havalimani-ulasim-rehberi#primaryimage"},"thumbnailUrl":"https:\/\/www.enucuzu.com\/blog\/wp-content\/uploads\/2025\/03\/van-havalimani-ulasim-rehberi.webp","datePublished":"2025-03-26T10:45:17+00:00","dateModified":"2025-03-26T10:46:19+00:00","breadcrumb":{"@id":"https:\/\/www.enucuzu.com\/blog\/van-ferit-melen-havalimani-ulasim-rehberi#breadcrumb"},"inLanguage":"tr","potentialAction":[{"@type":"ReadAction","target":["https:\/\/www.enucuzu.com\/blog\/van-ferit-melen-havalimani-ulasim-rehberi"]}]},{"@type":"ImageObject","inLanguage":"tr","@id":"https:\/\/www.enucuzu.com\/blog\/van-ferit-melen-havalimani-ulasim-rehberi#primaryimage","url":"https:\/\/www.enucuzu.com\/blog\/wp-content\/uploads\/2025\/03\/van-havalimani-ulasim-rehberi.webp","contentUrl":"https:\/\/www.enucuzu.com\/blog\/wp-content\/uploads\/2025\/03\/van-havalimani-ulasim-rehberi.webp","width":1200,"height":675,"caption":"Van Ferit Melen Havaliman\u0131 Ula\u015f\u0131m Rehberi"},{"@type":"BreadcrumbList","@id":"https:\/\/www.enucuzu.com\/blog\/van-ferit-melen-havalimani-ulasim-rehberi#breadcrumb","itemListElement":[{"@type":"ListItem","position":1,"name":"Ana Sayfa","item":"https:\/\/www.enucuzu.com\/blog\/"},{"@type":"ListItem","position":2,"name":"Van Ferit Melen Havaliman\u0131 Ula\u015f\u0131m Rehberi"}]},{"@type":"WebSite","@id":"https:\/\/www.enucuzu.com\/blog\/#website","url":"https:\/\/www.enucuzu.com\/blog\/","name":"Enucuzu Blog","description":"","publisher":{"@id":"https:\/\/www.enucuzu.com\/blog\/#organization"},"alternateName":"Enucuzu Blog","potentialAction":[{"@type":"SearchAction","target":{"@type":"EntryPoint","urlTemplate":"https:\/\/www.enucuzu.com\/blog\/?s={search_term_string}"},"query-input":{"@type":"PropertyValueSpecification","valueRequired":true,"valueName":"search_term_string"}}],"inLanguage":"tr"},{"@type":"Organization","@id":"https:\/\/www.enucuzu.com\/blog\/#organization","name":"Enucuzu.com","alternateName":"Enucuzu","url":"https:\/\/www.enucuzu.com\/blog\/","logo":{"@type":"ImageObject","inLanguage":"tr","@id":"https:\/\/www.enucuzu.com\/blog\/#\/schema\/logo\/image\/","url":"https:\/\/www.enucuzu.com\/blog\/wp-content\/uploads\/2023\/10\/enucuzu-com.webp","contentUrl":"https:\/\/www.enucuzu.com\/blog\/wp-content\/uploads\/2023\/10\/enucuzu-com.webp","width":500,"height":500,"caption":"Enucuzu.com"},"image":{"@id":"https:\/\/www.enucuzu.com\/blog\/#\/schema\/logo\/image\/"},"sameAs":["https:\/\/www.facebook.com\/eenucuzucom","https:\/\/x.com\/ComEnucuzu","https:\/\/www.instagram.com\/enucuzu_com\/"]},{"@type":"Person","@id":"https:\/\/www.enucuzu.com\/blog\/#\/schema\/person\/c8da9ab007d48619220989a1b3fc4c5d","name":"Enucuzu.com","image":{"@type":"ImageObject","inLanguage":"tr","@id":"https:\/\/www.enucuzu.com\/blog\/#\/schema\/person\/image\/","url":"https:\/\/www.enucuzu.com\/blog\/wp-content\/uploads\/2023\/10\/enucuzu-com-profil-96x96.webp","contentUrl":"https:\/\/www.enucuzu.com\/blog\/wp-content\/uploads\/2023\/10\/enucuzu-com-profil-96x96.webp","caption":"Enucuzu.com"},"description":"Enucuzu.com ile en ucuz u\u00e7ak ve otob\u00fcs bileti kampanyalar\u0131n\u0131 takip edin, bir sonraki seyahatinizi \u015fimdiden planmaya ba\u015flay\u0131n!","sameAs":["http:\/\/www.enucuzu.com\/blog"],"url":"https:\/\/www.enucuzu.com\/blog\/yazar\/enucuzu-com"}]}},"_links":{"self":[{"href":"https:\/\/www.enucuzu.com\/blog\/wp-json\/wp\/v2\/posts\/9378"}],"collection":[{"href":"https:\/\/www.enucuzu.com\/blog\/wp-json\/wp\/v2\/posts"}],"about":[{"href":"https:\/\/www.enucuzu.com\/blog\/wp-json\/wp\/v2\/types\/post"}],"author":[{"embeddable":true,"href":"https:\/\/www.enucuzu.com\/blog\/wp-json\/wp\/v2\/users\/1"}],"replies":[{"embeddable":true,"href":"https:\/\/www.enucuzu.com\/blog\/wp-json\/wp\/v2\/comments?post=9378"}],"version-history":[{"count":3,"href":"https:\/\/www.enucuzu.com\/blog\/wp-json\/wp\/v2\/posts\/9378\/revisions"}],"predecessor-version":[{"id":9386,"href":"https:\/\/www.enucuzu.com\/blog\/wp-json\/wp\/v2\/posts\/9378\/revisions\/9386"}],"wp:featuredmedia":[{"embeddable":true,"href":"https:\/\/www.enucuzu.com\/blog\/wp-json\/wp\/v2\/media\/9381"}],"wp:attachment":[{"href":"https:\/\/www.enucuzu.com\/blog\/wp-json\/wp\/v2\/media?parent=9378"}],"wp:term":[{"taxonomy":"category","embeddable":true,"href":"https:\/\/www.enucuzu.com\/blog\/wp-json\/wp\/v2\/categories?post=9378"},{"taxonomy":"post_tag","embeddable":true,"href":"https:\/\/www.enucuzu.com\/blog\/wp-json\/wp\/v2\/tags?post=9378"}],"curies":[{"name":"wp","href":"https:\/\/api.w.org\/{rel}","templated":true}]}}